{"id":2859,"date":"2011-02-05T09:19:07","date_gmt":"2011-02-05T17:19:07","guid":{"rendered":"http:\/\/13.53.127.146\/?p=2859"},"modified":"2016-10-23T09:55:58","modified_gmt":"2016-10-23T16:55:58","slug":"oinen-rooma-seka-palatsien-ja-puutarhojen-tivoli","status":"publish","type":"post","link":"https:\/\/www.vuosiamaailmalla.fi\/blog\/2011\/oinen-rooma-seka-palatsien-ja-puutarhojen-tivoli\/","title":{"rendered":"\u00d6inen Rooma sek\u00e4 palatsien ja puutarhojen Tivoli"},"content":{"rendered":"<p style=\"text-align: left;\"><em>Jatkoa <a title=\"Valtava Pietarinkirkko sek\u00e4 antiikin Rooman n\u00e4ht\u00e4vyyksi\u00e4\" href=\"https:\/\/www.vuosiamaailmalla.fi\/?p=2843\">t\u00e4\u00e4lt\u00e4<\/a>. Matkakertomuksen muut osat l\u00f6ytyv\u00e4t <a href=\"https:\/\/www.vuosiamaailmalla.fi\/?tag=matkakertomus-rooma-bari\">t\u00e4\u00e4lt\u00e4<\/a>.<\/em><\/p>\n<p style=\"text-align: justify;\">Reissumme nelj\u00e4nnen p\u00e4iv\u00e4n iltana otimme Niinan kanssa itse\u00e4mme niskasta kiinni ja l\u00e4hdimme raskaan p\u00e4iv\u00e4n p\u00e4\u00e4tteeksi monituntiselle \u00f6isen Rooman kuvausreissulle. K\u00e4velimme hotellilta ensiksi kohti <em>Fontana di Trevi\u00e4<\/em>. Matkalla ihmettelimme kaiketi jonkinlaisena taiteena kaltereiden takana j\u00f6k\u00f6tt\u00e4vi\u00e4 punaisia miehi\u00e4. \ud83d\ude2f<\/p>\n<p><!--more--><\/p>\n<p style=\"text-align: justify;\">Hurjan n\u00e4k\u00f6isist\u00e4 patsaista tokeennuttuamme, jatkoimme Trevin aukiolle, jonka luona oli viel\u00e4 iltakahdeksalta hyvin vilkasta. Pystytimme kameramme jalustalleen ja otimme muutamat kuvat suihkul\u00e4hteest\u00e4 hieman jo h\u00e4m\u00e4rtyneess\u00e4 iltavalaistuksessa. Aurinko laski sen verran hitaasti, ettemme jaksaneet odottaa pime\u00e4\u00e4n saakka. Matkaa oli jatkettava, sill\u00e4 edess\u00e4 oli viel\u00e4 pitk\u00e4 k\u00e4vely.<\/p>\n<p style=\"text-align: center;\"><a href=\"\/blog\/wp-content\/uploads\/2010\/punaisten_miesten_armeija.jpg\"><img decoding=\"async\" style=\"border: 0px none; margin: 5px;\" src=\"\/blog\/wp-content\/uploads\/2010\/punaisten_miesten_armeija.jpg\" alt=\"\" \/><\/a><\/p>\n<p style=\"text-align: center;\"><em>Punaisten miesten armeija<\/em><\/p>\n<p style=\"text-align: center;\"><a href=\"\/blog\/wp-content\/uploads\/2010\/hamartyva_fontana_di_trevi1.jpg\"><img decoding=\"async\" style=\"border: 0px none; margin: 5px;\" src=\"\/blog\/wp-content\/uploads\/2010\/thumbs\/thumbs_hamartyva_fontana_di_trevi1.jpg\" alt=\"\" \/><\/a><a href=\"\/blog\/wp-content\/uploads\/2010\/hamartyva_fontana_di_trevi2.jpg\"><img decoding=\"async\" style=\"border: 0px none; margin: 5px;\" src=\"\/blog\/wp-content\/uploads\/2010\/thumbs\/thumbs_hamartyva_fontana_di_trevi2.jpg\" alt=\"\" \/><\/a><\/p>\n<p style=\"text-align: center;\"><em>Trevin suihkul\u00e4hde illan h\u00e4m\u00e4rtyess\u00e4<\/em><\/p>\n<p style=\"text-align: justify;\">K\u00e4velimme halki historiallisen keskustan pienten kujien aina Tiber-joen rantaan saakka, josta l\u00e4hdimme seuraamaan jokea kohti l\u00e4ntt\u00e4. Kauniisti valaistua jokirantaa oli ihanaa k\u00e4vell\u00e4 tuona l\u00e4mpim\u00e4n\u00e4 hein\u00e4kuun iltana. Hieman matkaa kuljettuamme saavuimme <em>Ponte Umberto I<\/em> sillan luokse, jolta eteemme avautui oikea postikorttimaisema. Illan sininen hetki oli jo lopuillaan, mutta se jaksoi viel\u00e4 v\u00e4rj\u00e4t\u00e4 osan taivaasta kauneilla v\u00e4reill\u00e4\u00e4n. V\u00e4rikk\u00e4\u00e4n iltataivaan alla edess\u00e4mme kohosi mahtavana valtava Pietarinkirkko. Yhdistettyn\u00e4 etualalla n\u00e4kyv\u00e4\u00e4n <em>Ponte Sant&#8217;Angelon<\/em> koristeelliseen siltaan, oli n\u00e4kym\u00e4 kuin postikortista.<\/p>\n<p style=\"text-align: justify;\">Sillalta aukeavan maiseman vetovoiman ovat huomanneet my\u00f6s kauppiaat, sill\u00e4 sillan luona p\u00e4ivysti parikin erilaisia halpoja tripodeja myyv\u00e4\u00e4 tyyppi\u00e4. Kauppa k\u00e4vi, kun paikalle selke\u00e4sti vahingossa eksyneet turistit halusivat ottaa maisemasta valokuvan, mik\u00e4 ei onnistu ilman tripodia. Meill\u00e4 oli onneksi omamme mukana, joten saimme kuvamme vaivattomasti. Kyseess\u00e4 on mielest\u00e4ni yksi parhaimmista valokuvistani t\u00e4h\u00e4n menness\u00e4.<\/p>\n<p style=\"text-align: center;\"><a href=\"\/blog\/wp-content\/uploads\/2010\/pietarinkirkon_yolla1.jpg\"><img decoding=\"async\" style=\"border: 0px none; margin: 5px;\" src=\"\/blog\/wp-content\/uploads\/2010\/thumbs\/thumbs_pietarinkirkon_yolla1.jpg\" alt=\"\" \/><\/a><a href=\"\/blog\/wp-content\/uploads\/2010\/pietarinkirkon_yolla2.jpg\"><img decoding=\"async\" style=\"border: 0px none; margin: 5px;\" src=\"\/blog\/wp-content\/uploads\/2010\/thumbs\/thumbs_pietarinkirkon_yolla2.jpg\" alt=\"\" \/><\/a><a href=\"\/blog\/wp-content\/uploads\/2010\/pietarinkirkon_kupoli_yolla.jpg\"><img decoding=\"async\" style=\"border: 0px none; margin: 5px;\" src=\"\/blog\/wp-content\/uploads\/2010\/thumbs\/thumbs_pietarinkirkon_kupoli_yolla.jpg\" alt=\"\" \/><\/a><\/p>\n<p style=\"text-align: center;\"><em>Mahtava Pietarinkirkko iltavalaistuksessaan<\/em><\/p>\n<p style=\"text-align: justify;\">Kuvat otettuamme ylitimme sillan Tiberin l\u00e4nsipuolelle, jossa jatkoimme edelleen pitkin jokirantaa kohti <a title=\"Valtava Pietarinkirkko sek\u00e4 antiikin Rooman n\u00e4ht\u00e4vyyksi\u00e4\" href=\"https:\/\/www.vuosiamaailmalla.fi\/?p=2843\">Pietarinkirkkoa<\/a>. Kello oli hieman vaille yhdeks\u00e4n, mutta pienen kadun varressa olivat edelleen pienet markkinat avoinna. My\u00f6s hieman edemp\u00e4n\u00e4, komean <em>Castel Sant&#8217;Angelon<\/em> linnoituksen luona, oli jonkinlainen tilaisuus. Linnoituksen eteen johti nimitt\u00e4in pitk\u00e4 punainen matto, jolle mustat autot toivat ihmisi\u00e4. Mattoa pitkin astelevista ihmisist\u00e4 p\u00e4\u00e4ttelimme kyseess\u00e4 olevan jonkinlaisen mallitapahtuman.<\/p>\n<p style=\"text-align: justify;\">Castel Sant&#8217;Angelo on ollut monessa k\u00e4yt\u00f6ss\u00e4 historiansa aikana. Rakennus on pystytetty vuosina 120-139 keisari Hadrianuksen mausoleumiksi. Keskiajalla jyhke\u00e4st\u00e4 rakennuksesta tehtiin linnoitus sek\u00e4 hetkellisesti paavin asuinpaikka. Vuosisatojen varrella linnoitus toimi my\u00f6s vankilana poliittisille vangeille, mutta nykyisin rakennus toimii ainoastaan museona. Rakennus on ehk\u00e4 tunnetuin kirjailija Dan Brownin vuoden 2000 bestsellerist\u00e4 <em>Angels &amp;\u00a0Demons<\/em>. Kirjassa rakennuksen uumenissa toimii myyttisen Illuminati -salaseuran viimeinen kirkko. Rakennus n\u00e4ytt\u00e4ytyykin monta kertaa tapahtumien keskipisteen\u00e4 kirjasta tehdyss\u00e4 elokuvassa. Kyseist\u00e4 elokuvaa voi kyll\u00e4 suositella Rooman maisemista kiinnostuneelle, sill\u00e4 elokuvan aikana n\u00e4hd\u00e4\u00e4n monta kuuluisaa paikkaa. Juoneltaan elokuva ja kirja ovat kuitenkin fiktiivist\u00e4 h\u00f6mpp\u00e4\u00e4. \ud83d\ude44<\/p>\n<p style=\"text-align: center;\"><a href=\"\/blog\/wp-content\/uploads\/2010\/castel_sant_angelo_yolla.jpg\"><img decoding=\"async\" style=\"border: 0px none; margin: 5px;\" src=\"\/blog\/wp-content\/uploads\/2010\/castel_sant_angelo_yolla.jpg\" alt=\"\" \/><\/a><\/p>\n<p style=\"text-align: center;\"><em>Castel Sant&#8217;Angelo<\/em><\/p>\n<p style=\"text-align: justify;\">Castel Sant&#8217;Angelon luota l\u00e4htee <em>Via della Conciliazionen<\/em> katu, joka p\u00e4\u00e4ttyy noin 400 metrin p\u00e4\u00e4ss\u00e4 Pietarinaukiolle. Pietarinkirkon valtava kupoli n\u00e4kyykin hyvin kadun p\u00e4\u00e4st\u00e4 katsottaessa. Viel\u00e4 muutamat kuvat kirkosta sek\u00e4 Castel Sant&#8217;Angelosta otettuamme, jatkoimme yli Tiber-joen takaisin kaupungin historialliselle alueelle. Emme olleet Niinan kanssa koskaan aiemmin k\u00e4velleet alueen pieni\u00e4 katuja, joten navigaattorista v\u00e4lill\u00e4 kurkaten l\u00f6ysimme reittimme <em>Piazza Navonalle<\/em>. Aukiolla oli viel\u00e4 ilta-aikaankin eritt\u00e4in vilkasta, sill\u00e4 aukion laitojen lukuisat ravintolat tarjoilivat edelleen ruokaa ja juomaa iltaa istuvien iloksi. Kuvasimme aukion n\u00e4ht\u00e4vyydet iltavalaistuksessa, mink\u00e4 j\u00e4lkeen jatkoimme matkaamme Vittorio Emmanuelle II:n muistomerkille.<\/p>\n<p style=\"text-align: center;\"><a href=\"\/blog\/wp-content\/uploads\/2010\/piazza_navona_yolla2.jpg\"><img decoding=\"async\" style=\"border: 0px none; margin: 5px;\" src=\"\/blog\/wp-content\/uploads\/2010\/thumbs\/thumbs_piazza_navona_yolla2.jpg\" alt=\"\" \/><\/a><a href=\"\/blog\/wp-content\/uploads\/2010\/piazza_navona_yolla1.jpg\"><img decoding=\"async\" style=\"border: 0px none; margin: 5px;\" src=\"\/blog\/wp-content\/uploads\/2010\/thumbs\/thumbs_piazza_navona_yolla1.jpg\" alt=\"\" \/><\/a><\/p>\n<p style=\"text-align: center;\"><em>Piazza Navona illalla<\/em><\/p>\n<p style=\"text-align: center;\"><a href=\"\/blog\/wp-content\/uploads\/2010\/vittorio_emanuelle_ii_monumentti_yolla1.jpg\"><img decoding=\"async\" style=\"border: 0px none; margin: 5px;\" src=\"\/blog\/wp-content\/uploads\/2010\/thumbs\/thumbs_vittorio_emanuelle_ii_monumentti_yolla1.jpg\" alt=\"\" \/><\/a><a href=\"\/blog\/wp-content\/uploads\/2010\/vittorio_emanuelle_ii_monumentti_yolla2.jpg\"><img decoding=\"async\" style=\"border: 0px none; margin: 5px;\" src=\"\/blog\/wp-content\/uploads\/2010\/thumbs\/thumbs_vittorio_emanuelle_ii_monumentti_yolla2.jpg\" alt=\"\" \/><\/a><\/p>\n<p style=\"text-align: center;\"><em>Vittorio Emmanuellen muistomerkki valaistuna<\/em><\/p>\n<p style=\"text-align: justify;\">Kuten arvata saattaa, on t\u00e4m\u00e4 valtaisa muistomerkki eritt\u00e4in n\u00e4ytt\u00e4v\u00e4 iltavalaistuksessaan. Muistomerkist\u00e4 sai hyv\u00e4t y\u00f6kuvat aivan sen edess\u00e4 sijaitsevalta pienelt\u00e4 ruohikolta, jolla olikin lukuisia ihmisi\u00e4 kameroidensa kanssa. Kuvat otettuamme jatkoimme viel\u00e4 k\u00e4vellen pitk\u00e4ksi ven\u00e4ht\u00e4neen iltalenkkimme viimeiselle kohteelle, <em>Colosseumille<\/em>. Kello oli puoli yksitoista maanantai-iltana, mutta Colosseuminkin luona parveili ihmisi\u00e4. Itse rauniot eiv\u00e4t tietenk\u00e4\u00e4n olleet en\u00e4\u00e4 auki, mutta ihmiset olivat saapuneet katsomaan ja kuvaamaan kuuluisaa rakennusta iltavalaistuksessa. Pakko onkin my\u00f6nt\u00e4\u00e4, ett\u00e4 Colosseum on kauneimmillaan juuri illalla. P\u00e4iv\u00e4ll\u00e4 t\u00e4m\u00e4 harmaa raunio j\u00e4tt\u00e4\u00e4 hieman kylm\u00e4ksi, mutta illalla n\u00e4ytt\u00e4v\u00e4 valaistus saa sen her\u00e4\u00e4m\u00e4\u00e4n henkiin aivan uudella tavalla. Colosseum onkin ehdottomasti n\u00e4kemisen arvoinen pime\u00e4ll\u00e4. \ud83d\ude2e<\/p>\n<p style=\"text-align: center;\"><a href=\"\/blog\/wp-content\/uploads\/2010\/colosseum_yolla3.jpg\"><img decoding=\"async\" style=\"border: 0px none; margin: 5px;\" src=\"\/blog\/wp-content\/uploads\/2010\/thumbs\/thumbs_colosseum_yolla3.jpg\" alt=\"\" \/><\/a><a href=\"\/blog\/wp-content\/uploads\/2010\/colosseum_yolla2.jpg\"><img decoding=\"async\" style=\"border: 0px none; margin: 5px;\" src=\"\/blog\/wp-content\/uploads\/2010\/thumbs\/thumbs_colosseum_yolla2.jpg\" alt=\"\" \/><\/a><a href=\"\/blog\/wp-content\/uploads\/2010\/colosseum_yolla1.jpg\"><img decoding=\"async\" style=\"border: 0px none; margin: 5px;\" src=\"\/blog\/wp-content\/uploads\/2010\/thumbs\/thumbs_colosseum_yolla1.jpg\" alt=\"\" \/><\/a><\/p>\n<p style=\"text-align: center;\"><em>Colosseum komeasti valaistuna<\/em><\/p>\n<p style=\"text-align: justify;\">T\u00e4\u00e4ll\u00e4kin tripodeja myyvi\u00e4 tyyppej\u00e4 on runsain mitoin, joten ei haittaa jos et muistanut omaasi. Me otimme Colosseumin vierell\u00e4 kuvamme, mink\u00e4 j\u00e4lkeen hypp\u00e4simme metroon ja ajoimme hotellillemme. Takana oli melkoinen kuvausreissu, jolle kertyi pituutta melkein seitsem\u00e4n kilometri\u00e4. Se oli melkoisesti p\u00e4iv\u00e4ll\u00e4 helteess\u00e4 tarpomamme noin kymmenen kilometrin p\u00e4\u00e4lle. Voittekin uskoa, ett\u00e4 takaisin hotellilla meille maistui uni. \ud83d\ude42<\/p>\n<p style=\"text-align: center;\"><a href=\"\/blog\/wp-content\/uploads\/2010\/colosseumilla.jpg\"><img decoding=\"async\" style=\"border: 0px none; margin: 5px;\" src=\"\/blog\/wp-content\/uploads\/2010\/colosseumilla.jpg\" alt=\"\" \/><\/a><\/p>\n<p style=\"text-align: center;\"><em>Colosseumilla<\/em><\/p>\n<p style=\"text-align: justify;\">Valitettavasti seuraavana aamuna emme pystyneet nukkumaan pitk\u00e4\u00e4n, sill\u00e4 kyseess\u00e4 oli reissumme viimeinen yhteinen p\u00e4iv\u00e4. Aamupalan j\u00e4lkeen k\u00e4velimme Terminin juna-asemalle, jossa sijaitsevalta <em>Europcarilta<\/em> olimme varanneet itsellemme auton p\u00e4iv\u00e4ksi. Koska Italian liikenne on hieman keskieurooppalaista villimp\u00e4\u00e4, olimme valinneet autoksi vaivattoman <em>Volkswagen Golfin<\/em> kokoluokan auton. Saimme k\u00e4teemme italialaisen <em>Lancian<\/em> avaimet, joka oli meille kaikille uusi tuttavuus. Kokonsa puolesta pieni Lancia toki v\u00e4ltti nelj\u00e4llekin ihmiselle, mutta muuten autoa ei voi juurikaan kehua. Varsinkaan kun noin puolen tunnin ajon j\u00e4lkeen jouduimme toteamaan, ett\u00e4 uudehkon auton ilmastointi ei toiminut alkuunkaan. Niinp\u00e4 ajelimmekin koko p\u00e4iv\u00e4n ikkunat alhaalla, mik\u00e4 ei vastannut kovasti odottamaamme ihanan viile\u00e4\u00e4 ajelua.<\/p>\n<p style=\"text-align: justify;\">T\u00e4m\u00e4 oli meille ensimm\u00e4inen kerta autolla Italiassa (jos j\u00e4tet\u00e4\u00e4n huomiotta pieni tunnin poikkeaminen Sveitsin reissulla 2008), joten paikalliseen liikennekulttuuriin piti hetken totutella. Tai paremminkin totuteltava oli liikennekulttuurin t\u00e4ydelliseen puuttumiseen. Italialainen liikenne kun on sangen villi\u00e4. Ajonopeuksia kaupunkialueella s\u00e4\u00e4telee vain k\u00e4ytett\u00e4viss\u00e4 oleva tila. Kaistamerkinn\u00e4t sek\u00e4 liikennej\u00e4rjestelyt ovat paikoin ep\u00e4selvi\u00e4, mink\u00e4 lis\u00e4ksi joka puolella suihkii mopoja ja vespoja. Pienell\u00e4 varovaisuudella rytmist\u00e4 sai kuitenkin nopeasti kiinni ja sangen l\u00f6ysimme kaupungista ulos johtavalle moottoritielle.<\/p>\n<p style=\"text-align: center;\"><a href=\"\/blog\/wp-content\/uploads\/2010\/vespoja_tien_taydelta.jpg\"><img decoding=\"async\" style=\"border: 0px none; margin: 5px;\" src=\"\/blog\/wp-content\/uploads\/2010\/thumbs\/thumbs_vespoja_tien_taydelta.jpg\" alt=\"\" \/><\/a><\/p>\n<p style=\"text-align: center;\"><em>Vespoja joka puolella!<\/em><\/p>\n<p style=\"text-align: justify;\">Italiassa on moottoriteill\u00e4 tietulleja, joten ne v\u00e4ltt\u00e4\u00e4ksemme kiersimme Rooman keh\u00e4tiet\u00e4 pitkin pienemm\u00e4lle paikallistie <em>Via Tiburtinalle<\/em>. Sit\u00e4 pitkin ajelimme kohti sis\u00e4maata ja Tivolin kaupunkia. Noin 30km Rooman keskustasta ajettuamme, hieman ennen Tivolia, poikkesimme <em>Villa Adrianan<\/em> palatsin raunioilla. Kyseess\u00e4 on vuonna 1999 UNESCO:n maailmanperint\u00f6listalle lis\u00e4tty suuri palatsialue, jonka rakennutti vuosina 118-134 keisari Hadrianus (kyll\u00e4, se sama Castel Sant&#8217;Angeloon haudattu keisari).<\/p>\n<p style=\"text-align: center;\"><iframe loading=\"lazy\" src=\"https:\/\/maps.google.com\/maps?f=d&amp;source=s_d&amp;saddr=Rome,+Italy&amp;daddr=Villa+Adriana,+Tivoli,+Rome,+Italy+to:Villa+d'Este,+Tivoli,+Rome,+Italy&amp;hl=en&amp;geocode=FTQ8fwId2He-ACm7jpL5lmEvEzE4bmWTBncPuQ%3BFX4LgAIdd-XCACGrGDn_Ga_ucimbI2fJV3gvEzGrGDn_Ga_ucg%3BFTBPgAIdnj_DACGZ4TNO6pAevynD5iVfcHgvEzGZ4TNO6pAevw&amp;aq=0&amp;oq=villa+d'e&amp;sll=41.892916,12.48252&amp;sspn=1.303375,2.992401&amp;mra=ls&amp;ie=UTF8&amp;ll=41.926126,12.641148&amp;spn=0.074062,0.317838&amp;t=m&amp;output=embed\" width=\"425\" height=\"350\" frameborder=\"0\" marginwidth=\"0\" marginheight=\"0\" scrolling=\"no\"><\/iframe><br \/>\n<small><a style=\"color: #0000ff; text-align: left;\" href=\"https:\/\/maps.google.com\/maps?f=d&amp;source=embed&amp;saddr=Rome,+Italy&amp;daddr=Villa+Adriana,+Tivoli,+Rome,+Italy+to:Villa+d'Este,+Tivoli,+Rome,+Italy&amp;hl=en&amp;geocode=FTQ8fwId2He-ACm7jpL5lmEvEzE4bmWTBncPuQ%3BFX4LgAIdd-XCACGrGDn_Ga_ucimbI2fJV3gvEzGrGDn_Ga_ucg%3BFTBPgAIdnj_DACGZ4TNO6pAevynD5iVfcHgvEzGZ4TNO6pAevw&amp;aq=0&amp;oq=villa+d'e&amp;sll=41.892916,12.48252&amp;sspn=1.303375,2.992401&amp;mra=ls&amp;ie=UTF8&amp;ll=41.926126,12.641148&amp;spn=0.074062,0.317838&amp;t=m\">View Larger Map<\/a><\/small><\/p>\n<p style=\"text-align: justify;\">Espanjasta kotoisin oleva Hadrianus ei pit\u00e4nyt el\u00e4m\u00e4st\u00e4 juonittelevassa Roomassa, joten h\u00e4n m\u00e4\u00e4r\u00e4si suuren palatsialueen rakentamisesta Rooman l\u00e4hettyville. Alueeseen kuului alunperin yli 30 suurta rakennuskokonaisuutta, joiden koristely ja arkkitehtuuri olivat eritt\u00e4in loisteliaat. My\u00f6s Hadrianuksen kuoltua palatsi oli mieluisa lomapaikka monille t\u00e4t\u00e4 seuranneille keisareille. Rooman imperiumin tuhoutumisen aikana palatsialue j\u00e4i kuitenkin hiljalleen autioksi ja sen veistoksia sek\u00e4 marmoria varastettiin alueen muihin rakennusprojekteihin. Ajan kuluessa ennen loisteliaasta palatsialueesta tuli kasa raunioita, jotka olivat tutkimattomina pitk\u00e4\u00e4n. Vasta viimeisten vuosikymmenien aikana alueella on alettu suorittamaan monia kaivauksia, joiden tarkoituksena on muodostaa kunnollinen k\u00e4sitys t\u00e4st\u00e4 noin 18 neli\u00f6kilometrin kokoisesta alueesta.<\/p>\n<p style=\"text-align: center;\"><a href=\"\/blog\/wp-content\/uploads\/2010\/maisema_villa_adrianalla2.jpg\"><img decoding=\"async\" style=\"border: 0px none; margin: 5px;\" src=\"\/blog\/wp-content\/uploads\/2010\/thumbs\/thumbs_maisema_villa_adrianalla2.jpg\" alt=\"\" \/><\/a><a href=\"\/blog\/wp-content\/uploads\/2010\/maisema_villa_adrianalla1.jpg\"><img decoding=\"async\" style=\"border: 0px none; margin: 5px;\" src=\"\/blog\/wp-content\/uploads\/2010\/thumbs\/thumbs_maisema_villa_adrianalla1.jpg\" alt=\"\" \/><\/a><\/p>\n<p style=\"text-align: center;\"><em>Entisen palatsialueen vehreytt\u00e4<\/em><\/p>\n<p style=\"text-align: justify;\">Paikan p\u00e4\u00e4lle on hieman vaikea l\u00f6yt\u00e4\u00e4, sill\u00e4 kylttej\u00e4 on v\u00e4h\u00e4n ja perille viev\u00e4 tie on pieni kyl\u00e4tie. Alueelle p\u00e4\u00e4sy ei maksa paljoa, mutta p\u00e4\u00e4sylipun lis\u00e4ksi on syyt\u00e4 maksaa audionauhasta. Ilman sit\u00e4 alueen raunioista ei nimitt\u00e4in saa kovin paljoa irti. Nauhan kanssakin kaikkia kuvailtuja asioita ja maisemia on paikoin sangen vaikea hahmottaa. Alueella ei my\u00f6sk\u00e4\u00e4n ole mink\u00e4\u00e4nlaista kiertoreitti\u00e4, joten kartasta kannattaa katsoa miten haluaa paikat kiert\u00e4\u00e4. P\u00e4\u00e4osin kyseess\u00e4 on melkein t\u00e4ysin raunioituneesta alueesta. N\u00e4ht\u00e4v\u00e4n\u00e4 on l\u00e4hinn\u00e4 pilareita, puolittain romahtaneita holvikattoja, muutamia mosaiikkilattian palasia, sek\u00e4 vihre\u00e4n veden t\u00e4ytt\u00e4mi\u00e4 altaita. Netist\u00e4 saatuun ennakkok\u00e4sitykseen n\u00e4hden paikka oli meille pettymys, sill\u00e4 entisajan loistoa on todella vaikea kuvitella. Alue on silti todella rauhallinen, joten esimerkiksi puiden varjossa on kauniina p\u00e4iv\u00e4n\u00e4 ihanaa istua ja kuunnella lintujen jatkuvaa r\u00e4k\u00e4tyst\u00e4 puiden lehv\u00e4st\u00f6iss\u00e4.<\/p>\n<p style=\"text-align: center;\"><a href=\"\/blog\/wp-content\/uploads\/2010\/villa_adrianan_raunioita.jpg\"><img decoding=\"async\" style=\"border: 0px none; margin: 5px;\" src=\"\/blog\/wp-content\/uploads\/2010\/villa_adrianan_raunioita.jpg\" alt=\"\" \/><\/a><\/p>\n<p style=\"text-align: center;\"><em>Teatro Marittimon rauniot<\/em><\/p>\n<p style=\"text-align: center;\"><a href=\"\/blog\/wp-content\/uploads\/2010\/allas_villa_adrianalla2.jpg\"><img decoding=\"async\" style=\"border: 0px none; margin: 5px;\" src=\"\/blog\/wp-content\/uploads\/2010\/thumbs\/thumbs_allas_villa_adrianalla2.jpg\" alt=\"\" \/><\/a><a href=\"\/blog\/wp-content\/uploads\/2010\/allas_villa_adrianalla1.jpg\"><img decoding=\"async\" style=\"border: 0px none; margin: 5px;\" src=\"\/blog\/wp-content\/uploads\/2010\/thumbs\/thumbs_allas_villa_adrianalla1.jpg\" alt=\"\" \/><\/a><\/p>\n<p style=\"text-align: center;\"><em>Huvilan kuuluisa Kanopus-allas<\/em><\/p>\n<p style=\"text-align: justify;\">Meill\u00e4 meni alueella rauhallisesti k\u00e4vellen noin puolitoista tuntia. Siin\u00e4 ajassa ehti n\u00e4hd\u00e4 kaikki merkitt\u00e4vimm\u00e4t rauniot sek\u00e4 kuunnella audionauhan h\u00f6p\u00f6tykset. Ennen alueelle menemist\u00e4 (ja my\u00f6s sielt\u00e4 poistuessa) on syyt\u00e4 poiketa pieness\u00e4 uudisrakennuksessa paksun kivimuurin vieress\u00e4. Rakennuksessa on esill\u00e4 pienoismalli siit\u00e4, milt\u00e4 alue on joskus n\u00e4ytt\u00e4nyt. Se mieless\u00e4 voi sitten yritt\u00e4\u00e4 kuvitella alueen kauan sitten mennytt\u00e4 loistoa.<\/p>\n<p style=\"text-align: center;\"><a href=\"\/blog\/wp-content\/uploads\/2010\/villa_adriana_silloin_joskus2.jpg\"><img decoding=\"async\" style=\"border: 0px none; margin: 5px;\" src=\"\/blog\/wp-content\/uploads\/2010\/thumbs\/thumbs_villa_adriana_silloin_joskus2.jpg\" alt=\"\" \/><\/a><a href=\"\/blog\/wp-content\/uploads\/2010\/villa_adriana_silloin_joskus1.jpg\"><img decoding=\"async\" style=\"border: 0px none; margin: 5px;\" src=\"\/blog\/wp-content\/uploads\/2010\/thumbs\/thumbs_villa_adriana_silloin_joskus1.jpg\" alt=\"\" \/><\/a><\/p>\n<p style=\"text-align: center;\"><em>Villa Adriana aikoinaan<\/em><\/p>\n<p style=\"text-align: justify;\">Villa Adrianalta jatkoimme autolla Tivolin kyl\u00e4\u00e4n, joka sijaitsee kauniilla paikalla kukkulan rinteell\u00e4. Kyl\u00e4n keskustassa on hyv\u00e4 maksullinen parkkihalli, jonne on helppo j\u00e4tt\u00e4\u00e4 auto. Ruokapaikan l\u00f6ysimme kyl\u00e4n keskustasta, tosin ruoka ei ollut kovin h\u00e4\u00e4vi\u00e4. Sen virkist\u00e4m\u00e4n\u00e4 k\u00e4velimme aivan keskustassa sijaitsevalle Tivolin merkitt\u00e4vimm\u00e4lle n\u00e4ht\u00e4vyydelle, <em>Villa d&#8217;Estelle<\/em>. Kyseess\u00e4 on kardinaali Ippolito II d&#8217;Esten vuosina 1550-1572 rakennuttama huvila, joka on s\u00e4ilynyt eritt\u00e4in hyv\u00e4ss\u00e4 kunnossa. K\u00e4ynti huvilaan sijaitsee aivan Tivolin keskustasta pienen portin kautta.<\/p>\n<p style=\"text-align: center;\"><a href=\"\/blog\/wp-content\/uploads\/2010\/villa_d_este.jpg\"><img decoding=\"async\" style=\"border: 0px none; margin: 5px;\" src=\"\/blog\/wp-content\/uploads\/2010\/thumbs\/thumbs_villa_d_este.jpg\" alt=\"\" \/><\/a><\/p>\n<p style=\"text-align: center;\"><em>Villa d&#8217;Este<\/em><\/p>\n<p style=\"text-align: justify;\">Alueen sis\u00e4ll\u00e4 on syyt\u00e4 katsastaa ensiksi itse huvilan sis\u00e4tilat, josta l\u00f6ytyy hienoilla maalauksilla koristeltuja huoneita. Huonekaluja huoneissa ei juuri ole, mutta t\u00e4llaisenaankin huoneet ovat n\u00e4kemisen arvoiset. Huoneista aukeavat maisemat ovat upeat, sill\u00e4 ne ylt\u00e4v\u00e4t kukkulan rinteelt\u00e4 kauas Rooman suuntaan. Sangen matalaa suurkaupunkia ei kuitenkaan pysty horisontista aivan hahmottamaan. Erityisen upea on kuitenkin maisema Villa d&#8217;Esten kuuluisimpaan osaan, huvilan suureen puutarhaan.<\/p>\n<p style=\"text-align: center;\"><a href=\"\/blog\/wp-content\/uploads\/2010\/d_esten_puutarha_parvekkeelta.jpg\"><img decoding=\"async\" style=\"border: 0px none; margin: 5px;\" src=\"\/blog\/wp-content\/uploads\/2010\/thumbs\/thumbs_d_esten_puutarha_parvekkeelta.jpg\" alt=\"\" \/><\/a><a href=\"\/blog\/wp-content\/uploads\/2010\/nakyma_rooman_suuntaan.jpg\"><img decoding=\"async\" style=\"border: 0px none; margin: 5px;\" src=\"\/blog\/wp-content\/uploads\/2010\/thumbs\/thumbs_nakyma_rooman_suuntaan.jpg\" alt=\"\" \/><\/a><\/p>\n<p style=\"text-align: center;\"><em>Maisemat Villa d&#8217;Esten huvilalta<\/em><\/p>\n<p style=\"text-align: justify;\">Huvilan vehre\u00e4 puutarha on pengerretty kolmeen tasoon huvilan alapuoleiselle rinteelle. Puutarha on maailmankuulu lukuisista suihkul\u00e4hteist\u00e4\u00e4n, jotka saavat vetens\u00e4 l\u00e4heisest\u00e4 Aniene-joesta, joka virtaa alas kukkuloilta ohi Tivolin.\u00a0My\u00f6s huvilan alla sijaitseva l\u00e4hde tuottaa veden moniin puutarhan suihkul\u00e4hteist\u00e4. Yhteens\u00e4 puurtahan alueella on noin 500 yksitt\u00e4ist\u00e4 vesisuihkua, mik\u00e4 on h\u00e4mm\u00e4stytt\u00e4v\u00e4 m\u00e4\u00e4r\u00e4. Puutarha on hyvin vehmas ja suurten puiden varjossa on leppoisaa k\u00e4vell\u00e4 kuumanakin p\u00e4iv\u00e4n\u00e4 (l\u00e4mp\u00f6tila tuona tiistaina oli j\u00e4lleen sen +35 astetta) suihkul\u00e4hteiden lorinaa katsellen ja kuunnellen. Itse asiassa suihkul\u00e4hteiden luona on virkist\u00e4v\u00e4\u00e4 k\u00e4vell\u00e4, sill\u00e4 tuuli painaa hienoisen viilent\u00e4v\u00e4\u00e4 vesisumua iholle.<\/p>\n<p style=\"text-align: center;\"><a href=\"\/blog\/wp-content\/uploads\/2010\/patsaita_ja_suihkulahteita.jpg\"><img decoding=\"async\" style=\"border: 0px none; margin: 5px;\" src=\"\/blog\/wp-content\/uploads\/2010\/thumbs\/thumbs_patsaita_ja_suihkulahteita.jpg\" alt=\"\" \/><\/a><a href=\"\/blog\/wp-content\/uploads\/2010\/jattimaiset_vesisuihkut.jpg\"><img decoding=\"async\" style=\"border: 0px none; margin: 5px;\" src=\"\/blog\/wp-content\/uploads\/2010\/thumbs\/thumbs_jattimaiset_vesisuihkut.jpg\" alt=\"\" \/><\/a><a href=\"\/blog\/wp-content\/uploads\/2010\/suihkulahde_d_estella.jpg\"><img decoding=\"async\" style=\"border: 0px none; margin: 5px;\" src=\"\/blog\/wp-content\/uploads\/2010\/thumbs\/thumbs_suihkulahde_d_estella.jpg\" alt=\"\" \/><\/a><\/p>\n<p style=\"text-align: center;\"><em>Viilent\u00e4vi\u00e4 suihkul\u00e4hteit\u00e4<\/em><\/p>\n<p style=\"text-align: center;\"><a href=\"\/blog\/wp-content\/uploads\/2010\/lasisuihkulahde.jpg\"><img decoding=\"async\" style=\"border: 0px none; margin: 5px;\" src=\"\/blog\/wp-content\/uploads\/2010\/lasisuihkulahde.jpg\" alt=\"\" \/><\/a><\/p>\n<p style=\"text-align: center;\"><em>Berninin Lasisuihkul\u00e4hde<\/em><\/p>\n<p style=\"text-align: center;\"><a href=\"\/blog\/wp-content\/uploads\/2010\/lasisuihkulahteen_edustalla.jpg\"><img decoding=\"async\" style=\"border: 0px none; margin: 5px;\" src=\"\/blog\/wp-content\/uploads\/2010\/thumbs\/thumbs_lasisuihkulahteen_edustalla.jpg\" alt=\"\" \/><\/a><a href=\"\/blog\/wp-content\/uploads\/2010\/valtaisa_lasisuihkulahde.jpg\"><img decoding=\"async\" style=\"border: 0px none; margin: 5px;\" src=\"\/blog\/wp-content\/uploads\/2010\/thumbs\/thumbs_valtaisa_lasisuihkulahde.jpg\" alt=\"\" \/><\/a><\/p>\n<p style=\"text-align: justify;\">M\u00e4kinen puutarha on hieman raskas kulkea, mutta vaivautuminen alas kannattaa. Erityisen upeita ovat pitk\u00e4 &#8221;Sadan suihkul\u00e4hteen tie&#8221; (<em>Viale delle Cento Fontane<\/em>), paavi Gregorius XIII:n kunniaksi rakennettu &#8221;Lohik\u00e4\u00e4rmesuihkul\u00e4hde&#8221; (<em>Fontana dei Draghi<\/em>) sek\u00e4 Berninin suunnittelema\u00a0&#8221;Lasisuihkul\u00e4hde&#8221; (<em>Fontana di Biccierone<\/em>). N\u00e4ist\u00e4 viimeisin on valtavan kokoinen sein\u00e4m\u00e4, jonka monet suihkut kohoavat korkeuksiin.<\/p>\n<p style=\"text-align: center;\"><a href=\"\/blog\/wp-content\/uploads\/2010\/sadan_suihkulahteen_tie1.jpg\"><img decoding=\"async\" style=\"border: 0px none; margin: 5px;\" src=\"\/blog\/wp-content\/uploads\/2010\/thumbs\/thumbs_sadan_suihkulahteen_tie1.jpg\" alt=\"\" \/><\/a><a href=\"\/blog\/wp-content\/uploads\/2010\/sadan_suihkulahteen_tie2.jpg\"><img decoding=\"async\" style=\"border: 0px none; margin: 5px;\" src=\"\/blog\/wp-content\/uploads\/2010\/thumbs\/thumbs_sadan_suihkulahteen_tie2.jpg\" alt=\"\" \/><\/a><a href=\"\/blog\/wp-content\/uploads\/2010\/linssin_vaihto_suihkulahdekujalla.jpg\"><img decoding=\"async\" style=\"border: 0px none; margin: 5px;\" src=\"\/blog\/wp-content\/uploads\/2010\/thumbs\/thumbs_linssin_vaihto_suihkulahdekujalla.jpg\" alt=\"\" \/><\/a><\/p>\n<p style=\"text-align: center;\"><em>Sadan suihkul\u00e4hteen tie<\/em><\/p>\n<p style=\"text-align: center;\"><a href=\"\/blog\/wp-content\/uploads\/2010\/lohikaarmesuihkukaivo2.jpg\"><img decoding=\"async\" style=\"border: 0px none; margin: 5px;\" src=\"\/blog\/wp-content\/uploads\/2010\/lohikaarmesuihkukaivo2.jpg\" alt=\"\" \/><\/a><\/p>\n<p style=\"text-align: center;\"><em>Lohik\u00e4\u00e4rmesuihkul\u00e4hde<\/em><\/p>\n<p style=\"text-align: center;\"><a href=\"\/blog\/wp-content\/uploads\/2010\/lohikaarmesuihkukaivo1.jpg\"><img decoding=\"async\" style=\"border: 0px none; margin: 5px;\" src=\"\/blog\/wp-content\/uploads\/2010\/thumbs\/thumbs_lohikaarmesuihkukaivo1.jpg\" alt=\"\" \/><\/a><\/p>\n<p style=\"text-align: justify;\">Puutarhan kaikki osat on suunniteltu hienon symmetrisesti ja paikoista pidet\u00e4\u00e4n selv\u00e4stikin huolta. Villa d&#8217;Esten puutarha meneekin satoine suihkul\u00e4hteineen omalla listallani Pietarin loisteliaan Pietarhovin palatsin puutarhan kanssa jaetulle ykk\u00f6ssijalle n\u00e4ytt\u00e4vimp\u00e4n\u00e4 puutarhana. Kuten arvata saattaa, Villa d&#8217;Este puutarhoineen on vakuuttanut my\u00f6s UNESCO:n henkil\u00f6t ja p\u00e4\u00e4ssyt t\u00e4ten maailmanperint\u00f6listalle.<\/p>\n<p style=\"text-align: center;\"><a href=\"\/blog\/wp-content\/uploads\/2010\/d_esten_puutarha.jpg\"><img decoding=\"async\" style=\"border: 0px none; margin: 5px;\" src=\"\/blog\/wp-content\/uploads\/2010\/thumbs\/thumbs_d_esten_puutarha.jpg\" alt=\"\" \/><\/a><a href=\"\/blog\/wp-content\/uploads\/2010\/kukka_villa_d_estella.jpg\"><img decoding=\"async\" style=\"border: 0px none; margin: 5px;\" src=\"\/blog\/wp-content\/uploads\/2010\/thumbs\/thumbs_kukka_villa_d_estella.jpg\" alt=\"\" \/><\/a><a href=\"\/blog\/wp-content\/uploads\/2010\/vehrea_katos.jpg\"><img decoding=\"async\" style=\"border: 0px none; margin: 5px;\" src=\"\/blog\/wp-content\/uploads\/2010\/thumbs\/thumbs_vehrea_katos.jpg\" alt=\"\" \/><\/a><\/p>\n<p style=\"text-align: center;\"><em>Hyvin hoidetun puutarhan yksityiskohtia<\/em><\/p>\n<p style=\"text-align: justify;\">Ihanan, tosin hieman raskaan, puutarhakierroksen j\u00e4lkeen kahvittelimme huvilan kahvillalla maisemia katsellen. Kahvit juotuamme palasimme hiljalleen autollemme. Kello oli vasta kolme iltap\u00e4iv\u00e4ll\u00e4 ja meill\u00e4 oli auto vuokrattuna aina iltaan saakka. Niinp\u00e4 p\u00e4\u00e4timmekin ajaa pienen 30km kierroksen l\u00e4heisill\u00e4 kukkuloilla. Maisemat erityisesti korkealla kukkulan p\u00e4\u00e4ll\u00e4 sijaitsevasta San Polo dei Cavalierin kyl\u00e4st\u00e4 651 metrin korkeudelta, olivat huikeat ymp\u00e4r\u00f6iviin laaksoihin. Kyl\u00e4\u00e4n ja sielt\u00e4 takaisin oli hauska ajella mutkaisia siksakkiteit\u00e4 pitkin, joten reitti\u00e4 voi suositella.<\/p>\n<p style=\"text-align: center;\"><a href=\"\/blog\/wp-content\/uploads\/2010\/san_polo_dei_cavalieri.jpg\"><img decoding=\"async\" style=\"border: 0px none; margin: 5px;\" src=\"\/blog\/wp-content\/uploads\/2010\/thumbs\/thumbs_san_polo_dei_cavalieri.jpg\" alt=\"\" \/><\/a><a href=\"\/blog\/wp-content\/uploads\/2010\/maisema_kukkuloilta.jpg\"><img decoding=\"async\" style=\"border: 0px none; margin: 5px;\" src=\"\/blog\/wp-content\/uploads\/2010\/thumbs\/thumbs_maisema_kukkuloilta.jpg\" alt=\"\" \/><\/a><\/p>\n<p style=\"text-align: center;\"><em>San Polo dei Cavalieri kukkulallaan<\/em><\/p>\n<p style=\"text-align: justify;\">Paluumatka <a title=\"Viisi p\u00e4iv\u00e4\u00e4 ikuisessa kaupungissa\" href=\"https:\/\/www.vuosiamaailmalla.fi\/?p=2828\">Roomaan<\/a> oli hidas, sill\u00e4 liikenteen m\u00e4\u00e4r\u00e4 oli aivan k\u00e4sitt\u00e4m\u00e4t\u00f6n. Iltap\u00e4iv\u00e4ruuhka Rooman alueella oli melkoinen, mik\u00e4 ei ollut kovin mukavaa helteisess\u00e4 autossa ilman toimivaa ilmastointia. Lopulta p\u00e4\u00e4simme kaupunkiin viev\u00e4lle moottoritielle, joka veikin melkein keskustaan saakka. Navigaattori on aivan pakollinen Rooman kaltaisissa kaupungeissa, jossa on tuhansia vuosia vanha asemakaava oudoilla liikennej\u00e4rjestelyill\u00e4. Oman firmamme tuote toimi eritt\u00e4in hyvin ja yhden ohi ajetun k\u00e4\u00e4nn\u00f6ksen j\u00e4lkeen l\u00f6ysimme Terminille, jonne j\u00e4timme auton. Europcarilla valitimme tietenkin toimimattomasta ilmastoinnista, mutta italialaiseen tapaan saimme osaksemme vain k\u00e4sien levittely\u00e4. Kovasti lupasivat asian korjata, mutta uskonpa silti, ett\u00e4 viel\u00e4 jatkossakin l\u00f6ytyy monta ihmist\u00e4, jotka ovat ajelleet Rooman alueella Lancialla, jossa ei toimi ilmastointi&#8230; \ud83d\udc7f<\/p>\n<p style=\"text-align: justify;\">Hotellilla p\u00e4\u00e4simme j\u00e4lleen ihanaan ilmastoituun sis\u00e4tilaan, jossa vietimmekin lopun iltaa. Aivan illalla poikkesimme ainoastaan sy\u00f6m\u00e4ss\u00e4 hotellin l\u00e4heisess\u00e4 ravintolassa hyv\u00e4\u00e4 pihvi\u00e4. Aamulla kirjauduimme hotellista ja suuntasimme junalla Fiumicinon lentokent\u00e4lle. Siell\u00e4 jonotimme vanhempieni kanssa heille liput <em>Finnairin<\/em> paluulennolle, mink\u00e4 j\u00e4lkeen j\u00e4timme heid\u00e4t turvatarkastukseen. Mukava viiden p\u00e4iv\u00e4n reissu heid\u00e4n kanssaan oli nyt ohitse, mutta minun ja Niinan saman mittainen loppureissu vasta alussa. Otimme j\u00e4lleen junan allemme ja suuntasimme takaisin Terminille. Sielt\u00e4 ostimme itsellemme junaliput kohti Napolia, josta seuraavassa matkakertomuksessani. \ud83d\ude1b<\/p>\n<p style=\"text-align: right;\"><em>Seuraavaan osaan <a title=\"Napolin eloisa suurkaupunki\" href=\"https:\/\/www.vuosiamaailmalla.fi\/?p=2871\">t\u00e4st\u00e4<\/a>. Matkakertomuksen muut osat l\u00f6ytyv\u00e4t <a href=\"https:\/\/www.vuosiamaailmalla.fi\/?tag=matkakertomus-rooma-bari\">t\u00e4\u00e4lt\u00e4<\/a>.<\/em><\/p>\n","protected":false},"excerpt":{"rendered":"<p>Jatkoa t\u00e4\u00e4lt\u00e4. Matkakertomuksen muut osat l\u00f6ytyv\u00e4t t\u00e4\u00e4lt\u00e4. Reissumme nelj\u00e4nnen p\u00e4iv\u00e4n iltana otimme Niinan kanssa itse\u00e4mme niskasta kiinni ja l\u00e4hdimme raskaan p\u00e4iv\u00e4n p\u00e4\u00e4tteeksi monituntiselle \u00f6isen Rooman kuvausreissulle. K\u00e4velimme hotellilta ensiksi kohti Fontana di Trevi\u00e4. Matkalla ihmettelimme kaiketi jonkinlaisena taiteena kaltereiden takana j\u00f6k\u00f6tt\u00e4vi\u00e4 punaisia miehi\u00e4. \ud83d\ude2f<\/p>\n","protected":false},"author":1,"featured_media":8558,"comment_status":"open","ping_status":"open","sticky":false,"template":"","format":"standard","meta":{"_jetpack_memberships_contains_paid_content":false,"footnotes":""},"categories":[887,7],"tags":[44,721,86,114,142,650,716,715,329,711,323,720,719,718],"class_list":["post-2859","post","type-post","status-publish","format-standard","has-post-thumbnail","hentry","category-italia","category-matkakertomukset","tag-basilica-di-san-pietro","tag-castel-santangelo","tag-colosseum","tag-fontana-di-trevi","tag-italia","tag-matkakertomus-rooma-bari","tag-piazza-navona","tag-pietarinkirkko","tag-road-trip","tag-rooma","tag-tivoli","tag-villa-adriana","tag-villa-deste","tag-vittorio-emanuel-ii"],"jetpack_featured_media_url":"https:\/\/www.vuosiamaailmalla.fi\/blog\/wp-content\/uploads\/colosseumilla_banner.jpg","jetpack_sharing_enabled":true,"_links":{"self":[{"href":"https:\/\/www.vuosiamaailmalla.fi\/blog\/wp-json\/wp\/v2\/posts\/2859","targetHints":{"allow":["GET"]}}],"collection":[{"href":"https:\/\/www.vuosiamaailmalla.fi\/blog\/wp-json\/wp\/v2\/posts"}],"about":[{"href":"https:\/\/www.vuosiamaailmalla.fi\/blog\/wp-json\/wp\/v2\/types\/post"}],"author":[{"embeddable":true,"href":"https:\/\/www.vuosiamaailmalla.fi\/blog\/wp-json\/wp\/v2\/users\/1"}],"replies":[{"embeddable":true,"href":"https:\/\/www.vuosiamaailmalla.fi\/blog\/wp-json\/wp\/v2\/comments?post=2859"}],"version-history":[{"count":0,"href":"https:\/\/www.vuosiamaailmalla.fi\/blog\/wp-json\/wp\/v2\/posts\/2859\/revisions"}],"wp:featuredmedia":[{"embeddable":true,"href":"https:\/\/www.vuosiamaailmalla.fi\/blog\/wp-json\/wp\/v2\/media\/8558"}],"wp:attachment":[{"href":"https:\/\/www.vuosiamaailmalla.fi\/blog\/wp-json\/wp\/v2\/media?parent=2859"}],"wp:term":[{"taxonomy":"category","embeddable":true,"href":"https:\/\/www.vuosiamaailmalla.fi\/blog\/wp-json\/wp\/v2\/categories?post=2859"},{"taxonomy":"post_tag","embeddable":true,"href":"https:\/\/www.vuosiamaailmalla.fi\/blog\/wp-json\/wp\/v2\/tags?post=2859"}],"curies":[{"name":"wp","href":"https:\/\/api.w.org\/{rel}","templated":true}]}}