{"id":2865,"date":"2014-04-07T19:19:20","date_gmt":"2014-04-08T02:19:20","guid":{"rendered":"http:\/\/13.53.127.146\/?p=2865"},"modified":"2014-04-07T19:22:39","modified_gmt":"2014-04-08T02:22:39","slug":"upean-siluetin-metrotown","status":"publish","type":"post","link":"https:\/\/www.vuosiamaailmalla.fi\/blog\/2014\/upean-siluetin-metrotown\/","title":{"rendered":"Upean siluetin Metrotown"},"content":{"rendered":"<p style=\"text-align: justify;\">Ei voi kiist\u00e4\u00e4. Vancouverin naapurikaupunki Burnabyn <a title=\"Korkeuksiin kurkottava Metrotown\" href=\"https:\/\/www.vuosiamaailmalla.fi\/?p=2242\">rakennusprojektit<\/a> ovat todella huikeita pohjoisamerikkalaiselle esikaupungille. Vancouveria kohti ensimm\u00e4ist\u00e4 kertaa ajelevat amerikkalaiset luulevatkin monesti korkean kukkulan p\u00e4\u00e4ll\u00e4 sijaitsevaa Metrotownia itse Vancouveriksi, sill\u00e4 sen verran <a title=\"Kaupunki pilviss\u00e4\" href=\"https:\/\/www.vuosiamaailmalla.fi\/?p=2565\">n\u00e4ytt\u00e4v\u00e4 siluetti<\/a> t\u00e4ll\u00e4 noin 27 000 asukkaan kaupunkikeskuksella on. \ud83d\ude42<\/p>\n<p style=\"text-align: justify;\">Alla oleva kuva on otettu asuntomme ikkunasta viime viikolla ja siin\u00e4 on et\u00e4isyytt\u00e4 <a title=\"Metrotownin projektip\u00e4ivitys\" href=\"https:\/\/www.vuosiamaailmalla.fi\/?p=2857\">Metrotownin torneihin<\/a> noin 12 kilometri\u00e4. Taustalla kohoava 3286 metrin korkuinen j\u00e4ttim\u00e4inen <a title=\"Uskomaton Mount Baker\" href=\"https:\/\/www.vuosiamaailmalla.fi\/?p=2213\">Mount Bakerin<\/a> uinuva tulivuori sijaitsee jo yli 100 kilometrin p\u00e4\u00e4ss\u00e4 Yhdysvaltojen puolella. Vuoret ovatkin upea tausta t\u00e4lle upean urbaanille kaupunkikeskukselle. 8)<\/p>\n<p style=\"text-align: justify;\"><a href=\"\/blog\/wp-content\/uploads\/2014\/metrotown_panoraama1.jpg\"><img decoding=\"async\" style=\"border: 0px none; margin: 5px;\" src=\"\/blog\/wp-content\/uploads\/2014\/metrotown_panoraama1_pieni.jpg\" alt=\"\" \/><\/a><\/p>\n","protected":false},"excerpt":{"rendered":"<p>Ei voi kiist\u00e4\u00e4. Vancouverin naapurikaupunki Burnabyn rakennusprojektit ovat todella huikeita pohjoisamerikkalaiselle esikaupungille. Vancouveria kohti ensimm\u00e4ist\u00e4 kertaa ajelevat amerikkalaiset luulevatkin monesti korkean kukkulan p\u00e4\u00e4ll\u00e4 sijaitsevaa Metrotownia itse Vancouveriksi, sill\u00e4 sen verran n\u00e4ytt\u00e4v\u00e4 siluetti t\u00e4ll\u00e4 noin 27 000 asukkaan kaupunkikeskuksella on. \ud83d\ude42 Alla oleva kuva on otettu asuntomme ikkunasta viime viikolla ja siin\u00e4 on et\u00e4isyytt\u00e4 Metrotownin torneihin &hellip; <a href=\"https:\/\/www.vuosiamaailmalla.fi\/blog\/2014\/upean-siluetin-metrotown\/\" class=\"more-link\">Jatka lukemista<span class=\"screen-reader-text\"> &#8221;Upean siluetin Metrotown&#8221;<\/span><\/a><\/p>\n","protected":false},"author":1,"featured_media":0,"comment_status":"open","ping_status":"open","sticky":false,"template":"","format":"standard","meta":{"_jetpack_memberships_contains_paid_content":false,"footnotes":""},"categories":[17,3],"tags":[932,77,78,935,587],"class_list":["post-2865","post","type-post","status-publish","format-standard","hentry","category-arki-kanadassa","category-arki-ulkomailla","tag-asunto","tag-burnaby","tag-burnaby-metrotown","tag-kanada","tag-mount-baker"],"jetpack_featured_media_url":"","jetpack_sharing_enabled":true,"_links":{"self":[{"href":"https:\/\/www.vuosiamaailmalla.fi\/blog\/wp-json\/wp\/v2\/posts\/2865","targetHints":{"allow":["GET"]}}],"collection":[{"href":"https:\/\/www.vuosiamaailmalla.fi\/blog\/wp-json\/wp\/v2\/posts"}],"about":[{"href":"https:\/\/www.vuosiamaailmalla.fi\/blog\/wp-json\/wp\/v2\/types\/post"}],"author":[{"embeddable":true,"href":"https:\/\/www.vuosiamaailmalla.fi\/blog\/wp-json\/wp\/v2\/users\/1"}],"replies":[{"embeddable":true,"href":"https:\/\/www.vuosiamaailmalla.fi\/blog\/wp-json\/wp\/v2\/comments?post=2865"}],"version-history":[{"count":0,"href":"https:\/\/www.vuosiamaailmalla.fi\/blog\/wp-json\/wp\/v2\/posts\/2865\/revisions"}],"wp:attachment":[{"href":"https:\/\/www.vuosiamaailmalla.fi\/blog\/wp-json\/wp\/v2\/media?parent=2865"}],"wp:term":[{"taxonomy":"category","embeddable":true,"href":"https:\/\/www.vuosiamaailmalla.fi\/blog\/wp-json\/wp\/v2\/categories?post=2865"},{"taxonomy":"post_tag","embeddable":true,"href":"https:\/\/www.vuosiamaailmalla.fi\/blog\/wp-json\/wp\/v2\/tags?post=2865"}],"curies":[{"name":"wp","href":"https:\/\/api.w.org\/{rel}","templated":true}]}}