{"id":2889,"date":"2014-04-26T20:24:21","date_gmt":"2014-04-27T03:24:21","guid":{"rendered":"http:\/\/13.53.127.146\/?p=2889"},"modified":"2021-01-02T17:22:03","modified_gmt":"2021-01-03T01:22:03","slug":"paasiaisvieraita","status":"publish","type":"post","link":"https:\/\/www.vuosiamaailmalla.fi\/blog\/2014\/paasiaisvieraita\/","title":{"rendered":"P\u00e4\u00e4si\u00e4isvieraita"},"content":{"rendered":"<p style=\"text-align: justify;\">Kev\u00e4\u00e4n merkitt\u00e4vin juhlapyh\u00e4 p\u00e4\u00e4si\u00e4inen oli ja meni viikko sitten. P\u00e4\u00e4si\u00e4inen osui t\u00e4n\u00e4 vuonna sangen my\u00f6h\u00e4iseen ajankohtaan huhtikuun puoliv\u00e4lin kieppeille ja saimme silloin luoksemme katraan vieraita. T\u00e4m\u00e4n vuoden vieraskauden avasivat Niinan vanhemmat sek\u00e4 h\u00e4nen veljens\u00e4 perhe, jotka vierailivat luonamme kuuden p\u00e4iv\u00e4n ajan. Appivanhemmat k\u00e4viv\u00e4t luonamme viimeeksi <a title=\"Vieraita vanhalta mantereelta\" href=\"https:\/\/www.vuosiamaailmalla.fi\/?p=2118\">viime toukokuussa<\/a>, mutta veljen perhe on vieraillut luonamme edellisen kerran <a title=\"Lapsiperhe vierasilla\" href=\"https:\/\/www.vuosiamaailmalla.fi\/?p=1470\">Berliiniss\u00e4<\/a>.<\/p>\n<p style=\"text-align: justify;\">Ajankohta vierailulle oli otollinen, sill\u00e4 meill\u00e4 oli pit\u00e4\u00e4 p\u00e4\u00e4si\u00e4isen\u00e4 nelj\u00e4 p\u00e4iv\u00e4\u00e4 vapaata. Vieraamme saapuivat viime viikon torstaina ja l\u00e4htiv\u00e4t pitk\u00e4lle paluumatkalle nyt keskiviikkona. Jo ennakkoon arvasimme, ett\u00e4 <a title=\"Tunnin l\u00e4hemp\u00e4n\u00e4 Suomea\" href=\"https:\/\/www.vuosiamaailmalla.fi\/?p=194\">kymmenen tunnin aikaero<\/a> tekisi kiusaa n\u00e4in lyhyell\u00e4 matkalla, mutta siit\u00e4 huolimatta kerkesimme tehd\u00e4 ja n\u00e4hd\u00e4 vieraidemme kanssa monenlaista.<\/p>\n<p><!--more--><\/p>\n<p style=\"text-align: justify;\">P\u00e4\u00e4si\u00e4isen s\u00e4\u00e4ennuste oli ennakkoon sangen sateinen, mutta ilahduttavasti perjantai valkeni kuitenkin kauniina. Teimme vieraidemme kanssa pienen kaupunkikierroksen Coal Harbourin alueella kaupunki- ja vuorimaisemia ihaillen. Parin tunnin kierroksen j\u00e4lkeen palasimme asunnollemme ja pakkaannuimme kahteen autoon, joilla l\u00e4hdimme kohti Whistleri\u00e4.<\/p>\n<p style=\"text-align: center;\"><a href=\"\/blog\/wp-content\/uploads\/2014\/kaupunkikierroksella1.jpg\"><img decoding=\"async\" style=\"border: 0px none; margin: 5px;\" src=\"\/blog\/wp-content\/uploads\/2014\/thumbs\/thumbs_kaupunkikierroksella1.jpg\" alt=\"\" \/><\/a><a href=\"\/blog\/wp-content\/uploads\/2014\/kaupunkikierroksella2.jpg\"><img decoding=\"async\" style=\"border: 0px none; margin: 5px;\" src=\"\/blog\/wp-content\/uploads\/2014\/thumbs\/thumbs_kaupunkikierroksella2.jpg\" alt=\"\" \/><\/a><a href=\"\/blog\/wp-content\/uploads\/2014\/kevaan_merkki.jpg\"><img decoding=\"async\" style=\"border: 0px none; margin: 5px;\" src=\"\/blog\/wp-content\/uploads\/2014\/thumbs\/thumbs_kevaan_merkki.jpg\" alt=\"\" \/><\/a><\/p>\n<p style=\"text-align: center;\"><em>Kaupunkikierroksella<\/em><\/p>\n<p style=\"text-align: justify;\">Matkalla Whistleriin pys\u00e4hdyimme ihailemaan matkalle osuvia kauniita vuoristomaisemia sek\u00e4 Shannon Fallsin vesiputouksia. Perill\u00e4 Whistleriss\u00e4 koko konkkaronkkamme majoittui suureen m\u00f6kkiin l\u00e4hell\u00e4 Blackcombin laskettelurinteit\u00e4. M\u00f6kki oli sijainniltaan ja pohjapiirustukseltaan oikein kiva, mutta hieman nuhjuisessa kunnossa. M\u00f6kki lienee rakennettu joskus 90-luvulla ja sen sisustus ja varustelu heijastelivat voimakkaasti tuota ajanjaksoa. Nuhjuisuudestaan huolimatta m\u00f6kki kuitenkin toimi p\u00e4tev\u00e4n\u00e4 tukikohtana viikonlopun puuhailuille.<\/p>\n<p style=\"text-align: center;\"><a href=\"\/blog\/wp-content\/uploads\/2014\/mokki1.jpg\"><img decoding=\"async\" style=\"border: 0px none; margin: 5px;\" src=\"\/blog\/wp-content\/uploads\/2014\/thumbs\/thumbs_mokki1.jpg\" alt=\"\" \/><\/a><a href=\"\/blog\/wp-content\/uploads\/2014\/mokki2.jpg\"><img decoding=\"async\" style=\"border: 0px none; margin: 5px;\" src=\"\/blog\/wp-content\/uploads\/2014\/thumbs\/thumbs_mokki2.jpg\" alt=\"\" \/><\/a><\/p>\n<p style=\"text-align: center;\"><em> M\u00f6kin ulkopuolella<\/em><\/p>\n<p style=\"text-align: center;\"><a href=\"\/blog\/wp-content\/uploads\/2014\/mokki7.jpg\"><img decoding=\"async\" style=\"border: 0px none; margin: 5px;\" src=\"\/blog\/wp-content\/uploads\/2014\/thumbs\/thumbs_mokki7.jpg\" alt=\"\" \/><\/a><a href=\"\/blog\/wp-content\/uploads\/2014\/mokki3.jpg\"><img decoding=\"async\" style=\"border: 0px none; margin: 5px;\" src=\"\/blog\/wp-content\/uploads\/2014\/thumbs\/thumbs_mokki3.jpg\" alt=\"\" \/><\/a><a href=\"\/blog\/wp-content\/uploads\/2014\/mokki5.jpg\"><img decoding=\"async\" style=\"border: 0px none; margin: 5px;\" src=\"\/blog\/wp-content\/uploads\/2014\/thumbs\/thumbs_mokki5.jpg\" alt=\"\" \/><\/a><br \/>\n<a href=\"\/blog\/wp-content\/uploads\/2014\/mokki4.jpg\"><img decoding=\"async\" style=\"border: 0px none; margin: 5px;\" src=\"\/blog\/wp-content\/uploads\/2014\/thumbs\/thumbs_mokki4.jpg\" alt=\"\" \/><\/a><a href=\"\/blog\/wp-content\/uploads\/2014\/mokki6.jpg\"><img decoding=\"async\" style=\"border: 0px none; margin: 5px;\" src=\"\/blog\/wp-content\/uploads\/2014\/thumbs\/thumbs_mokki6.jpg\" alt=\"\" \/><\/a><\/p>\n<p style=\"text-align: center;\"><em> Ys\u00e4rim\u00f6kki<\/em><\/p>\n<p style=\"text-align: justify;\">Perjantaina emme kerenneet tehd\u00e4 en\u00e4\u00e4 sen enemp\u00e4\u00e4 ennen <em>jetlagin<\/em> iskemist\u00e4, mutta lauantaina l\u00e4hdimme ulos heti aamusta. Suunnitelmissa oli ollut l\u00e4hte\u00e4 rinteeseen, mutta koska taivaalta satoi sakeasti tiskir\u00e4tin kokoisia lumihiutaleita, p\u00e4\u00e4timme siirt\u00e4\u00e4 rinteeseen menoa seuraavaan p\u00e4iv\u00e4\u00e4n. K\u00e4velimme kuitenkin m\u00f6kin l\u00e4heisyydess\u00e4 sijaitsevalle pienelle Lost Lakelle, jonka alueella kulkee paljon hiihtolatuja. Latukausi oli jo ohitse, mutta n\u00e4imme k\u00e4velyll\u00e4 lintuja ja ja muita pieni\u00e4 mets\u00e4nel\u00e4imi\u00e4.<\/p>\n<p style=\"text-align: center;\"><a href=\"\/blog\/wp-content\/uploads\/2014\/lost_lake1.jpg\"><img decoding=\"async\" style=\"border: 0px none; margin: 5px;\" src=\"\/blog\/wp-content\/uploads\/2014\/thumbs\/thumbs_lost_lake1.jpg\" alt=\"\" \/><\/a><a href=\"\/blog\/wp-content\/uploads\/2014\/lost_lake2.jpg\"><img decoding=\"async\" style=\"border: 0px none; margin: 5px;\" src=\"\/blog\/wp-content\/uploads\/2014\/thumbs\/thumbs_lost_lake2.jpg\" alt=\"\" \/><\/a><\/p>\n<p style=\"text-align: center;\"><em>Kadonnut ja l\u00f6ydetty j\u00e4rvi<\/em><\/p>\n<p style=\"text-align: justify;\">Iltap\u00e4iv\u00e4st\u00e4 naisv\u00e4ki meni ostoksille Whistlerin keskustaan ja me miehet k\u00e4vimme ajelulla Pembertonissa. Matkalla Pembertoniin vuoristomaisemat olivat todella upeat, sill\u00e4 vuorilla oli my\u00f6h\u00e4isest\u00e4 ajankohdasta huolimatta paljon tuoretta lunta. Pembertonissa ajelimme hieman matkaa kyl\u00e4st\u00e4 l\u00e4htevi\u00e4 sivuteit\u00e4 paikallisia tiluksia katsellen.<\/p>\n<p style=\"text-align: center;\"><a href=\"\/blog\/wp-content\/uploads\/2014\/pembertonin_lahella4.jpg\"><img decoding=\"async\" style=\"border: 0px none; margin: 5px;\" src=\"\/blog\/wp-content\/uploads\/2014\/thumbs\/thumbs_pembertonin_lahella4.jpg\" alt=\"\" \/><\/a><a href=\"\/blog\/wp-content\/uploads\/2014\/pembertonin_lahella3.jpg\"><img decoding=\"async\" style=\"border: 0px none; margin: 5px;\" src=\"\/blog\/wp-content\/uploads\/2014\/thumbs\/thumbs_pembertonin_lahella3.jpg\" alt=\"\" \/><\/a><a href=\"\/blog\/wp-content\/uploads\/2014\/pembertonin_lahella1.jpg\"><img decoding=\"async\" style=\"border: 0px none; margin: 5px;\" src=\"\/blog\/wp-content\/uploads\/2014\/thumbs\/thumbs_pembertonin_lahella1.jpg\" alt=\"\" \/><\/a><br \/>\n<a href=\"\/blog\/wp-content\/uploads\/2014\/pembertonin_lahella2.jpg\"><img decoding=\"async\" style=\"border: 0px none; margin: 5px;\" src=\"\/blog\/wp-content\/uploads\/2014\/thumbs\/thumbs_pembertonin_lahella2.jpg\" alt=\"\" \/><\/a><a href=\"\/blog\/wp-content\/uploads\/2014\/pembertonin_lahella5.jpg\"><img decoding=\"async\" style=\"border: 0px none; margin: 5px;\" src=\"\/blog\/wp-content\/uploads\/2014\/thumbs\/thumbs_pembertonin_lahella5.jpg\" alt=\"\" \/><\/a><a href=\"\/blog\/wp-content\/uploads\/2014\/pembertonin_lahella6.jpg\"><img decoding=\"async\" style=\"border: 0px none; margin: 5px;\" src=\"\/blog\/wp-content\/uploads\/2014\/thumbs\/thumbs_pembertonin_lahella6.jpg\" alt=\"\" \/><\/a><\/p>\n<p style=\"text-align: center;\"><em>Maisemia Pembertonin l\u00e4hettyvill\u00e4<\/em><\/p>\n<p style=\"text-align: justify;\">Sunnuntai valkeni kauniina ja sinisen taivaan rohkaisemana l\u00e4hdimme heti aamusta rinteeseen. Vaikka Whistlerin kyl\u00e4n tasolla rinteet olivatkin jo laskettelukelvottomat, lis\u00e4\u00e4ntyi lumen m\u00e4\u00e4r\u00e4 nopeasti yl\u00f6sp\u00e4in ment\u00e4ess\u00e4. Yl\u00e4asemalla vastassa olikin todellinen <a title=\"Talven ihmemaa\" href=\"https:\/\/www.vuosiamaailmalla.fi\/?p=1329\">talven ihmemaa<\/a> ja t\u00e4ydelliset olosuhteet. \ud83d\ude1b<\/p>\n<p style=\"text-align: center;\"><a href=\"\/blog\/wp-content\/uploads\/2014\/lumisia_takamaiden_maisemia2.jpg\"><img decoding=\"async\" style=\"border: 0px none; margin: 5px;\" src=\"\/blog\/wp-content\/uploads\/2014\/thumbs\/thumbs_lumisia_takamaiden_maisemia2.jpg\" alt=\"\" \/><\/a><a href=\"\/blog\/wp-content\/uploads\/2014\/lumisia_takamaiden_maisemia1.jpg\"><img decoding=\"async\" style=\"border: 0px none; margin: 5px;\" src=\"\/blog\/wp-content\/uploads\/2014\/thumbs\/thumbs_lumisia_takamaiden_maisemia1.jpg\" alt=\"\" \/><\/a><\/p>\n<p style=\"text-align: center;\"><em>Runsaasti uutta lunta<\/em><\/p>\n<p style=\"text-align: justify;\">Koska olimme Blackcombin puolella, p\u00e4\u00e4timme siirty\u00e4 nopeasti <a title=\"Seitsem\u00e4nness\u00e4 taivaassa\" href=\"https:\/\/www.vuosiamaailmalla.fi\/?p=2686\">seitsem\u00e4nnen taivaan<\/a> puolelle, jossa rinteet ovat puhdasta parhautta. N\u00e4in oli nytkin, sill\u00e4 rinteit\u00e4 peitti kerros uutta lunta. Puurajan yl\u00e4puolella tuuli oli kinostanut rinteisiin lunta jopa toistakymment\u00e4 sentti\u00e4, mik\u00e4 ei ollut aivan kaikkien laskijoiden mieleen. Meill\u00e4 oli kuitenkin niin hauskaa, ett\u00e4 siirryimme toisiin rinteisiin vasta iltap\u00e4iv\u00e4ll\u00e4.<\/p>\n<p style=\"text-align: center;\"><a href=\"\/blog\/wp-content\/uploads\/2014\/lumisia_takamaiden_maisemia3.jpg\"><img decoding=\"async\" style=\"border: 0px none; margin: 5px;\" src=\"\/blog\/wp-content\/uploads\/2014\/lumisia_takamaiden_maisemia3.jpg\" alt=\"\" \/><\/a><\/p>\n<p style=\"text-align: center;\"><em> Taivaallinen laskettelukeli<\/em><\/p>\n<p style=\"text-align: justify;\">Lounaan j\u00e4lkeen keli muuttui hieman hankalammaksi, kun pilvet peittiv\u00e4t osan rinteist\u00e4. Valkeuden keskell\u00e4 oli eritt\u00e4in haastavaa n\u00e4hd\u00e4 rinteiden pinnanmuotoja, joten siirryimme puurajan alapuolelle, miss\u00e4 varjot antavat jonkinlaista osviittaa rinteest\u00e4. Iltap\u00e4iv\u00e4n p\u00e4\u00e4tteeksi matkasimme viel\u00e4 <em><a href=\"https:\/\/www.vuosiamaailmalla.fi\/?p=7000\">Peak 2 Peakill\u00e4<\/a><\/em> Whistlerin puolelle, jossa laskimme porukalla aina alas kyl\u00e4\u00e4n saakka.<\/p>\n<p style=\"text-align: justify;\">Kauden viimeinen laskettelup\u00e4iv\u00e4mme oli eritt\u00e4in onnistunut ja kaikki olivat uupuneita, mutta tyytyv\u00e4isi\u00e4. Mahtavaa oli, ettei rinteiss\u00e4 ollut mink\u00e4\u00e4nlaista ruuhkaa ja emme joutuneet jonottamaan yhdellek\u00e4\u00e4n hissille. Paluumatkalla Vancouveriin autoissa oli sangen hiljaista, kun jetlagin edelleen painamat vieraat nauttivat torkuista. \ud83d\ude44<\/p>\n<p style=\"text-align: justify;\">Maanantaina minulla ja Niinan veljell\u00e4 oli ohjelmassa kiert\u00e4\u00e4 paikallisissa kalastusliikkeiss\u00e4. Veli on kova kalamies ja British Columbia on kalastajan taivas, mink\u00e4 vuoksi paikallisista liikkeist\u00e4 l\u00f6ytyykin vaikka mit\u00e4 &#8211; ja halvalla! Laadukkaatkin kalastusv\u00e4lineet olivat veljen arvion mukaan helposti puolet halvempia kuin Suomessa ja tarjonta aivan eri tasolla. Yll\u00e4tt\u00e4en paras kalastustarvikekauppa oli <em>Army &amp; Navy<\/em> niminen liike keskustan liepeill\u00e4. T\u00e4m\u00e4 hieman halpahallimainen kauppa myy vaikka mit\u00e4 roinaa, mutta kalastustarvikkeet olivat priimatavaraa. Suomen kalavesiin l\u00e4htikin veljen mukana matkalaukullinen kalastustarvikkeita.<\/p>\n<p style=\"text-align: justify;\">Iltap\u00e4iv\u00e4st\u00e4 k\u00e4vimme koko porukalla kutkuttavalla <em>Capilano Suspension Bridgell\u00e4<\/em> sek\u00e4 l\u00e4heisell\u00e4 <a title=\"Capilano Canyon\" href=\"https:\/\/www.vuosiamaailmalla.fi\/?p=2032\"><em>Cleveland Damilla<\/em><\/a>. N\u00e4ist\u00e4 pitk\u00e4 riippusilta sek\u00e4 siell\u00e4 olevat toteemipaalut olivat suuresti vieraidemme mieleen ja lapsilla oli hauskaa ravata korkealla kulkevia kulkureittej\u00e4.<\/p>\n<p style=\"text-align: center;\"><a href=\"\/blog\/wp-content\/uploads\/2014\/capilano_suspension_bridge1.jpg\"><img decoding=\"async\" style=\"border: 0px none; margin: 5px;\" src=\"\/blog\/wp-content\/uploads\/2014\/thumbs\/thumbs_capilano_suspension_bridge1.jpg\" alt=\"\" \/><\/a><a href=\"\/blog\/wp-content\/uploads\/2014\/cliffwalk1.jpg\"><img decoding=\"async\" style=\"border: 0px none; margin: 5px;\" src=\"\/blog\/wp-content\/uploads\/2014\/thumbs\/thumbs_cliffwalk1.jpg\" alt=\"\" \/><\/a><a href=\"\/blog\/wp-content\/uploads\/2014\/hirmuisia_toteemipaaluja1.jpg\"><img decoding=\"async\" style=\"border: 0px none; margin: 5px;\" src=\"\/blog\/wp-content\/uploads\/2014\/thumbs\/thumbs_hirmuisia_toteemipaaluja1.jpg\" alt=\"\" \/><\/a><\/p>\n<p style=\"text-align: center;\"><em>Capilano Suspension Bridgell\u00e4<\/em><\/p>\n<p style=\"text-align: center;\"><a href=\"\/blog\/wp-content\/uploads\/2014\/hirmuisia_toteemipaaluja3.jpg\"><img decoding=\"async\" style=\"border: 0px none; margin: 5px;\" src=\"\/blog\/wp-content\/uploads\/2014\/thumbs\/thumbs_hirmuisia_toteemipaaluja3.jpg\" alt=\"\" \/><\/a><a href=\"\/blog\/wp-content\/uploads\/2014\/hirmuisia_toteemipaaluja2.jpg\"><img decoding=\"async\" style=\"border: 0px none; margin: 5px;\" src=\"\/blog\/wp-content\/uploads\/2014\/thumbs\/thumbs_hirmuisia_toteemipaaluja2.jpg\" alt=\"\" \/><\/a><\/p>\n<p style=\"text-align: center;\"><em>Hirmuisia toteemipaaluja<\/em><\/p>\n<p style=\"text-align: justify;\">Tiistaina meill\u00e4 oli Niinan kanssa j\u00e4lleen ty\u00f6p\u00e4iv\u00e4, mink\u00e4 aikana vieraamme k\u00e4viv\u00e4t Vancouverin akvaariossa. T\u00f6ist\u00e4 p\u00e4\u00e4sty\u00e4mme l\u00e4hdimme koko porukalla juhlaillalliselle Queen Elizabeth Parkiin. Appiukolla oli nimitt\u00e4in tiistaina merkkip\u00e4iv\u00e4, jota juhlistimme koko perheen voimin loistavassa <em>Seasons<\/em> maisemaravintolassa. P\u00f6yd\u00e4st\u00e4mme aukeni hieno maisema pimenev\u00e4n Vancouverin keskustan suuntaan.<\/p>\n<p style=\"text-align: center;\"><a href=\"\/blog\/wp-content\/uploads\/2014\/valokuvaajat.jpg\"><img decoding=\"async\" style=\"border: 0px none; margin: 5px;\" src=\"\/blog\/wp-content\/uploads\/2014\/valokuvaajat.jpg\" alt=\"\" \/><\/a><\/p>\n<p style=\"text-align: center;\"><em>Valokuvaajat valokuvattavana<\/em><\/p>\n<p style=\"text-align: center;\"><a href=\"\/blog\/wp-content\/uploads\/2014\/seasons_illallinen3.jpg\"><img decoding=\"async\" style=\"border: 0px none; margin: 5px;\" src=\"\/blog\/wp-content\/uploads\/2014\/thumbs\/thumbs_seasons_illallinen3.jpg\" alt=\"\" \/><\/a><a href=\"\/blog\/wp-content\/uploads\/2014\/seasons_illallinen1.jpg\"><img decoding=\"async\" style=\"border: 0px none; margin: 5px;\" src=\"\/blog\/wp-content\/uploads\/2014\/thumbs\/thumbs_seasons_illallinen1.jpg\" alt=\"\" \/><\/a><a href=\"\/blog\/wp-content\/uploads\/2014\/seasons_illallinen2.jpg\"><img decoding=\"async\" style=\"border: 0px none; margin: 5px;\" src=\"\/blog\/wp-content\/uploads\/2014\/thumbs\/thumbs_seasons_illallinen2.jpg\" alt=\"\" \/><\/a><\/p>\n<p style=\"text-align: center;\"><em>Juhlaillallinen<\/em><\/p>\n<p style=\"text-align: center;\"><a href=\"\/blog\/wp-content\/uploads\/2014\/seasons_in_the_park2.jpg\"><img decoding=\"async\" style=\"border: 0px none; margin: 5px;\" src=\"\/blog\/wp-content\/uploads\/2014\/thumbs\/thumbs_seasons_in_the_park2.jpg\" alt=\"\" \/><\/a><a href=\"\/blog\/wp-content\/uploads\/2014\/seasons_in_the_park3.jpg\"><img decoding=\"async\" style=\"border: 0px none; margin: 5px;\" src=\"\/blog\/wp-content\/uploads\/2014\/thumbs\/thumbs_seasons_in_the_park3.jpg\" alt=\"\" \/><\/a><a href=\"\/blog\/wp-content\/uploads\/2014\/seasons_in_the_park1.jpg\"><img decoding=\"async\" style=\"border: 0px none; margin: 5px;\" src=\"\/blog\/wp-content\/uploads\/2014\/thumbs\/thumbs_seasons_in_the_park1.jpg\" alt=\"\" \/><\/a><\/p>\n<p style=\"text-align: center;\"><em>Illallispaikka maisemalla<\/em><\/p>\n<p style=\"text-align: justify;\">Keskiviikkona vieraamme vierailivat viel\u00e4 omin nokkinensa Granville Islandilla, mink\u00e4 j\u00e4lkeen illalla koitti paluumatkan aika. Vaikka heid\u00e4n vierailunsa olikin vain kuusip\u00e4iv\u00e4inen, kerkesimme kuitenkin tehd\u00e4 monenlaisia asioita ja kokonaisuutena aika tuntuikin pidemm\u00e4lt\u00e4 kuin se olikin. British Columbia teki vaikutuksen vieraisiimme ja n\u00e4m\u00e4 jo haaveilivatkin palaavansa t\u00e4nne uudelleen. Seuraavan kerran kenties vain l\u00e4mpim\u00e4\u00e4n kes\u00e4aikaan. \ud83d\ude42<\/p>\n","protected":false},"excerpt":{"rendered":"<p>Kev\u00e4\u00e4n merkitt\u00e4vin juhlapyh\u00e4 p\u00e4\u00e4si\u00e4inen oli ja meni viikko sitten. P\u00e4\u00e4si\u00e4inen osui t\u00e4n\u00e4 vuonna sangen my\u00f6h\u00e4iseen ajankohtaan huhtikuun puoliv\u00e4lin kieppeille ja saimme silloin luoksemme katraan vieraita. T\u00e4m\u00e4n vuoden vieraskauden avasivat Niinan vanhemmat sek\u00e4 h\u00e4nen veljens\u00e4 perhe, jotka vierailivat luonamme kuuden p\u00e4iv\u00e4n ajan. Appivanhemmat k\u00e4viv\u00e4t luonamme viimeeksi viime toukokuussa, mutta veljen perhe on vieraillut luonamme edellisen kerran &hellip; <a href=\"https:\/\/www.vuosiamaailmalla.fi\/blog\/2014\/paasiaisvieraita\/\" class=\"more-link\">Jatka lukemista<span class=\"screen-reader-text\"> &#8221;P\u00e4\u00e4si\u00e4isvieraita&#8221;<\/span><\/a><\/p>\n","protected":false},"author":1,"featured_media":11221,"comment_status":"open","ping_status":"open","sticky":false,"template":"","format":"standard","meta":{"_jetpack_memberships_contains_paid_content":false,"footnotes":""},"categories":[17,3,778,774],"tags":[727,935,173,184,565,1022,484,936,726,939,940,725,218],"class_list":["post-2889","post","type-post","status-publish","format-standard","has-post-thumbnail","hentry","category-arki-kanadassa","category-arki-ulkomailla","category-laskettelu-ulkoilu","category-ulkoilu","tag-capilano-suspension-bridge","tag-kanada","tag-laskettelu","tag-north-vancouver","tag-pemberton","tag-paasiainen","tag-queen-elizabeth-park","tag-ravintolat","tag-seasons-in-the-park","tag-vancouver","tag-vancouver-downtown","tag-vierailu","tag-whistler"],"jetpack_featured_media_url":"https:\/\/www.vuosiamaailmalla.fi\/blog\/wp-content\/uploads\/seasons_in_the_park_banner-1.jpg","jetpack_sharing_enabled":true,"_links":{"self":[{"href":"https:\/\/www.vuosiamaailmalla.fi\/blog\/wp-json\/wp\/v2\/posts\/2889","targetHints":{"allow":["GET"]}}],"collection":[{"href":"https:\/\/www.vuosiamaailmalla.fi\/blog\/wp-json\/wp\/v2\/posts"}],"about":[{"href":"https:\/\/www.vuosiamaailmalla.fi\/blog\/wp-json\/wp\/v2\/types\/post"}],"author":[{"embeddable":true,"href":"https:\/\/www.vuosiamaailmalla.fi\/blog\/wp-json\/wp\/v2\/users\/1"}],"replies":[{"embeddable":true,"href":"https:\/\/www.vuosiamaailmalla.fi\/blog\/wp-json\/wp\/v2\/comments?post=2889"}],"version-history":[{"count":2,"href":"https:\/\/www.vuosiamaailmalla.fi\/blog\/wp-json\/wp\/v2\/posts\/2889\/revisions"}],"predecessor-version":[{"id":11222,"href":"https:\/\/www.vuosiamaailmalla.fi\/blog\/wp-json\/wp\/v2\/posts\/2889\/revisions\/11222"}],"wp:featuredmedia":[{"embeddable":true,"href":"https:\/\/www.vuosiamaailmalla.fi\/blog\/wp-json\/wp\/v2\/media\/11221"}],"wp:attachment":[{"href":"https:\/\/www.vuosiamaailmalla.fi\/blog\/wp-json\/wp\/v2\/media?parent=2889"}],"wp:term":[{"taxonomy":"category","embeddable":true,"href":"https:\/\/www.vuosiamaailmalla.fi\/blog\/wp-json\/wp\/v2\/categories?post=2889"},{"taxonomy":"post_tag","embeddable":true,"href":"https:\/\/www.vuosiamaailmalla.fi\/blog\/wp-json\/wp\/v2\/tags?post=2889"}],"curies":[{"name":"wp","href":"https:\/\/api.w.org\/{rel}","templated":true}]}}