{"id":2905,"date":"2014-05-02T18:28:15","date_gmt":"2014-05-03T01:28:15","guid":{"rendered":"http:\/\/13.53.127.146\/?p=2905"},"modified":"2021-07-01T17:38:13","modified_gmt":"2021-07-02T00:38:13","slug":"helteinen-vappu","status":"publish","type":"post","link":"https:\/\/www.vuosiamaailmalla.fi\/blog\/2014\/helteinen-vappu\/","title":{"rendered":"Helteinen vappu"},"content":{"rendered":"<p style=\"text-align: justify;\">Kanadassa ei juhlita vappua, mutta toukokuun ensimm\u00e4isen\u00e4 p\u00e4iv\u00e4n\u00e4 oli silti aihetta juhlaan. Tuolloin nimitt\u00e4in koitti vuoden ensimm\u00e4inen <a title=\"Kaikkien aikojen enn\u00e4tyshelle\" href=\"https:\/\/www.vuosiamaailmalla.fi\/blog\/2021\/kaikkien-aikojen-ennatyshelle\/\">hellep\u00e4iv\u00e4<\/a>, kun elohopea kohosi moni paikoin yli maagisen +25 asteen. Vancouverissakin oltiin hellerajan tuntumassa +22 asteen lukemissa, mutta huomattavasti korkeammalle mentiin metropolialueen it\u00e4osassa, jossa vuorten l\u00e4hettyvill\u00e4 mitattiin +29 asteen l\u00e4mp\u00f6j\u00e4. My\u00f6s Whistleriss\u00e4 ja Pembertonissa oli kes\u00e4isen kuumaa, kun mittari n\u00e4ytti +27 ja +29 astetta.<\/p>\n<p><!--more--><\/p>\n<p style=\"text-align: center;\"><a href=\"\/blog\/wp-content\/uploads\/2014\/helteinen_vappu2.jpg\"><img decoding=\"async\" style=\"border: 0px none; margin: 5px;\" src=\"\/blog\/wp-content\/uploads\/2014\/helteinen_vappu2.jpg\" alt=\"\" \/><\/a><\/p>\n<p style=\"text-align: center;\"><em>Ennuste p\u00e4iv\u00e4lle lupasi viel\u00e4kin l\u00e4mpim\u00e4mp\u00e4\u00e4&#8230;<\/em><\/p>\n<p style=\"text-align: justify;\">Kaikkein suurin l\u00e4mp\u00f6tila mitattiin British Columbian sis\u00e4maassa Ashcroftin pikkukyl\u00e4ss\u00e4, jossa l\u00e4mp\u00f6tila saavutti +30,2 asteen lukemat. Kyseess\u00e4 on t\u00e4m\u00e4n vuoden ensimm\u00e4inen kolmenkympin ylitys koko maassa.<\/p>\n<p style=\"text-align: justify;\">Virallisiakin lukemia korkeampia tarjoilivat ep\u00e4viralliset mittaukset vappup\u00e4iv\u00e4n mittaan ja on pakko sanoa, ett\u00e4 torstai tuntuikin paljon l\u00e4mpim\u00e4mm\u00e4lt\u00e4 kuin viralliset tulokset antavat ymm\u00e4rt\u00e4\u00e4. Niin tai n\u00e4in, kes\u00e4st\u00e4 on nyt vahva lupaus vaikka toukokuu ja varsinkin <a title=\"Juneary sek\u00e4 keskikes\u00e4 Kanadassa\" href=\"https:\/\/www.vuosiamaailmalla.fi\/?p=119\">kes\u00e4kuu<\/a> voivatkin viel\u00e4 tuoda viile\u00e4n yll\u00e4tyksen..<\/p>\n<p style=\"text-align: center;\"><a href=\"\/blog\/wp-content\/uploads\/2014\/helteinen_vappu3.jpg\"><img decoding=\"async\" style=\"border: 0px none; margin: 5px;\" src=\"\/blog\/wp-content\/uploads\/2014\/thumbs\/thumbs_helteinen_vappu3.jpg\" alt=\"\" \/><\/a><a href=\"\/blog\/wp-content\/uploads\/2014\/helteinen_vappu.jpg\"><img decoding=\"async\" style=\"border: 0px none; margin: 5px;\" src=\"\/blog\/wp-content\/uploads\/2014\/thumbs\/thumbs_helteinen_vappu.jpg\" alt=\"\" \/><\/a><\/p>\n<p style=\"text-align: center;\"><em>Ep\u00e4virallisia mittauksia p\u00e4iv\u00e4n mittaan<\/em><\/p>\n","protected":false},"excerpt":{"rendered":"<p>Kanadassa ei juhlita vappua, mutta toukokuun ensimm\u00e4isen\u00e4 p\u00e4iv\u00e4n\u00e4 oli silti aihetta juhlaan. Tuolloin nimitt\u00e4in koitti vuoden ensimm\u00e4inen hellep\u00e4iv\u00e4, kun elohopea kohosi moni paikoin yli maagisen +25 asteen. Vancouverissakin oltiin hellerajan tuntumassa +22 asteen lukemissa, mutta huomattavasti korkeammalle mentiin metropolialueen it\u00e4osassa, jossa vuorten l\u00e4hettyvill\u00e4 mitattiin +29 asteen l\u00e4mp\u00f6j\u00e4. My\u00f6s Whistleriss\u00e4 ja Pembertonissa oli kes\u00e4isen kuumaa, kun &hellip; <a href=\"https:\/\/www.vuosiamaailmalla.fi\/blog\/2014\/helteinen-vappu\/\" class=\"more-link\">Jatka lukemista<span class=\"screen-reader-text\"> &#8221;Helteinen vappu&#8221;<\/span><\/a><\/p>\n","protected":false},"author":1,"featured_media":11298,"comment_status":"open","ping_status":"open","sticky":false,"template":"","format":"standard","meta":{"_jetpack_memberships_contains_paid_content":false,"footnotes":""},"categories":[17,3],"tags":[25,935,160,565,270,939,728,218],"class_list":["post-2905","post","type-post","status-publish","format-standard","has-post-thumbnail","hentry","category-arki-kanadassa","category-arki-ulkomailla","tag-ajankohtaista","tag-kanada","tag-kevat","tag-pemberton","tag-saa","tag-vancouver","tag-vappu","tag-whistler"],"jetpack_featured_media_url":"https:\/\/www.vuosiamaailmalla.fi\/blog\/wp-content\/uploads\/helteinen_vappu_banner-1.jpg","jetpack_sharing_enabled":true,"_links":{"self":[{"href":"https:\/\/www.vuosiamaailmalla.fi\/blog\/wp-json\/wp\/v2\/posts\/2905","targetHints":{"allow":["GET"]}}],"collection":[{"href":"https:\/\/www.vuosiamaailmalla.fi\/blog\/wp-json\/wp\/v2\/posts"}],"about":[{"href":"https:\/\/www.vuosiamaailmalla.fi\/blog\/wp-json\/wp\/v2\/types\/post"}],"author":[{"embeddable":true,"href":"https:\/\/www.vuosiamaailmalla.fi\/blog\/wp-json\/wp\/v2\/users\/1"}],"replies":[{"embeddable":true,"href":"https:\/\/www.vuosiamaailmalla.fi\/blog\/wp-json\/wp\/v2\/comments?post=2905"}],"version-history":[{"count":2,"href":"https:\/\/www.vuosiamaailmalla.fi\/blog\/wp-json\/wp\/v2\/posts\/2905\/revisions"}],"predecessor-version":[{"id":12324,"href":"https:\/\/www.vuosiamaailmalla.fi\/blog\/wp-json\/wp\/v2\/posts\/2905\/revisions\/12324"}],"wp:featuredmedia":[{"embeddable":true,"href":"https:\/\/www.vuosiamaailmalla.fi\/blog\/wp-json\/wp\/v2\/media\/11298"}],"wp:attachment":[{"href":"https:\/\/www.vuosiamaailmalla.fi\/blog\/wp-json\/wp\/v2\/media?parent=2905"}],"wp:term":[{"taxonomy":"category","embeddable":true,"href":"https:\/\/www.vuosiamaailmalla.fi\/blog\/wp-json\/wp\/v2\/categories?post=2905"},{"taxonomy":"post_tag","embeddable":true,"href":"https:\/\/www.vuosiamaailmalla.fi\/blog\/wp-json\/wp\/v2\/tags?post=2905"}],"curies":[{"name":"wp","href":"https:\/\/api.w.org\/{rel}","templated":true}]}}