{"id":2915,"date":"2011-01-18T10:01:59","date_gmt":"2011-01-18T18:01:59","guid":{"rendered":"http:\/\/13.53.127.146\/?p=2915"},"modified":"2017-11-13T13:18:57","modified_gmt":"2017-11-13T21:18:57","slug":"kameralaitteisto-canon-500d-rebel-t1i","status":"publish","type":"post","link":"https:\/\/www.vuosiamaailmalla.fi\/blog\/2011\/kameralaitteisto-canon-500d-rebel-t1i\/","title":{"rendered":"Kameralaitteisto: Canon EOS 500D (Rebel T1i)"},"content":{"rendered":"<p style=\"text-align: justify;\">Kuvauskaluston kaikkein keskeisin osa on kamerarunko, joka itsell\u00e4ni on nyt jo vanhaa mallia oleva <em>Canon EOS\u00a0500D<\/em>. Tarkemmin sanottuna runkoni on <em>Rebel T1i<\/em>, joka on 500D:n mallinimi Pohjois-Amerikassa, josta ostin rungon Toronton matkallamme toukokuussa 2009. Kameramaailmassa isoja merkkej\u00e4 on l\u00e4hinn\u00e4 kaksi: <em>Canon<\/em> ja <em>Nikon<\/em>. Molemmat ovat k\u00e4sitt\u00e4\u00e4kseni kokolailla tasavahvoja ja p\u00e4\u00e4dyinkin itse Canoniin l\u00e4hinn\u00e4 valmistajan pokkareista j\u00e4\u00e4neen hyv\u00e4n mielikuvan perusteella. <em>&#8221;Jos merkiss\u00e4 ei ole mit\u00e4\u00e4n vikaa, miksi vaihtaa?&#8221;<\/em> oli j\u00e4rkeilyni ja reilun kahden vuoden k\u00e4yt\u00f6n perusteella t\u00e4m\u00e4 piti hyvin paikkansa.<\/p>\n<p><!--more--><\/p>\n<p style=\"text-align: justify;\">Kyseess\u00e4 on ensimm\u00e4inen j\u00e4rjestelm\u00e4kamerarunkoni, mik\u00e4 onkin kategoria johon Canon on kyseisen rungon tarkoittanutkin. Hieman halvempaan <em>1000D<\/em> malliin ei mielest\u00e4ni kannata koskea, sill\u00e4 kolminumeroinen mallisto tarjoaa enemm\u00e4n ominaisuuksia olemattomalla v\u00e4lirahalla. Mainittakoon t\u00e4ss\u00e4 vaiheessa, ett\u00e4 vaikka 500D onkin t\u00e4m\u00e4nhetkinen runkoni, on minulla tarkoitus p\u00e4ivitt\u00e4\u00e4 se <a title=\"Kameralaitteisto: Canon EOS 5D Mark III\" href=\"https:\/\/www.vuosiamaailmalla.fi\/?p=3242\"><em>Canon EOS 5D Mark III<\/em><\/a> -runkoon heti sen ilmestytty\u00e4. T\u00e4m\u00e4n vuoksi seuraavassa verrataankin paikoin n\u00e4it\u00e4 aivan eri luokan runkoja kesken\u00e4\u00e4n.<\/p>\n<p style=\"text-align: center;\"><a href=\"\/blog\/wp-content\/uploads\/2014\/canon_eos_500d_6.jpg\"><img decoding=\"async\" style=\"border: 0px none; margin: 5px;\" src=\"\/blog\/wp-content\/uploads\/2014\/canon_eos_500d_6.jpg\" alt=\"\" \/><\/a><\/p>\n<p style=\"text-align: center;\"><em>Canon EOS 500D<\/em><\/p>\n<p style=\"text-align: justify;\">500D:ssa on 1,6-kertoimen &#8221;kroppikenno&#8221;, mill\u00e4 on hyv\u00e4t ja huonot puolensa. Alussa kun linssej\u00e4 on yleens\u00e4 v\u00e4h\u00e4n, on kertoimen tarjoamasta lis\u00e4ulottuvuudesta yleens\u00e4 iloa. Kun repusta hieman my\u00f6hemmin l\u00f6ytyy <a title=\"Kameralaitteisto: Canon EF 70-200mm f\/4 L IS USM\" href=\"https:\/\/www.vuosiamaailmalla.fi\/?p=3016\">kunnon zoom-linssi<\/a>, alkaa monissa tilanteissa kaipaamaan ennemminkin t\u00e4ysrungon tarjoamaa laajuutta. T\u00e4m\u00e4 p\u00e4tee erityisesti korkeita rakennuksia sek\u00e4 sis\u00e4tiloja kuvatessa, joissa kamerasta loppuu helposti laajuus <a href=\"https:\/\/www.vuosiamaailmalla.fi\/?p=7552\">laajakulmaisellakin linssill\u00e4<\/a>. T\u00e4m\u00e4 on ehdottomasti suurin yksitt\u00e4inen syy itselleni hankkia my\u00f6hemmin 5D-runko. \ud83d\udca1<\/p>\n<p style=\"text-align: justify;\">Kameran runko on muovinen ja siten kevyt (475 grammaa). Se on suuri plussa kameraa koko p\u00e4iv\u00e4 kannettaessa, mutta varsinkin <a href=\"https:\/\/www.vuosiamaailmalla.fi\/?p=2927\">laadukkaiden L-linssien<\/a> kanssa 500D on hieman turhankin heppoinen. Kevyt runko tekee kamerasta etupainoisen, mik\u00e4 haittaa kuvauksen vakautta. Arvostan kuitenkin keveytt\u00e4 siin\u00e4 m\u00e4\u00e4rin, ett\u00e4 aion s\u00e4ilytt\u00e4\u00e4 500D-rungon k\u00e4yt\u00f6ss\u00e4 5D:hen p\u00e4ivitt\u00e4misen j\u00e4lkeenkin. Aina ei nimitt\u00e4in tarvitse parhaita mahdollisia ominaisuuksia, vaan yksinkertainen keveys voi olla parasta tilanteessa.<\/p>\n<p style=\"text-align: center;\"><a href=\"\/blog\/wp-content\/uploads\/2014\/canon_eos_500d_2.jpg\"><img decoding=\"async\" style=\"border: 0px none; margin: 5px;\" src=\"\/blog\/wp-content\/uploads\/2014\/thumbs\/thumbs_canon_eos_500d_2.jpg\" alt=\"\" \/><\/a><a href=\"\/blog\/wp-content\/uploads\/2014\/canon_eos_500d_1.jpg\"><img decoding=\"async\" style=\"border: 0px none; margin: 5px;\" src=\"\/blog\/wp-content\/uploads\/2014\/thumbs\/thumbs_canon_eos_500d_1.jpg\" alt=\"\" \/><\/a><\/p>\n<p style=\"text-align: center;\"><em>P\u00f6lyinen vaan ei tarpeeton kakkosrunko<\/em><\/p>\n<p style=\"text-align: justify;\">Huonona puolena 500D:ss\u00e4 on vain yhdeks\u00e4n tarkennuspistett\u00e4, mik\u00e4 ei mielest\u00e4ni takaa aina onnistunutta <em>auto-focusta<\/em>. Vaikka kokonaisuuteen vaikuttaa my\u00f6s k\u00e4ytetty linssi, uskon 5D:n kymmenien tarkennuspisteiden parantavan toimintaa sek\u00e4 tuovan joustavuutta kuvaustilanteisiin. Yhdeks\u00e4n on vain liian v\u00e4h\u00e4n ja kamera mittaa focuksen aina v\u00e4lill\u00e4 halutun vastaisesti ja tuloksena on v\u00e4\u00e4rin tarkentunut valokuva.<\/p>\n<p style=\"text-align: justify;\">Kennon tarkkuus on 15,1 megapikseli\u00e4. Se on yleens\u00e4 riitt\u00e4v\u00e4sti, mutta jos kuvia joutuu hiemankaan rajummin kroppaamaan, alkaa kuvien tarkkuus sangen nopeasti k\u00e4rsi\u00e4. Uskoisinkin noin kymmenen lis\u00e4megapikselin t\u00e4ytt\u00e4v\u00e4n kaikenlaiset k\u00e4ytt\u00f6tilanteet. Jos kroppaus j\u00e4tet\u00e4\u00e4n huomiotta, on 500D kuvanlaadultaan omasta mielest\u00e4ni loistava. Halvaksi rungoksi sill\u00e4 saa varsinkin hyvill\u00e4 L-linsseill\u00e4 uskomattoman tarkkoja kuvia. Kuvanlaatuun vaikuttaakin kaikkein eniten k\u00e4ytetty optiikka ja vasta pitk\u00e4ll\u00e4 erotuksella kamerarungon laatu. Kuvanlaatu nousee kuitenkin ongelmaksi kun kuvataan h\u00e4m\u00e4r\u00e4ss\u00e4. 500D:n kuvissa on n\u00e4ht\u00e4viss\u00e4 sangen helposti kohinaa, mutta arvioisin sen silti suoriutuvan todella hyvin hintaluokassaan.<\/p>\n<p style=\"text-align: center;\"><a href=\"\/blog\/wp-content\/uploads\/2014\/canon_eos_500d_3.jpg\"><img decoding=\"async\" style=\"border: 0px none; margin: 5px;\" src=\"\/blog\/wp-content\/uploads\/2014\/canon_eos_500d_3.jpg\" alt=\"\" \/><\/a><\/p>\n<p style=\"text-align: center;\"><em>50 000+ valokuvaa mittarissa<\/em><\/p>\n<p style=\"text-align: justify;\">Video-ominaisuudet ovat 500D:ss\u00e4 loistavat. Kamera oli ensimm\u00e4isi\u00e4 halpoja j\u00e4rkk\u00e4reit\u00e4 <em>Full HD<\/em> -videokuvauksella, tosin siihen liittyy pieni mutta. 1080p-tarkkuudella kuvausnopeus on vain 20fps, joka tekee 30fps nopeuteen ylt\u00e4v\u00e4st\u00e4 720p-tarkkuudesta ainoan k\u00e4ytt\u00f6kelpoisen. T\u00e4ss\u00e4 5D-runko tulee tuomaan huomattavan parannuksen, tosin sill\u00e4 ei ole itselleni niin merkityst\u00e4. T\u00e4h\u00e4nkin saakka ottamani <a href=\"https:\/\/www.youtube.com\/user\/Klazu\">videot<\/a> ovat niin amat\u00f6\u00f6rim\u00e4isi\u00e4, ett\u00e4 niiden tarkkuudella ei ole niin suurta v\u00e4li\u00e4. \ud83d\ude44<\/p>\n<p style=\"text-align: justify;\">500D:n suurin plussa on sen loistava n\u00e4ytt\u00f6, joka on paitsi tarkka (920 000 pikseli\u00e4), my\u00f6s eritt\u00e4in kirkas. N\u00e4ytt\u00f6 on jopa niin laadukas, ett\u00e4 siit\u00e4 muodostuu yksi pieni miinus kameralle. Ei ole nimitt\u00e4in ihan yksi kerta, kun olen luullut LCD-n\u00e4yt\u00f6n perusteella ottaneeni onnistuneen kuvan, joka kotona tietokoneen ruudulla katsottuna onkin paljastunut ep\u00e4tarkaksi. Ongelma on, ett\u00e4 KAIKKI\u00a0kuvat n\u00e4ytt\u00e4v\u00e4t uskomattoman hyvilt\u00e4 500D:n laadukkaalla n\u00e4yt\u00f6ll\u00e4. N\u00e4in ollen kameran n\u00e4ytt\u00f6 on samaan aikaan iso plussa ja pieni miinus. \ud83d\ude2e<\/p>\n<p style=\"text-align: center;\"><a href=\"\/blog\/wp-content\/uploads\/2014\/canon_eos_500d_5.jpg\"><img decoding=\"async\" style=\"border: 0px none; margin: 5px;\" src=\"\/blog\/wp-content\/uploads\/2014\/thumbs\/thumbs_canon_eos_500d_5.jpg\" alt=\"\" \/><\/a><a href=\"\/blog\/wp-content\/uploads\/2014\/canon_eos_500d_4.jpg\"><img decoding=\"async\" style=\"border: 0px none; margin: 5px;\" src=\"\/blog\/wp-content\/uploads\/2014\/thumbs\/thumbs_canon_eos_500d_4.jpg\" alt=\"\" \/><\/a><\/p>\n<p style=\"text-align: center;\"><em>N\u00e4ytt\u00f6 ja hallintapaneeli<\/em><\/p>\n<p style=\"text-align: justify;\">Kaikesta yll\u00e4 esitetyst\u00e4 nipotuksesta huolimatta kyse on loistavasta kamerarungosta, jonka pienet miinukset eiv\u00e4t ole rajoittaneet kuvaamistani juuri miss\u00e4\u00e4n tilanteessa. Olen ottanut rungollani noin 30 000 kuvaa ja olen ollut p\u00e4\u00e4asiallisesti eritt\u00e4in tyytyv\u00e4inen lopputulokseen. Vaikka halvan rungon rajat ovatkin tulleet vastaan taitojen kasvun sek\u00e4 parantuneen muun laitteiston (optiikan) my\u00f6t\u00e4, voin kuvitella monen kuvaajan p\u00e4rj\u00e4\u00e4v\u00e4n t\u00e4m\u00e4nlaisella rungolla l\u00e4pi el\u00e4m\u00e4ns\u00e4. 500D suoriutuu loistavasti my\u00f6s huippulaatuisen optiikan parina, mutta ehk\u00e4 se pienesti rajaa huippuoptiikan mahdollisuuksia. Se selvi\u00e4\u00e4 k\u00e4yt\u00e4nn\u00f6ss\u00e4 kunhan 5D\u00a0Mark III\u00a0ilmestyy puolen vuoden sis\u00e4\u00e4n ja p\u00e4\u00e4sen kokeilemaan sit\u00e4. Tuolloinkin 500D tulee silti palvelemaan matkoilla kakkosrunkona ja esimerkiksi Niinan ensisijaisena kamerana. Siin\u00e4 k\u00e4yt\u00f6ss\u00e4 rungolla on viel\u00e4 paljon k\u00e4ytt\u00f6vuosia edess\u00e4\u00e4n.<\/p>\n<p style=\"text-align: justify;\"><span style=\"text-decoration: underline;\"><strong>8. toukokuuta 2014 p\u00e4ivitys<\/strong><\/span>:<\/p>\n<p style=\"text-align: justify;\">K\u00e4yt\u00f6ss\u00e4ni on ollut nyt reilun vuoden Canon EOS 5D Mark III -runko. Olen kirjoittanut sen k\u00e4ytt\u00f6kokemuksista enemm\u00e4n sen oman kirjoituksen yhteydess\u00e4, mutta sen j\u00e4lkeenkin 500D on edelleen puoltanut paikkansa kakkoskameranani (kolmoskamerani on <a title=\"Kameralaitteisto: Nokia Lumia 1020\" href=\"https:\/\/www.vuosiamaailmalla.fi\/?p=2522\"><em>Nokia Lumia 1020<\/em><\/a>). Varsinkin zoom-linssin kiinnitt\u00e4\u00e4 mieluiten kroppirunkoon, joka lis\u00e4\u00e4 ulottuvuutta entisest\u00e4\u00e4n.<\/p>\n<p style=\"text-align: justify;\">Eli 50 000 valokuvasta huolimatta 500D:ni on edelleen hyv\u00e4ss\u00e4 kunnossa. Ik\u00e4 toki n\u00e4kyy siin\u00e4 ja muutamia kuolleita pikseleit\u00e4kin on ilmestynyt kennolle. N\u00e4m\u00e4 huomaa kuitenkin vain y\u00f6kuvissa ja on helppo &#8221;poistaa&#8221; <em>Photoshopissa<\/em>. Ainoa todellinen harmi oli, kun pudotin kameran auton etupenkin metallikiskolle ja tietenkin n\u00e4ytt\u00f6 edell\u00e4. N\u00e4ytt\u00f6 toimii edelleen, mutta sit\u00e4 koristaa nykyisin karu teippiviritys. Ehk\u00e4 kakkoskamera pit\u00e4\u00e4kin jossain v\u00e4liss\u00e4 p\u00e4ivitt\u00e4\u00e4, mutta ainakin viel\u00e4 se palvelee hyvin\u00a0 &#8211; viiden vuoden j\u00e4lkeen. \ud83d\ude2e<\/p>\n<p style=\"text-align: center;\"><a href=\"\/blog\/wp-content\/uploads\/2014\/hupsis.jpg\"><img decoding=\"async\" style=\"border: 0px none; margin: 5px;\" src=\"\/blog\/wp-content\/uploads\/2014\/hupsis.jpg\" alt=\"\" \/><\/a><\/p>\n<p style=\"text-align: center;\"><em>Arpi ja lihashaava<\/em><\/p>\n<p style=\"text-align: justify;\"><em>Valokuvaus on yksi t\u00e4m\u00e4n blogin sivuteema ja ottamiamme valokuvia on n\u00e4ytill\u00e4 tuhansia. Lieneekin paikallaan lausua muutama sana k\u00e4ytt\u00f6ss\u00e4mme olevasta <a href=\"https:\/\/www.vuosiamaailmalla.fi\/?tag=kameralaitteisto\">kuvaslaitteistosta<\/a>. Tarkoitus ei ole esitell\u00e4 tarkkaan mit\u00e4\u00e4n laitteiston osaa, sill\u00e4 t\u00e4m\u00e4n tekev\u00e4t paljon paremmin netin kymmenet kamerasivustot (<\/em><a href=\"http:\/\/the-digital-picture.com\/\"><em>t\u00e4ss\u00e4<\/em><\/a><em> er\u00e4s itse\u00e4ni miellytt\u00e4v\u00e4). Sen sijaan kerron k\u00e4yt\u00e4nn\u00f6nl\u00e4heisesti omista k\u00e4ytt\u00f6kokemuksestani ja huomioistani pitk\u00e4n k\u00e4yt\u00f6n j\u00e4lkeen.<\/em><\/p>\n","protected":false},"excerpt":{"rendered":"<p>Kuvauskaluston kaikkein keskeisin osa on kamerarunko, joka itsell\u00e4ni on nyt jo vanhaa mallia oleva Canon EOS\u00a0500D. Tarkemmin sanottuna runkoni on Rebel T1i, joka on 500D:n mallinimi Pohjois-Amerikassa, josta ostin rungon Toronton matkallamme toukokuussa 2009. Kameramaailmassa isoja merkkej\u00e4 on l\u00e4hinn\u00e4 kaksi: Canon ja Nikon. Molemmat ovat k\u00e4sitt\u00e4\u00e4kseni kokolailla tasavahvoja ja p\u00e4\u00e4dyinkin itse Canoniin l\u00e4hinn\u00e4 valmistajan pokkareista &hellip; <a href=\"https:\/\/www.vuosiamaailmalla.fi\/blog\/2011\/kameralaitteisto-canon-500d-rebel-t1i\/\" class=\"more-link\">Jatka lukemista<span class=\"screen-reader-text\"> &#8221;Kameralaitteisto: Canon EOS 500D (Rebel T1i)&#8221;<\/span><\/a><\/p>\n","protected":false},"author":1,"featured_media":9311,"comment_status":"open","ping_status":"open","sticky":false,"template":"","format":"standard","meta":{"_jetpack_memberships_contains_paid_content":false,"footnotes":""},"categories":[6],"tags":[731,732,651],"class_list":["post-2915","post","type-post","status-publish","format-standard","has-post-thumbnail","hentry","category-laitteita-ja-vempaimia","tag-canon","tag-canon-eos-500d","tag-kameralaitteisto"],"jetpack_featured_media_url":"https:\/\/www.vuosiamaailmalla.fi\/blog\/wp-content\/uploads\/canon_eos_500d_banner.jpg","jetpack_sharing_enabled":true,"_links":{"self":[{"href":"https:\/\/www.vuosiamaailmalla.fi\/blog\/wp-json\/wp\/v2\/posts\/2915","targetHints":{"allow":["GET"]}}],"collection":[{"href":"https:\/\/www.vuosiamaailmalla.fi\/blog\/wp-json\/wp\/v2\/posts"}],"about":[{"href":"https:\/\/www.vuosiamaailmalla.fi\/blog\/wp-json\/wp\/v2\/types\/post"}],"author":[{"embeddable":true,"href":"https:\/\/www.vuosiamaailmalla.fi\/blog\/wp-json\/wp\/v2\/users\/1"}],"replies":[{"embeddable":true,"href":"https:\/\/www.vuosiamaailmalla.fi\/blog\/wp-json\/wp\/v2\/comments?post=2915"}],"version-history":[{"count":0,"href":"https:\/\/www.vuosiamaailmalla.fi\/blog\/wp-json\/wp\/v2\/posts\/2915\/revisions"}],"wp:featuredmedia":[{"embeddable":true,"href":"https:\/\/www.vuosiamaailmalla.fi\/blog\/wp-json\/wp\/v2\/media\/9311"}],"wp:attachment":[{"href":"https:\/\/www.vuosiamaailmalla.fi\/blog\/wp-json\/wp\/v2\/media?parent=2915"}],"wp:term":[{"taxonomy":"category","embeddable":true,"href":"https:\/\/www.vuosiamaailmalla.fi\/blog\/wp-json\/wp\/v2\/categories?post=2915"},{"taxonomy":"post_tag","embeddable":true,"href":"https:\/\/www.vuosiamaailmalla.fi\/blog\/wp-json\/wp\/v2\/tags?post=2915"}],"curies":[{"name":"wp","href":"https:\/\/api.w.org\/{rel}","templated":true}]}}