{"id":2927,"date":"2012-02-20T15:49:59","date_gmt":"2012-02-20T23:49:59","guid":{"rendered":"http:\/\/13.53.127.146\/?p=2927"},"modified":"2017-11-11T20:29:55","modified_gmt":"2017-11-12T04:29:55","slug":"kameralaitteisto-canon-ef-24-70mm-f2-8-l-usm","status":"publish","type":"post","link":"https:\/\/www.vuosiamaailmalla.fi\/blog\/2012\/kameralaitteisto-canon-ef-24-70mm-f2-8-l-usm\/","title":{"rendered":"Kameralaitteisto: Canon EF 24-70mm f\/2.8 L USM"},"content":{"rendered":"<p style=\"text-align: justify;\">Digij\u00e4rkk\u00e4rin yksi suuria etuja on mahdollisuus vaihtaa k\u00e4ytett\u00e4v\u00e4\u00e4 optiikkaa tilanteen vaatimusten mukaisesti. Jokaisella j\u00e4rkk\u00e4rin omistajalla on v\u00e4hint\u00e4\u00e4n yksi linssi, joka on yleens\u00e4 mallia &#8221;yleislinssi&#8221;. Se tarkoittaa ett\u00e4 linssin polttov\u00e4li mahdollistaa sek\u00e4 kohtuullisen laajat, ett\u00e4 hieman zoomatut valokuvat. Monesti ensimm\u00e4isen\u00e4 yleislinssin\u00e4 toimii kamerarungon mukana tullut &#8221;kittilinssi&#8221;, joka minun <a title=\"Kameralaitteisto: Canon EOS 500D (Rebel T1i)\" href=\"https:\/\/www.vuosiamaailmalla.fi\/?p=2915\"><em>Canon EOS 500D<\/em><\/a> -runkoni kohdalla oli <em>Canon EF-S 18-55mm f\/3.5-5.6 IS<\/em>.<\/p>\n<p><!--more--><\/p>\n<p style=\"text-align: justify;\">T\u00e4m\u00e4n linssin hinta on alle satasen, mik\u00e4 on sangen hyv\u00e4 hinta ottaen huomioon, ett\u00e4 siin\u00e4 on kuitenkin sis\u00e4\u00e4nrakennettu kuvanvakaaja (<em>Image Stabilization<\/em>, IS). Siksi kittilinssill\u00e4 pystyykin kuvaamaan sen surkeasta valovoimasta huolimatta sangen h\u00e4m\u00e4r\u00e4ss\u00e4kin onnistuneita kuvia. Muovisen kittilinssin rajat tulevat kuitenkin nopeasti vastaan ja niinp\u00e4p\u00e4\u00e4tin ostaa itselleni kunnollisen yleislinssin.<\/p>\n<p style=\"text-align: justify;\">Canonin L-sarjan huippumallistossa todellisia vaihtoehtoja yleislinssiksi on oikeastaan vain kaksi: <em>Canon EF 24-70mm f\/2.8 L USM<\/em> sek\u00e4 <em>Canon EF 24-105mm f\/4 L IS USM<\/em>. Kuten kaikki muutkin, my\u00f6s min\u00e4 olin pitk\u00e4\u00e4n n\u00e4iden kahden tasav\u00e4kisen linssin v\u00e4lill\u00e4. J\u00e4lkimm\u00e4isen puolesta puhuvat pidempi zoomi sek\u00e4 kuvanvakaaja, mutta ensimm\u00e4isen valovoima on ylivoimainen. Vaikka kuvanvakaaja kompensoikin puuttuvaa valovoimaa, ei se t\u00e4ysin korvaa sit\u00e4. Niinp\u00e4 loppujen lopuksi p\u00e4\u00e4t\u00f6s ratkesi Canon EF 24-70mm f\/2.8 L USM puolelle paitsi paremmin valovoiman vuoksi, my\u00f6s siksi ett\u00e4 minulta l\u00f6ytyy kunnollinen telezoom-linssi <a title=\"Kameralaitteisto: Canon EF 70-200mm f\/4 L IS USM\" href=\"https:\/\/www.vuosiamaailmalla.fi\/?p=3016\"><em>Canon EF 70-200mm f\/4 L IS USM<\/em><\/a>. \ud83d\udca1<\/p>\n<p style=\"text-align: center;\"><a href=\"\/blog\/wp-content\/uploads\/2014\/canon_ef_24-70mm_f28l_usm1.jpg\"><img decoding=\"async\" style=\"border: 0px none; margin: 5px;\" src=\"\/blog\/wp-content\/uploads\/2014\/canon_ef_24-70mm_f28l_usm1.jpg\" alt=\"\" \/><\/a><\/p>\n<p style=\"text-align: center;\"><em>Canon EF 24-70mm f\/2.8 L USM<\/em><\/p>\n<p style=\"text-align: justify;\">Valokuvaajat tiet\u00e4v\u00e4t hyvin, ett\u00e4 ei ole olemassa yht\u00e4 t\u00e4ydellisesti kaikkeen k\u00e4ytt\u00f6\u00f6n soveltuvaa linssi\u00e4. Onneksi Canon EF 24-70mm f\/2.8 L USM kuitenkin p\u00e4\u00e4see l\u00e4helle t\u00e4t\u00e4. En ep\u00e4ile, etteik\u00f6 my\u00f6s Canon EF 24-105mm f\/4 L IS USM ole loistava linssi, mutta enp\u00e4 ole Canon EF 24-70mm f\/2.8 L USM linssist\u00e4 viel\u00e4 valitettavaa l\u00f6yt\u00e4nyt. Linssin ainoa puute on kuvanvakaajan puuttuminen, mutta sekin saattaa olla korjaantumassa pitk\u00e4\u00e4n huhutun kakkosmallin my\u00f6t\u00e4. Kuvanvakaajan puute on kuitenkin hyvin pieni murhe, sill\u00e4 f\/2.8 valovoima riitt\u00e4\u00e4 todella pitk\u00e4lle.<\/p>\n<p style=\"text-align: justify;\">Jos on linssin valovoima loistava, on sit\u00e4 my\u00f6s polttov\u00e4li. 24-70mm on nimitt\u00e4in erinomainen yleislinssin polttov\u00e4lialue. Vaikka toisinaan onkin tarve saada laajempi taikka zoomatumpi kuva, ei t\u00e4t\u00e4k\u00e4\u00e4n voi laskea linssin ongelmaksi. Lis\u00e4ksi juuri laajoja kuvia varten minulla on jo olemassa <a href=\"https:\/\/www.vuosiamaailmalla.fi\/?p=7552\"><em>Canon EF 16-35mm f\/2.8 L II USM<\/em><\/a> linssi. J\u00e4rkk\u00e4rin omistajan on my\u00f6s vain totuttava vaihtamaan linssien v\u00e4lill\u00e4 kuvaustarpeen mukaan ja tulevan tarpeen ennakointi onkin yksi t\u00e4rkeimpi\u00e4 opittavia asioita. Itse\u00e4ni linssin polttov\u00e4liss\u00e4 harmittaa ehk\u00e4 pienesti laajuuden loppuminen paikoin kesken, mutta t\u00e4m\u00e4kin korjaantuu kunhan hankin jossain v\u00e4liss\u00e4 t\u00e4yskennoisen <a title=\"Kameralaitteisto: Canon EOS 5D Mark III\" href=\"https:\/\/www.vuosiamaailmalla.fi\/?p=3242\"><em>Canon EOS 5D Mark III<\/em><\/a> -rungon. Silloin toki zoomip\u00e4\u00e4 kaventuu hieman, mutta sit\u00e4 voi aina paikata kroppaamalla otettua valokuvaa <em>Photoshopissa<\/em>. N\u00e4in ollen oletankin, ett\u00e4 kaikki polttov\u00e4lialueeseen liittyv\u00e4t pienet \u00e4rsytt\u00e4vyydet katoavat, kun linssi\u00e4 k\u00e4ytet\u00e4\u00e4n t\u00e4ysrungon parina.<\/p>\n<p style=\"text-align: center;\"><a href=\"\/blog\/wp-content\/uploads\/2014\/canon_ef_24-70mm_f28l_usm3.jpg\"><img decoding=\"async\" style=\"border: 0px none; margin: 5px;\" src=\"\/blog\/wp-content\/uploads\/2014\/canon_ef_24-70mm_f28l_usm3.jpg\" alt=\"\" \/><\/a><\/p>\n<p style=\"text-align: center;\"><em>Sopiva polttov\u00e4li ja runsaasti valovoimaa<\/em><\/p>\n<p style=\"text-align: justify;\">Canon EF 24-70mm f\/2.8 L USM:in parhaita puolia on sen tunnetusti huikea ter\u00e4vyys. Jopa L-malliston linssit ovat aina yksil\u00f6it\u00e4, mutta Canon EF 24-70mm f\/2.8 L USM linssit tunnetaan p\u00e4\u00e4s\u00e4\u00e4nt\u00f6isesti hyvin tarkkoina. Oma linssini on eritt\u00e4in ter\u00e4v\u00e4 yksil\u00f6, jonka j\u00e4lki onnistuu h\u00e4mm\u00e4stytt\u00e4m\u00e4\u00e4n minut kerta toisensa j\u00e4lkeen.<\/p>\n<p style=\"text-align: justify;\">L-linssien tarkkuutta on vaikea ymm\u00e4rt\u00e4\u00e4 sit\u00e4 kokematta ja muistan itsekin pit\u00e4neeni kittilinssini tuottamia kuvia ihan hyvin\u00e4 ja tarkkoina. Kuitenkin kun nyt vertaan nykyisi\u00e4 kuvia aiempiin, on pakko my\u00f6nt\u00e4\u00e4, ett\u00e4 ero on kuin y\u00f6ll\u00e4 ja p\u00e4iv\u00e4ll\u00e4. Kittilinssin kuvat ovat L-linssin ottamiin verrattuna suorastaan sumeita hiemankin l\u00e4hemp\u00e4\u00e4 katsottaessa. Kameralinssien maailmassa suurempi hinta korreloikin paremman laadun kanssa. \ud83d\udca1<\/p>\n<p style=\"text-align: center;\"><a href=\"\/blog\/wp-content\/uploads\/2014\/canon_ef_24-70mm_f28l_usm4.jpg\"><img decoding=\"async\" style=\"border: 0px none; margin: 5px;\" src=\"\/blog\/wp-content\/uploads\/2014\/canon_ef_24-70mm_f28l_usm4.jpg\" alt=\"\" \/><\/a><\/p>\n<p style=\"text-align: center;\"><em>Laadukasta ja tarkkaa L-lasia<\/em><\/p>\n<p style=\"text-align: justify;\">Linssin v\u00e4ritoisto on erinomainen ja sen tuottama <em>bokeh<\/em> on pehme\u00e4\u00e4 ja luonnollista. Kuvaan sen verran paljon kauttaaltaan tarkkoja yleiskuvia, ett\u00e4 t\u00e4t\u00e4 puolta on tullut ihasteltua sangen harvoin. Kuitenkin kun kuva tulee otettua ohuella syv\u00e4ter\u00e4vyysalueella, piirtyy tausta kauniisti sumennettuna. T\u00e4ydet pisteet t\u00e4st\u00e4 Canon EF 24-70mm f\/2.8 L USM:lle.<\/p>\n<p style=\"text-align: justify;\">Canon EF 24-70mm f\/2.8 L USM on eritt\u00e4in jykev\u00e4 ja siten sangen painava linssi. Painoa on 950 grammaa, mik\u00e4 on paljon kittilinssin 200 grammaan verrattuna. Painoon on silti syyt\u00e4 tottua jos L-linsseihin meinaa panostaa, sill\u00e4 ne painavat p\u00e4\u00e4s\u00e4\u00e4nt\u00f6isesti kilon paikkeilla. Superzoomit painavat jopa monia kiloja. En ole kuitenkaan kokenut painoa ongelmana ja kaltaiseni hujoppikin jaksaa kantaa kameraa ja linssi\u00e4 kaulassaan koko p\u00e4iv\u00e4n.<\/p>\n<p style=\"text-align: justify;\">Jykev\u00e4n rakenteen hyv\u00e4 puoli on, ett\u00e4 linssi\u00e4 ei tarvitse varoa. Vaikka linssi\u00e4 tulikin k\u00e4ytetty\u00e4 ensimm\u00e4iset viikot kuvitteelliset silkkihansikkaat k\u00e4siss\u00e4\u00e4n, olen sittemmin tottunut siihen ett\u00e4 linssi kest\u00e4\u00e4 menoa. Kosteuttakin linssi kest\u00e4\u00e4 siin\u00e4 m\u00e4\u00e4rin, etten arkaile kuvata sill\u00e4 sateisenakaan p\u00e4iv\u00e4n\u00e4 &#8211; suojaamatta. \ud83d\ude2e<\/p>\n<p style=\"text-align: center;\"><a href=\"\/blog\/wp-content\/uploads\/2014\/canon_ef_24-70mm_f28l_usm2.jpg\"><img decoding=\"async\" style=\"border: 0px none; margin: 5px;\" src=\"\/blog\/wp-content\/uploads\/2014\/canon_ef_24-70mm_f28l_usm2.jpg\" alt=\"\" \/><\/a><\/p>\n<p style=\"text-align: center;\"><em>Linssi kiinni kunnon rungossa<\/em><\/p>\n<p style=\"text-align: justify;\">J\u00e4m\u00e4kk\u00e4 rakenne on ehk\u00e4 seikka mihin linssi\u00e4 ostaessa kiinnitt\u00e4\u00e4 turhan v\u00e4h\u00e4n huomiota, mutta lasken sen silti yhdeksi L-linssien suurimmista plussista. Kun pelk\u00e4ss\u00e4 linssiss\u00e4 on kiinni tonnin verran rahaa, on huojentavaa tiet\u00e4\u00e4 sen my\u00f6s kest\u00e4v\u00e4n k\u00e4ytt\u00f6\u00e4.<\/p>\n<p style=\"text-align: justify;\">Pakollinen hankinta t\u00e4m\u00e4n luokan linssiin on linssi\u00e4 iskuilta ja lialta suojaava filtteri. Itse p\u00e4\u00e4dyin kirkkaaseen <em>B+W 77mm Slim MRC 010<\/em> filtteriin, jolla on hyv\u00e4t ja huonot puolensa. Filtteri on kallis, mutta huippulaatuinen ja en voi kuvitella sen vaikuttavan linssin kuvanlaatuun mitenk\u00e4\u00e4n. Huonona puolena ohuessa <em>slim<\/em> mallista ei l\u00f6ydy kierteit\u00e4 normaaleille <em>snap-on<\/em> linssisuojille, vaan niiden kanssa on k\u00e4ytett\u00e4v\u00e4 mukana tulevaa pehme\u00e4ll\u00e4 ja taipuisalla muovilla varustettua <em>slip-on<\/em> mallista suojaa. Suojan iskunkest\u00e4vyyteen ei voi juuri luottaa, mink\u00e4 lis\u00e4ksi se valahtaa paikoiltaan melkein aina kuljetuksen aikana. Suojan kanssa pystyy (juuri ja juuri) el\u00e4m\u00e4\u00e4n, mutta se ei tietenk\u00e4\u00e4n ole mitenk\u00e4\u00e4n itse linssin vaan filtterin vika. Asia on silti huomioimisen arvoinen ja ei-slim mallinen B+W filtteri olisi t\u00e4lle linssille varmaankin t\u00e4ydellinen pari. \ud83d\udca1<\/p>\n<p style=\"text-align: center;\"><a href=\"\/blog\/wp-content\/uploads\/2014\/holmo_linssisuoja.jpg\"><img decoding=\"async\" style=\"border: 0px none; margin: 5px;\" src=\"\/blog\/wp-content\/uploads\/2014\/holmo_linssisuoja.jpg\" alt=\"\" \/><\/a><\/p>\n<p style=\"text-align: center;\"><em>H\u00f6lm\u00f6 linssisuoja<\/em><\/p>\n<p style=\"text-align: justify;\">Linssin viimeisen\u00e4 ominaisuutena on pakko mainita, ett\u00e4 linssin fyysinen pituus s\u00e4\u00e4tyy zoomauksen mukana. \u00c4kkiselt\u00e4\u00e4n ajatellen hassusti linssi on pisimmill\u00e4\u00e4n kun sill\u00e4 otetaan laajoja kuvia ja lyhimmill\u00e4\u00e4n kun sill\u00e4 zoomataan. Asia ei kuitenkaan h\u00e4iritse itse\u00e4ni yht\u00e4\u00e4n, sill\u00e4 k\u00e4yt\u00e4n linssiin kanssa 99% ajasta mukana tulevaa vastavalosuojaa. Sen sis\u00e4ll\u00e4 linssin pituudella ei ole mit\u00e4\u00e4n merkityst\u00e4, sill\u00e4 kokonaisuus on jatkuvasti vakiomittainen. Vastavalosuoja on kooltaan iso, mutta senp\u00e4 vuoksi se suojaakin linssi\u00e4 hyvin niin ihmisjoukkojen keskell\u00e4 kuin kaatosateessakin. Vastavalosuojan kanssa kameralaitteistolla on kokoa jo sen verran, ett\u00e4 saat varmasti satunnaista huomiota sen vuoksi. \ud83d\ude44<\/p>\n<p style=\"text-align: center;\"><a href=\"\/blog\/wp-content\/uploads\/2014\/canon_ef_24-70mm_f28l_usm5.jpg\"><img decoding=\"async\" style=\"border: 0px none; margin: 5px;\" src=\"\/blog\/wp-content\/uploads\/2014\/thumbs\/thumbs_canon_ef_24-70mm_f28l_usm5.jpg\" alt=\"\" \/><\/a><a href=\"\/blog\/wp-content\/uploads\/2014\/canon_ef_24-70mm_f28l_usm6.jpg\"><img decoding=\"async\" style=\"border: 0px none; margin: 5px;\" src=\"\/blog\/wp-content\/uploads\/2014\/thumbs\/thumbs_canon_ef_24-70mm_f28l_usm6.jpg\" alt=\"\" \/><\/a><\/p>\n<p style=\"text-align: center;\"><em>Linssin koon muuttuminen<\/em><\/p>\n<p style=\"text-align: justify;\">Yli vuoden k\u00e4yt\u00f6n ja tuhansien kuvien j\u00e4lkeen en keksi mit\u00e4\u00e4n merkitt\u00e4v\u00e4\u00e4 vikaa Canon EF 24-70mm f\/2.8 L USM linssist\u00e4ni. Se on <em>melkein<\/em> t\u00e4ydellinen yleislinssi ja k\u00e4yt\u00e4nkin sit\u00e4 kaikkein eniten kaikista linsseist\u00e4ni. Se soveltuu hyvin sek\u00e4 sis\u00e4- ett\u00e4 ulkokuvaukseen ja tuottaa varmuudella erinomaisia valokuvia. Linssin tarkennuskyky on itse asiassa niin hyv\u00e4, ett\u00e4 sen kanssa voi luottaa t\u00e4rke\u00e4ss\u00e4kin tilanteessa yksitt\u00e4isen valokuvan onnistumiseen. Ep\u00e4onnistuneita kuvia syntyy todella harvoin. Jos ostaisin vain yhden laadukkaan linssin, se olisi ehdottomasti Canon EF 24-70mm f\/2.8 L USM.<\/p>\n<p style=\"text-align: justify;\"><span style=\"text-decoration: underline;\"><strong>10. toukokuuta 2014 p\u00e4ivitys<\/strong>:<\/span><\/p>\n<p style=\"text-align: justify;\">Kolme vuotta my\u00f6hemmin t\u00e4h\u00e4n kirjoitukseen ei ole juuri lis\u00e4tt\u00e4v\u00e4\u00e4. Linssi on edelleen eniten k\u00e4ytt\u00e4m\u00e4ni ja nykyisin se on vain suurimmaksi osaksi kiinni uudessa Canon EOS 5D Mark III -rungossa. Huomattavasti kalliimpi runko selvi\u00e4\u00e4 tietenkin vanhaa Canon EOS 500D -runkoa paremmin ja nopeammin tarkennuksesta, mutta vanhallakaan rungolla mit\u00e4\u00e4n ongelmaa ei ollut.<\/p>\n<p style=\"text-align: justify;\">Kyse on kaikin puolin loistavasta linssist\u00e4 ja nyt kev\u00e4\u00e4ll\u00e4 markkinoille viimein tullut kakkosmalli voi parantaa perusasioita vain v\u00e4h\u00e4n. K\u00e4ytetty ykk\u00f6smalli onkin edelleen hyv\u00e4 ostos ja itse en tunne tarvetta uuteen malliin p\u00e4ivitt\u00e4miselle. \ud83d\udca1<\/p>\n<p style=\"text-align: justify;\">Alla viel\u00e4 muutamia kyseisell\u00e4 linssill\u00e4 otettuja valokuvia. Kuvia on retusoitu hieman Photoshopissa, joten kuvat kertovat l\u00e4hinn\u00e4 miten onnistuneiksi t\u00e4ll\u00e4 linssill\u00e4 otettuja kuvia voi muokata. Kunnollinen arvio linssist\u00e4 raakakuvineen esimerkiksi <a href=\"http:\/\/www.the-digital-picture.com\/Reviews\/Canon-EF-24-70mm-f-2.8-L-USM-Lens-Review.aspx\">t\u00e4\u00e4ll\u00e4<\/a>.<\/p>\n<p style=\"text-align: center;\"><a href=\"\/blog\/wp-content\/uploads\/2011\/kopiksen_illallinen2.jpg\"><img decoding=\"async\" style=\"border: 0px none; margin: 5px;\" src=\"\/blog\/wp-content\/uploads\/2011\/thumbs\/thumbs_kopiksen_illallinen2.jpg\" alt=\"\" \/><\/a><a href=\"\/blog\/wp-content\/uploads\/2011\/klausin_kello1.jpg\"><img decoding=\"async\" style=\"border: 0px none; margin: 5px;\" src=\"\/blog\/wp-content\/uploads\/2011\/thumbs\/thumbs_klausin_kello1.jpg\" alt=\"\" \/><\/a><a href=\"\/blog\/wp-content\/uploads\/2011\/mercedes-benz_sls_amg1.jpg\"><img decoding=\"async\" style=\"border: 0px none; margin: 5px;\" src=\"\/blog\/wp-content\/uploads\/2011\/thumbs\/thumbs_mercedes-benz_sls_amg1.jpg\" alt=\"\" \/><\/a><br \/>\n<a href=\"\/blog\/wp-content\/uploads\/2011\/lasketteluporukka.jpg\"><img decoding=\"async\" style=\"border: 0px none; margin: 5px;\" src=\"\/blog\/wp-content\/uploads\/2011\/thumbs\/thumbs_lasketteluporukka.jpg\" alt=\"\" \/><\/a><a href=\"\/blog\/wp-content\/uploads\/2011\/koristeellinen_kaide1.jpg\"><img decoding=\"async\" style=\"border: 0px none; margin: 5px;\" src=\"\/blog\/wp-content\/uploads\/2011\/thumbs\/thumbs_koristeellinen_kaide1.jpg\" alt=\"\" \/><\/a> <a href=\"\/blog\/wp-content\/uploads\/2010\/auringonlasku_aavikolla1.jpg\"><img decoding=\"async\" style=\"border: 0px none; margin: 5px;\" src=\"\/blog\/wp-content\/uploads\/2010\/thumbs\/thumbs_auringonlasku_aavikolla1.jpg\" alt=\"\" \/><\/a><br \/>\n<a href=\"\/blog\/wp-content\/uploads\/2010\/kalliita_puuveistoksia.jpg\"><img decoding=\"async\" style=\"border: 0px none; margin: 5px;\" src=\"\/blog\/wp-content\/uploads\/2010\/thumbs\/thumbs_kalliita_puuveistoksia.jpg\" alt=\"\" \/><\/a><a href=\"\/blog\/wp-content\/uploads\/2010\/brandenburgin_portti_valaistuna2.jpg\"><img decoding=\"async\" style=\"border: 0px none; margin: 5px;\" src=\"\/blog\/wp-content\/uploads\/2010\/thumbs\/thumbs_brandenburgin_portti_valaistuna2.jpg\" alt=\"\" \/><\/a><a href=\"\/blog\/wp-content\/uploads\/2010\/burj_al_arab_yolla1.jpg\"><img decoding=\"async\" style=\"border: 0px none; margin: 5px;\" src=\"\/blog\/wp-content\/uploads\/2010\/thumbs\/thumbs_burj_al_arab_yolla1.jpg\" alt=\"\" \/><\/a><br \/>\n<a href=\"\/blog\/wp-content\/uploads\/2010\/pietarinkirkon_yolla1.jpg\"><img decoding=\"async\" style=\"border: 0px none; margin: 5px;\" src=\"\/blog\/wp-content\/uploads\/2010\/pietarinkirkon_yolla1.jpg\" alt=\"\" \/><\/a><\/p>\n<p style=\"text-align: justify;\"><em>Valokuvaus on yksi t\u00e4m\u00e4n blogin sivuteema ja ottamiamme valokuvia on n\u00e4ytill\u00e4 tuhansia. Lieneekin paikallaan lausua muutama sana k\u00e4ytt\u00f6ss\u00e4mme olevasta <a href=\"https:\/\/www.vuosiamaailmalla.fi\/?tag=kameralaitteisto\">kuvaslaitteistosta<\/a>. Tarkoitus ei ole esitell\u00e4 tarkkaan mit\u00e4\u00e4n laitteiston osaa, sill\u00e4 t\u00e4m\u00e4n tekev\u00e4t paljon paremmin netin kymmenet kamerasivustot (<\/em><a href=\"http:\/\/the-digital-picture.com\/\"><em>t\u00e4ss\u00e4<\/em><\/a><em> er\u00e4s itse\u00e4ni miellytt\u00e4v\u00e4). Sen sijaan kerron k\u00e4yt\u00e4nn\u00f6nl\u00e4heisesti omista k\u00e4ytt\u00f6kokemuksestani ja huomioistani pitk\u00e4n k\u00e4yt\u00f6n j\u00e4lkeen.<\/em><\/p>\n","protected":false},"excerpt":{"rendered":"<p>Digij\u00e4rkk\u00e4rin yksi suuria etuja on mahdollisuus vaihtaa k\u00e4ytett\u00e4v\u00e4\u00e4 optiikkaa tilanteen vaatimusten mukaisesti. Jokaisella j\u00e4rkk\u00e4rin omistajalla on v\u00e4hint\u00e4\u00e4n yksi linssi, joka on yleens\u00e4 mallia &#8221;yleislinssi&#8221;. Se tarkoittaa ett\u00e4 linssin polttov\u00e4li mahdollistaa sek\u00e4 kohtuullisen laajat, ett\u00e4 hieman zoomatut valokuvat. Monesti ensimm\u00e4isen\u00e4 yleislinssin\u00e4 toimii kamerarungon mukana tullut &#8221;kittilinssi&#8221;, joka minun Canon EOS 500D -runkoni kohdalla oli Canon EF-S &hellip; <a href=\"https:\/\/www.vuosiamaailmalla.fi\/blog\/2012\/kameralaitteisto-canon-ef-24-70mm-f2-8-l-usm\/\" class=\"more-link\">Jatka lukemista<span class=\"screen-reader-text\"> &#8221;Kameralaitteisto: Canon EF 24-70mm f\/2.8 L USM&#8221;<\/span><\/a><\/p>\n","protected":false},"author":1,"featured_media":9313,"comment_status":"open","ping_status":"open","sticky":false,"template":"","format":"standard","meta":{"_jetpack_memberships_contains_paid_content":false,"footnotes":""},"categories":[6],"tags":[731,733,651],"class_list":["post-2927","post","type-post","status-publish","format-standard","has-post-thumbnail","hentry","category-laitteita-ja-vempaimia","tag-canon","tag-canon-ef-24-70mm-f2-8-l-usm","tag-kameralaitteisto"],"jetpack_featured_media_url":"https:\/\/www.vuosiamaailmalla.fi\/blog\/wp-content\/uploads\/canon_ef-24-70mm_banner.jpg","jetpack_sharing_enabled":true,"_links":{"self":[{"href":"https:\/\/www.vuosiamaailmalla.fi\/blog\/wp-json\/wp\/v2\/posts\/2927","targetHints":{"allow":["GET"]}}],"collection":[{"href":"https:\/\/www.vuosiamaailmalla.fi\/blog\/wp-json\/wp\/v2\/posts"}],"about":[{"href":"https:\/\/www.vuosiamaailmalla.fi\/blog\/wp-json\/wp\/v2\/types\/post"}],"author":[{"embeddable":true,"href":"https:\/\/www.vuosiamaailmalla.fi\/blog\/wp-json\/wp\/v2\/users\/1"}],"replies":[{"embeddable":true,"href":"https:\/\/www.vuosiamaailmalla.fi\/blog\/wp-json\/wp\/v2\/comments?post=2927"}],"version-history":[{"count":0,"href":"https:\/\/www.vuosiamaailmalla.fi\/blog\/wp-json\/wp\/v2\/posts\/2927\/revisions"}],"wp:featuredmedia":[{"embeddable":true,"href":"https:\/\/www.vuosiamaailmalla.fi\/blog\/wp-json\/wp\/v2\/media\/9313"}],"wp:attachment":[{"href":"https:\/\/www.vuosiamaailmalla.fi\/blog\/wp-json\/wp\/v2\/media?parent=2927"}],"wp:term":[{"taxonomy":"category","embeddable":true,"href":"https:\/\/www.vuosiamaailmalla.fi\/blog\/wp-json\/wp\/v2\/categories?post=2927"},{"taxonomy":"post_tag","embeddable":true,"href":"https:\/\/www.vuosiamaailmalla.fi\/blog\/wp-json\/wp\/v2\/tags?post=2927"}],"curies":[{"name":"wp","href":"https:\/\/api.w.org\/{rel}","templated":true}]}}