{"id":2940,"date":"2014-05-11T20:29:45","date_gmt":"2014-05-12T03:29:45","guid":{"rendered":"http:\/\/13.53.127.146\/?p=2940"},"modified":"2021-01-20T20:47:20","modified_gmt":"2021-01-21T04:47:20","slug":"iltapaiva-lynn-loopilla","status":"publish","type":"post","link":"https:\/\/www.vuosiamaailmalla.fi\/blog\/2014\/iltapaiva-lynn-loopilla\/","title":{"rendered":"Iltap\u00e4iv\u00e4 Lynn Loopilla"},"content":{"rendered":"<p style=\"text-align: justify;\">Siit\u00e4 on hieman yli kaksi vuotta, kun l\u00f6ysimme Vancouverin seudun mahtavat vaelluspolut. Sittemmin polkuja on tullut tallattua satojen kilometrien edest\u00e4, mutta sille ensimm\u00e4iselle eli <a title=\"Lynn Loop\" href=\"https:\/\/www.vuosiamaailmalla.fi\/?p=150\"><em>Lynn Loopille<\/em><\/a> ei ole tullut sittemmin palattua. T\u00e4n\u00e4\u00e4n sunnuntaina oli kuitenkin niin kaunis keli, ett\u00e4 p\u00e4\u00e4timme ajaa katsomaan milt\u00e4 Lynn Valleyssa n\u00e4ytt\u00e4\u00e4 n\u00e4in toukokuussa.<\/p>\n<p><!--more--><\/p>\n<p style=\"text-align: center;\"><a href=\"\/blog\/wp-content\/uploads\/2014\/lynn_creekin_silta.jpg\"><img decoding=\"async\" style=\"border: 0px none; margin: 5px;\" src=\"\/blog\/wp-content\/uploads\/2014\/thumbs\/thumbs_lynn_creekin_silta.jpg\" alt=\"\" \/><\/a><a href=\"\/blog\/wp-content\/uploads\/2014\/lynn_creek.jpg\"><img decoding=\"async\" style=\"border: 0px none; margin: 5px;\" src=\"\/blog\/wp-content\/uploads\/2014\/thumbs\/thumbs_lynn_creek.jpg\" alt=\"\" \/><\/a><a href=\"\/blog\/wp-content\/uploads\/2014\/lynn_loop4.jpg\"><img decoding=\"async\" style=\"border: 0px none; margin: 5px;\" src=\"\/blog\/wp-content\/uploads\/2014\/thumbs\/thumbs_lynn_loop4.jpg\" alt=\"\" \/><\/a><\/p>\n<p style=\"text-align: center;\"><em>Silta yli Lynn Creekin<\/em><\/p>\n<p style=\"text-align: center;\"><a href=\"\/blog\/wp-content\/uploads\/2014\/lynn_loop1.jpg\"><img decoding=\"async\" style=\"border: 0px none; margin: 5px;\" src=\"\/blog\/wp-content\/uploads\/2014\/thumbs\/thumbs_lynn_loop1.jpg\" alt=\"\" \/><\/a><a href=\"\/blog\/wp-content\/uploads\/2014\/lynn_loop2.jpg\"><img decoding=\"async\" style=\"border: 0px none; margin: 5px;\" src=\"\/blog\/wp-content\/uploads\/2014\/thumbs\/thumbs_lynn_loop2.jpg\" alt=\"\" \/><\/a><a href=\"\/blog\/wp-content\/uploads\/2014\/lynn_loop3.jpg\"><img decoding=\"async\" style=\"border: 0px none; margin: 5px;\" src=\"\/blog\/wp-content\/uploads\/2014\/thumbs\/thumbs_lynn_loop3.jpg\" alt=\"\" \/><\/a><\/p>\n<p style=\"text-align: center;\"><em> Helppokulkuinen alkumatka<\/em><\/p>\n<p style=\"text-align: justify;\">N\u00e4in oli tuumannut moni muukin, sill\u00e4 parkkipaikalla oli ahdasta. Pienen py\u00f6rimisen j\u00e4lkeen l\u00f6ysimme peltilehm\u00e4llemme pilttuun ja jalkauduimme vaelluspolulle. Koska elettiin jo iltap\u00e4iv\u00e4\u00e4, p\u00e4\u00e4timme kiert\u00e4\u00e4 saman reitin kuin huhtikuussa 2012. Ihmisi\u00e4 oli valtavasti liikkeell\u00e4 ja ei ihme, sill\u00e4 keli oli mit\u00e4 mahtavin ja viiden kilometrin kierros olikin nopeasti takana.<\/p>\n<p style=\"text-align: center;\"><a href=\"\/blog\/wp-content\/uploads\/2014\/lynn_loop5.jpg\"><img decoding=\"async\" style=\"border: 0px none; margin: 5px;\" src=\"\/blog\/wp-content\/uploads\/2014\/thumbs\/thumbs_lynn_loop5.jpg\" alt=\"\" \/><\/a><a href=\"\/blog\/wp-content\/uploads\/2014\/lynn_loop7.jpg\"><img decoding=\"async\" style=\"border: 0px none; margin: 5px;\" src=\"\/blog\/wp-content\/uploads\/2014\/thumbs\/thumbs_lynn_loop7.jpg\" alt=\"\" \/><\/a><a href=\"\/blog\/wp-content\/uploads\/2014\/lynn_loop10.jpg\"><img decoding=\"async\" style=\"border: 0px none; margin: 5px;\" src=\"\/blog\/wp-content\/uploads\/2014\/thumbs\/thumbs_lynn_loop10.jpg\" alt=\"\" \/><\/a><br \/>\n<a href=\"\/blog\/wp-content\/uploads\/2014\/lynn_loop6.jpg\"><img decoding=\"async\" style=\"border: 0px none; margin: 5px;\" src=\"\/blog\/wp-content\/uploads\/2014\/thumbs\/thumbs_lynn_loop6.jpg\" alt=\"\" \/><\/a><a href=\"\/blog\/wp-content\/uploads\/2014\/lynn_loop8.jpg\"><img decoding=\"async\" style=\"border: 0px none; margin: 5px;\" src=\"\/blog\/wp-content\/uploads\/2014\/thumbs\/thumbs_lynn_loop8.jpg\" alt=\"\" \/><\/a><\/p>\n<p style=\"text-align: center;\"><em>V\u00e4kijoukosta huolimatta rauhallinen vaelluspolku<\/em><\/p>\n<p style=\"text-align: center;\"><a href=\"\/blog\/wp-content\/uploads\/2014\/lynn_loop_lohkareita2.jpg\"><img decoding=\"async\" style=\"border: 0px none; margin: 5px;\" src=\"\/blog\/wp-content\/uploads\/2014\/thumbs\/thumbs_lynn_loop_lohkareita2.jpg\" alt=\"\" \/><\/a><a href=\"\/blog\/wp-content\/uploads\/2014\/lynn_loop_lohkareita1.jpg\"><img decoding=\"async\" style=\"border: 0px none; margin: 5px;\" src=\"\/blog\/wp-content\/uploads\/2014\/thumbs\/thumbs_lynn_loop_lohkareita1.jpg\" alt=\"\" \/><\/a><\/p>\n<p style=\"text-align: center;\"><em>Lohkareita rinteess\u00e4<\/em><\/p>\n<p style=\"text-align: justify;\">Alueelle pit\u00e4\u00e4kin palata uudelleen my\u00f6hemmin t\u00e4n\u00e4 kev\u00e4\u00e4n\u00e4 kokeilemaan muita polkuja, jotka viev\u00e4t syv\u00e4lle <a title=\"Pilvihattaraa Mount Seymourilla\" href=\"http:\/\/www.vuosiamaailmalla.fi\/blog\/2014\/pilvihattaraa-mount-seymourilla\/\">vuorten v\u00e4liin<\/a>.<\/p>\n<p style=\"text-align: center;\"><a href=\"\/blog\/wp-content\/uploads\/2014\/lynn_loop9.jpg\"><img decoding=\"async\" style=\"border: 0px none; margin: 5px;\" src=\"\/blog\/wp-content\/uploads\/2014\/thumbs\/thumbs_lynn_loop9.jpg\" alt=\"\" \/><\/a><a href=\"\/blog\/wp-content\/uploads\/2014\/lynn_loop11.jpg\"><img decoding=\"async\" style=\"border: 0px none; margin: 5px;\" src=\"\/blog\/wp-content\/uploads\/2014\/thumbs\/thumbs_lynn_loop11.jpg\" alt=\"\" \/><\/a><\/p>\n<p style=\"text-align: center;\"><em>Polunvarren maisemia<\/em><\/p>\n","protected":false},"excerpt":{"rendered":"<p>Siit\u00e4 on hieman yli kaksi vuotta, kun l\u00f6ysimme Vancouverin seudun mahtavat vaelluspolut. Sittemmin polkuja on tullut tallattua satojen kilometrien edest\u00e4, mutta sille ensimm\u00e4iselle eli Lynn Loopille ei ole tullut sittemmin palattua. T\u00e4n\u00e4\u00e4n sunnuntaina oli kuitenkin niin kaunis keli, ett\u00e4 p\u00e4\u00e4timme ajaa katsomaan milt\u00e4 Lynn Valleyssa n\u00e4ytt\u00e4\u00e4 n\u00e4in toukokuussa.<\/p>\n","protected":false},"author":1,"featured_media":11303,"comment_status":"open","ping_status":"open","sticky":false,"template":"","format":"standard","meta":{"_jetpack_memberships_contains_paid_content":false,"footnotes":""},"categories":[17,3,15],"tags":[34,935,177,178,184,938],"class_list":["post-2940","post","type-post","status-publish","format-standard","has-post-thumbnail","hentry","category-arki-kanadassa","category-arki-ulkomailla","category-vaeltaminen","tag-arki","tag-kanada","tag-lynn-loop","tag-lynn-valley","tag-north-vancouver","tag-vaellus"],"jetpack_featured_media_url":"https:\/\/www.vuosiamaailmalla.fi\/blog\/wp-content\/uploads\/lynn_loop_banner.jpg","jetpack_sharing_enabled":true,"_links":{"self":[{"href":"https:\/\/www.vuosiamaailmalla.fi\/blog\/wp-json\/wp\/v2\/posts\/2940","targetHints":{"allow":["GET"]}}],"collection":[{"href":"https:\/\/www.vuosiamaailmalla.fi\/blog\/wp-json\/wp\/v2\/posts"}],"about":[{"href":"https:\/\/www.vuosiamaailmalla.fi\/blog\/wp-json\/wp\/v2\/types\/post"}],"author":[{"embeddable":true,"href":"https:\/\/www.vuosiamaailmalla.fi\/blog\/wp-json\/wp\/v2\/users\/1"}],"replies":[{"embeddable":true,"href":"https:\/\/www.vuosiamaailmalla.fi\/blog\/wp-json\/wp\/v2\/comments?post=2940"}],"version-history":[{"count":2,"href":"https:\/\/www.vuosiamaailmalla.fi\/blog\/wp-json\/wp\/v2\/posts\/2940\/revisions"}],"predecessor-version":[{"id":11305,"href":"https:\/\/www.vuosiamaailmalla.fi\/blog\/wp-json\/wp\/v2\/posts\/2940\/revisions\/11305"}],"wp:featuredmedia":[{"embeddable":true,"href":"https:\/\/www.vuosiamaailmalla.fi\/blog\/wp-json\/wp\/v2\/media\/11303"}],"wp:attachment":[{"href":"https:\/\/www.vuosiamaailmalla.fi\/blog\/wp-json\/wp\/v2\/media?parent=2940"}],"wp:term":[{"taxonomy":"category","embeddable":true,"href":"https:\/\/www.vuosiamaailmalla.fi\/blog\/wp-json\/wp\/v2\/categories?post=2940"},{"taxonomy":"post_tag","embeddable":true,"href":"https:\/\/www.vuosiamaailmalla.fi\/blog\/wp-json\/wp\/v2\/tags?post=2940"}],"curies":[{"name":"wp","href":"https:\/\/api.w.org\/{rel}","templated":true}]}}