{"id":2947,"date":"2014-05-13T20:27:51","date_gmt":"2014-05-14T03:27:51","guid":{"rendered":"http:\/\/13.53.127.146\/?p=2947"},"modified":"2014-05-13T20:29:48","modified_gmt":"2014-05-14T03:29:48","slug":"vancouver-city-view","status":"publish","type":"post","link":"https:\/\/www.vuosiamaailmalla.fi\/blog\/2014\/vancouver-city-view\/","title":{"rendered":"Vancouver: City View"},"content":{"rendered":"<p style=\"text-align: justify;\">Kuluva viikko on ollut kauniin loppukev\u00e4inen ja <a title=\"Helteinen vappu\" href=\"https:\/\/www.vuosiamaailmalla.fi\/?p=2905\">l\u00e4mmin s\u00e4\u00e4<\/a> sek\u00e4 aurinko ovat hellineet vancouverilaisia. Juuri ajankohtaan sopivasti Vancouverin matkailun edist\u00e4miskeskus on julkaissut uuden videon, joka taltio hyvin viime viikkojen kauniit kaupunkimaisemat sek\u00e4 tunnelman kaupungin <a title=\"Vancouverin syd\u00e4n\" href=\"https:\/\/www.vuosiamaailmalla.fi\/?p=2702\">urbaanissa syd\u00e4mess\u00e4<\/a>. \ud83d\ude42<\/p>\n<p><iframe loading=\"lazy\" src=\"\/\/www.youtube-nocookie.com\/embed\/ZLL6du--lQA?rel=0\" frameborder=\"0\" width=\"560\" height=\"315\"><\/iframe><\/p>\n","protected":false},"excerpt":{"rendered":"<p>Kuluva viikko on ollut kauniin loppukev\u00e4inen ja l\u00e4mmin s\u00e4\u00e4 sek\u00e4 aurinko ovat hellineet vancouverilaisia. Juuri ajankohtaan sopivasti Vancouverin matkailun edist\u00e4miskeskus on julkaissut uuden videon, joka taltio hyvin viime viikkojen kauniit kaupunkimaisemat sek\u00e4 tunnelman kaupungin urbaanissa syd\u00e4mess\u00e4. \ud83d\ude42<\/p>\n","protected":false},"author":1,"featured_media":0,"comment_status":"open","ping_status":"open","sticky":false,"template":"","format":"standard","meta":{"_jetpack_memberships_contains_paid_content":false,"footnotes":""},"categories":[17,3],"tags":[935,490,939,211,940,570,238,215],"class_list":["post-2947","post","type-post","status-publish","format-standard","hentry","category-arki-kanadassa","category-arki-ulkomailla","tag-kanada","tag-timelapse","tag-vancouver","tag-vancouver-coal-harbour","tag-vancouver-downtown","tag-vancouver-downtown-eastside","tag-vancouver-west-end","tag-vancouver-yaletown"],"jetpack_featured_media_url":"","jetpack_sharing_enabled":true,"_links":{"self":[{"href":"https:\/\/www.vuosiamaailmalla.fi\/blog\/wp-json\/wp\/v2\/posts\/2947","targetHints":{"allow":["GET"]}}],"collection":[{"href":"https:\/\/www.vuosiamaailmalla.fi\/blog\/wp-json\/wp\/v2\/posts"}],"about":[{"href":"https:\/\/www.vuosiamaailmalla.fi\/blog\/wp-json\/wp\/v2\/types\/post"}],"author":[{"embeddable":true,"href":"https:\/\/www.vuosiamaailmalla.fi\/blog\/wp-json\/wp\/v2\/users\/1"}],"replies":[{"embeddable":true,"href":"https:\/\/www.vuosiamaailmalla.fi\/blog\/wp-json\/wp\/v2\/comments?post=2947"}],"version-history":[{"count":0,"href":"https:\/\/www.vuosiamaailmalla.fi\/blog\/wp-json\/wp\/v2\/posts\/2947\/revisions"}],"wp:attachment":[{"href":"https:\/\/www.vuosiamaailmalla.fi\/blog\/wp-json\/wp\/v2\/media?parent=2947"}],"wp:term":[{"taxonomy":"category","embeddable":true,"href":"https:\/\/www.vuosiamaailmalla.fi\/blog\/wp-json\/wp\/v2\/categories?post=2947"},{"taxonomy":"post_tag","embeddable":true,"href":"https:\/\/www.vuosiamaailmalla.fi\/blog\/wp-json\/wp\/v2\/tags?post=2947"}],"curies":[{"name":"wp","href":"https:\/\/api.w.org\/{rel}","templated":true}]}}