{"id":2965,"date":"2014-06-01T16:38:50","date_gmt":"2014-06-01T23:38:50","guid":{"rendered":"http:\/\/13.53.127.146\/?p=2965"},"modified":"2022-11-11T15:30:00","modified_gmt":"2022-11-11T23:30:00","slug":"paivaretki-mount-bakerille","status":"publish","type":"post","link":"https:\/\/www.vuosiamaailmalla.fi\/blog\/2014\/paivaretki-mount-bakerille\/","title":{"rendered":"P\u00e4iv\u00e4retki Mount Bakerille"},"content":{"rendered":"<p style=\"text-align: justify;\">Vancouverissa vietet\u00e4\u00e4n paraikaa kaunista kes\u00e4\u00e4. Lauantaisen sinitaivaan rohkaisemana p\u00e4\u00e4timme l\u00e4hte\u00e4 ihan <em>ex tempore<\/em> pohjalta l\u00e4hte\u00e4 katsomaan milt\u00e4h\u00e4n Mount Bakerilla n\u00e4ytt\u00e4\u00e4 n\u00e4in toukokuun viimeisen\u00e4 p\u00e4iv\u00e4n\u00e4. Starttasimme kotoa aamukahdeksalta ja vaikka rajalla ei kulunutkaan kuin kymmenen minuuttia jenkkil\u00e4n puolelle p\u00e4\u00e4syyn, kesti matka perille kuitenkin kolme tuntia.<\/p>\n<p><!--more--><\/p>\n<p style=\"text-align: justify;\">Vuorelle johtava <em>Mount Baker Highway<\/em> seuraa vuorilta laskevaa Nooksack Riveri\u00e4 halki vehmaan sademets\u00e4n matkallaan kohti Mount Bakeria. Maisemat ovat kauniina p\u00e4iv\u00e4n\u00e4 kuin automainoksesta ja veikkaankin ett\u00e4 tien varrella kuvataan usein uusia mainoksia. Maantie kuuluu my\u00f6s Yhdysvaltojen kauniiden sivuteiden (<em>America&#8217;s Scenic Byways<\/em>) listalle ja on todellinen paratiisi avoautolla tai moottoripy\u00f6r\u00e4ll\u00e4 liikkuvalle.<\/p>\n<p style=\"text-align: center;\"><a href=\"\/blog\/wp-content\/uploads\/2014\/mount_baker_highway7.jpg\"><img decoding=\"async\" style=\"border: 0px none; margin: 5px;\" src=\"\/blog\/wp-content\/uploads\/2014\/thumbs\/thumbs_mount_baker_highway7.jpg\" alt=\"\" \/><\/a><a href=\"\/blog\/wp-content\/uploads\/2014\/mount_baker_highway4.jpg\"><img decoding=\"async\" style=\"border: 0px none; margin: 5px;\" src=\"\/blog\/wp-content\/uploads\/2014\/thumbs\/thumbs_mount_baker_highway4.jpg\" alt=\"\" \/><\/a><a href=\"\/blog\/wp-content\/uploads\/2014\/mount_baker_highway3.jpg\"><img decoding=\"async\" style=\"border: 0px none; margin: 5px;\" src=\"\/blog\/wp-content\/uploads\/2014\/thumbs\/thumbs_mount_baker_highway3.jpg\" alt=\"\" \/><\/a><br \/>\n<a href=\"\/blog\/wp-content\/uploads\/2014\/mount_baker_highway8.jpg\"><img decoding=\"async\" style=\"border: 0px none; margin: 5px;\" src=\"\/blog\/wp-content\/uploads\/2014\/thumbs\/thumbs_mount_baker_highway8.jpg\" alt=\"\" \/><\/a><a href=\"\/blog\/wp-content\/uploads\/2014\/mount_baker_highway1.jpg\"><img decoding=\"async\" style=\"border: 0px none; margin: 5px;\" src=\"\/blog\/wp-content\/uploads\/2014\/thumbs\/thumbs_mount_baker_highway1.jpg\" alt=\"\" \/><\/a><a href=\"\/blog\/wp-content\/uploads\/2014\/mount_baker_highway5.jpg\"><img decoding=\"async\" style=\"border: 0px none; margin: 5px;\" src=\"\/blog\/wp-content\/uploads\/2014\/thumbs\/thumbs_mount_baker_highway5.jpg\" alt=\"\" \/><\/a><br \/>\n<a href=\"\/blog\/wp-content\/uploads\/2014\/mount_baker_highway2.jpg\"><img decoding=\"async\" style=\"border: 0px none; margin: 5px;\" src=\"\/blog\/wp-content\/uploads\/2014\/thumbs\/thumbs_mount_baker_highway2.jpg\" alt=\"\" \/><\/a><a href=\"\/blog\/wp-content\/uploads\/2014\/mount_baker_highway6.jpg\"><img decoding=\"async\" style=\"border: 0px none; margin: 5px;\" src=\"\/blog\/wp-content\/uploads\/2014\/thumbs\/thumbs_mount_baker_highway6.jpg\" alt=\"\" \/><\/a><\/p>\n<p style=\"text-align: center;\"><em> Upea Mount Baker Highway<\/em><\/p>\n<p style=\"text-align: justify;\">Matkan varrella on monia kiintoisia pys\u00e4hdyspisteit\u00e4, mutta <a title=\"Uskomaton Mount Baker\" href=\"https:\/\/www.vuosiamaailmalla.fi\/?p=2213\">edellisell\u00e4 reissullamme<\/a> emme kerenneet juurikaan pys\u00e4htym\u00e4\u00e4n. T\u00e4ll\u00e4 kertaa teimme p\u00e4invastoin ja k\u00e4velimme hieman matkaa Nooksack Riverin rantaa kulkevaa <em>Horseshoe Bend Trailia<\/em>. Polku jatkuisi syv\u00e4lle kauniin mets\u00e4n siimekseen, mutta jo ensimm\u00e4iset viisisataa metri\u00e4 tarjoavat mahdollisuuden ihmetell\u00e4 sammaleiden ja naavan peitt\u00e4mi\u00e4 puita. Vaikka Suomessakin puissa kasvaa naavaa puhtaan ilman merkkin\u00e4, esiintyy sit\u00e4 t\u00e4\u00e4ll\u00e4 suunnalla aivan eri mittakaavassa. Puissa on naavaa valtavina &#8221;kankaina&#8221;, jotka suorastaan kietovat puut sis\u00e4\u00e4ns\u00e4. \u00c4\u00e4rimm\u00e4isen puhtaan ilman oikein tuntee keuhkoissaan syv\u00e4\u00e4n hengitt\u00e4ess\u00e4\u00e4n. \ud83d\ude2e<\/p>\n<p style=\"text-align: center;\"><a href=\"\/blog\/wp-content\/uploads\/2014\/horseshoe_bend3.jpg\"><img decoding=\"async\" style=\"border: 0px none; margin: 5px;\" src=\"\/blog\/wp-content\/uploads\/2014\/thumbs\/thumbs_horseshoe_bend3.jpg\" alt=\"\" \/><\/a><a href=\"\/blog\/wp-content\/uploads\/2014\/horseshoe_bend4.jpg\"><img decoding=\"async\" style=\"border: 0px none; margin: 5px;\" src=\"\/blog\/wp-content\/uploads\/2014\/thumbs\/thumbs_horseshoe_bend4.jpg\" alt=\"\" \/><\/a><a href=\"\/blog\/wp-content\/uploads\/2014\/horseshoe_bend2.jpg\"><img decoding=\"async\" style=\"border: 0px none; margin: 5px;\" src=\"\/blog\/wp-content\/uploads\/2014\/thumbs\/thumbs_horseshoe_bend2.jpg\" alt=\"\" \/><\/a><\/p>\n<p style=\"text-align: center;\"><em>Kaunis Horseshoe Bend Trail<\/em><\/p>\n<p style=\"text-align: center;\"><a href=\"\/blog\/wp-content\/uploads\/2014\/horseshoe_bend1.jpg\"><img decoding=\"async\" style=\"border: 0px none; margin: 5px;\" src=\"\/blog\/wp-content\/uploads\/2014\/horseshoe_bend1.jpg\" alt=\"\" \/><\/a><\/p>\n<p style=\"text-align: center;\"><em>Naavan t\u00e4ytt\u00e4mi\u00e4 oksia<\/em><\/p>\n<p style=\"text-align: justify;\">Lumesta ei ollut tietoakaan viel\u00e4 kilometrin korkeudessa, mutta pian sen j\u00e4lkeen maisema muuttuikin sitten nopeasti. Vain kolmesataa metri\u00e4 korkeammalla lunta olikin \u00e4kki\u00e4 metrien paksuudelta. Mennyt talvi oli Mounta Bakerillakin v\u00e4h\u00e4luminen ja lunta satoi &#8221;vain&#8221; reilut 15 metri\u00e4. \ud83d\ude06 Vaikka t\u00e4m\u00e4 olikin eniten koko Pohjois-Amerikassa, on se vain puolet siit\u00e4 mit\u00e4 Mount Bakerilla sataa lunta enn\u00e4tystalvina.<\/p>\n<p style=\"text-align: center;\"><a href=\"\/blog\/wp-content\/uploads\/2014\/mount_shuksan.jpg\"><img decoding=\"async\" style=\"border: 0px none; margin: 5px;\" src=\"\/blog\/wp-content\/uploads\/2014\/mount_shuksan.jpg\" alt=\"\" \/><\/a><\/p>\n<p style=\"text-align: center;\"><em>Mount Shuksan<\/em><\/p>\n<p style=\"text-align: justify;\">N\u00e4in toukokuun viimeisen\u00e4 p\u00e4iv\u00e4n\u00e4 vuorella sijaitseva laskettelukeskus on jo sulkenut ovensa. Syyn\u00e4 ei kuitenkaan ole lumen puute, sill\u00e4 hangen paksuus oli paikoin jopa viisi metri\u00e4. Itse asiassa lunta oli viel\u00e4 niin paljon, ett\u00e4 Mount Bakerin ylimm\u00e4lle parkkipaikalle ei ollut viel\u00e4 puhettakaan p\u00e4\u00e4st\u00e4 autolla. Puskutraktorit olivat kyll\u00e4 jo ty\u00f6n touhussa, mutta kest\u00e4nee viel\u00e4 parisen viikkoa ennen kuin tie huipulle saadaan auki. \ud83d\ude2f<\/p>\n<p style=\"text-align: center;\"><a href=\"\/blog\/wp-content\/uploads\/2014\/lumen_katkaisema_tie3.jpg\"><img decoding=\"async\" style=\"border: 0px none; margin: 5px;\" src=\"\/blog\/wp-content\/uploads\/2014\/thumbs\/thumbs_lumen_katkaisema_tie3.jpg\" alt=\"\" \/><\/a><a href=\"\/blog\/wp-content\/uploads\/2014\/lumen_katkaisema_tie2.jpg\"><img decoding=\"async\" style=\"border: 0px none; margin: 5px;\" src=\"\/blog\/wp-content\/uploads\/2014\/thumbs\/thumbs_lumen_katkaisema_tie2.jpg\" alt=\"\" \/><\/a><a href=\"\/blog\/wp-content\/uploads\/2014\/lumen_katkaisema_tie4.jpg\"><img decoding=\"async\" style=\"border: 0px none; margin: 5px;\" src=\"\/blog\/wp-content\/uploads\/2014\/thumbs\/thumbs_lumen_katkaisema_tie4.jpg\" alt=\"\" \/><\/a><br \/>\n<a href=\"\/blog\/wp-content\/uploads\/2014\/lumen_katkaisema_tie6.jpg\"><img decoding=\"async\" style=\"border: 0px none; margin: 5px;\" src=\"\/blog\/wp-content\/uploads\/2014\/thumbs\/thumbs_lumen_katkaisema_tie6.jpg\" alt=\"\" \/><\/a><a href=\"\/blog\/wp-content\/uploads\/2014\/lumen_katkaisema_tie5.jpg\"><img decoding=\"async\" style=\"border: 0px none; margin: 5px;\" src=\"\/blog\/wp-content\/uploads\/2014\/thumbs\/thumbs_lumen_katkaisema_tie5.jpg\" alt=\"\" \/><\/a><a href=\"\/blog\/wp-content\/uploads\/2014\/lumen_katkaisema_tie1.jpg\"><img decoding=\"async\" style=\"border: 0px none; margin: 5px;\" src=\"\/blog\/wp-content\/uploads\/2014\/thumbs\/thumbs_lumen_katkaisema_tie1.jpg\" alt=\"\" \/><\/a><\/p>\n<p style=\"text-align: center;\"><em>Lumen katkaisema tie<\/em><\/p>\n<p style=\"text-align: justify;\">Lumen paksuus n\u00e4in kes\u00e4n korvilla oli kyll\u00e4 uskomatonsa, mutta toisaalta niinh\u00e4n tuota oli paksulti viel\u00e4 <a title=\"Uskomaton Mount Baker\" href=\"https:\/\/www.vuosiamaailmalla.fi\/?p=2213\">hein\u00e4kuussakin<\/a>. Bakerilla ei vain lumi lopu kesken ja sik\u00e4l\u00e4inen kes\u00e4 on eritt\u00e4in lyhyt ja kirjaimellisesti &#8221;v\u00e4h\u00e4luminen&#8221;. <img src=\"https:\/\/www.vuosiamaailmalla.fi\/blog\/wp-includes\/images\/smilies\/mrgreen.png\" alt=\":mrgreen:\" class=\"wp-smiley\" style=\"height: 1em; max-height: 1em;\" \/><\/p>\n<p style=\"text-align: center;\"><a href=\"\/blog\/wp-content\/uploads\/2014\/mount_baker_kesakuun_alussa1.jpg\"><img decoding=\"async\" style=\"border: 0px none; margin: 5px;\" src=\"\/blog\/wp-content\/uploads\/2014\/thumbs\/thumbs_mount_baker_kesakuun_alussa1.jpg\" alt=\"\" \/><\/a><a href=\"\/blog\/wp-content\/uploads\/2014\/mount_baker_kesakuun_alussa2.jpg\"><img decoding=\"async\" style=\"border: 0px none; margin: 5px;\" src=\"\/blog\/wp-content\/uploads\/2014\/thumbs\/thumbs_mount_baker_kesakuun_alussa2.jpg\" alt=\"\" \/><\/a><a href=\"\/blog\/wp-content\/uploads\/2014\/mount_baker_kesakuun_alussa3.jpg\"><img decoding=\"async\" style=\"border: 0px none; margin: 5px;\" src=\"\/blog\/wp-content\/uploads\/2014\/thumbs\/thumbs_mount_baker_kesakuun_alussa3.jpg\" alt=\"\" \/><\/a><\/p>\n<p style=\"text-align: center;\"><em>Mount Bakerin laskettelukeskus kes\u00e4n korvalla<\/em><\/p>\n<p style=\"text-align: justify;\">Lumen vuoksi emme voineet tehd\u00e4 vuorella mit\u00e4\u00e4n valokuvaamisen lis\u00e4ksi. Paikalla oli kuitenkin monia muitakin pelk\u00e4st\u00e4\u00e4n kauniista ajosta nauttimaan tulleita. My\u00f6s paikallinen autokerho oli kaartanut paikalle ja kuljettajat tutkivat toistensa autoja. Hetken aikaa maisemia nautittuamme l\u00e4hdimme mekin paluumatkalle kohti Vancouveria.<\/p>\n<p style=\"text-align: center;\"><a href=\"\/blog\/wp-content\/uploads\/2014\/hondakerho_bakerilla.jpg\"><img decoding=\"async\" style=\"border: 0px none; margin: 5px;\" src=\"\/blog\/wp-content\/uploads\/2014\/hondakerho_bakerilla.jpg\" alt=\"\" \/><\/a><\/p>\n<p style=\"text-align: center;\"><em>Autokerho kokoontuu<\/em><\/p>\n<p style=\"text-align: justify;\">Mount Baker teki meihin vaikutuksen t\u00e4ll\u00e4kin kertaa ja sinne tulee palattua varmasti pian taas uudelleen. Niin uskomaton paikka se vain on! \ud83d\ude42<\/p>\n<p style=\"text-align: center;\"><a href=\"\/blog\/wp-content\/uploads\/2014\/mount_baker_highway_panoraama.jpg\"><img decoding=\"async\" style=\"border: 0px none; margin: 5px;\" src=\"\/blog\/wp-content\/uploads\/2014\/mount_baker_highway_panoraama_pieni.jpg\" alt=\"\" \/><\/a><\/p>\n<p style=\"text-align: center;\"><em>Alppimaisema matkalla yl\u00f6s<\/em><\/p>\n","protected":false},"excerpt":{"rendered":"<p>Vancouverissa vietet\u00e4\u00e4n paraikaa kaunista kes\u00e4\u00e4. Lauantaisen sinitaivaan rohkaisemana p\u00e4\u00e4timme l\u00e4hte\u00e4 ihan ex tempore pohjalta l\u00e4hte\u00e4 katsomaan milt\u00e4h\u00e4n Mount Bakerilla n\u00e4ytt\u00e4\u00e4 n\u00e4in toukokuun viimeisen\u00e4 p\u00e4iv\u00e4n\u00e4. Starttasimme kotoa aamukahdeksalta ja vaikka rajalla ei kulunutkaan kuin kymmenen minuuttia jenkkil\u00e4n puolelle p\u00e4\u00e4syyn, kesti matka perille kuitenkin kolme tuntia.<\/p>\n","protected":false},"author":1,"featured_media":10457,"comment_status":"open","ping_status":"open","sticky":false,"template":"","format":"standard","meta":{"_jetpack_memberships_contains_paid_content":false,"footnotes":""},"categories":[7,890],"tags":[34,587,588,1743,11],"class_list":["post-2965","post","type-post","status-publish","format-standard","has-post-thumbnail","hentry","category-matkakertomukset","category-yhdysvallat","tag-arki","tag-mount-baker","tag-mount-shuksan","tag-washington-osavaltio","tag-matkakertomukset-yhdysvallat"],"jetpack_featured_media_url":"https:\/\/www.vuosiamaailmalla.fi\/blog\/wp-content\/uploads\/mount_baker_highway_banner-1.jpg","jetpack_sharing_enabled":true,"_links":{"self":[{"href":"https:\/\/www.vuosiamaailmalla.fi\/blog\/wp-json\/wp\/v2\/posts\/2965","targetHints":{"allow":["GET"]}}],"collection":[{"href":"https:\/\/www.vuosiamaailmalla.fi\/blog\/wp-json\/wp\/v2\/posts"}],"about":[{"href":"https:\/\/www.vuosiamaailmalla.fi\/blog\/wp-json\/wp\/v2\/types\/post"}],"author":[{"embeddable":true,"href":"https:\/\/www.vuosiamaailmalla.fi\/blog\/wp-json\/wp\/v2\/users\/1"}],"replies":[{"embeddable":true,"href":"https:\/\/www.vuosiamaailmalla.fi\/blog\/wp-json\/wp\/v2\/comments?post=2965"}],"version-history":[{"count":1,"href":"https:\/\/www.vuosiamaailmalla.fi\/blog\/wp-json\/wp\/v2\/posts\/2965\/revisions"}],"predecessor-version":[{"id":12913,"href":"https:\/\/www.vuosiamaailmalla.fi\/blog\/wp-json\/wp\/v2\/posts\/2965\/revisions\/12913"}],"wp:featuredmedia":[{"embeddable":true,"href":"https:\/\/www.vuosiamaailmalla.fi\/blog\/wp-json\/wp\/v2\/media\/10457"}],"wp:attachment":[{"href":"https:\/\/www.vuosiamaailmalla.fi\/blog\/wp-json\/wp\/v2\/media?parent=2965"}],"wp:term":[{"taxonomy":"category","embeddable":true,"href":"https:\/\/www.vuosiamaailmalla.fi\/blog\/wp-json\/wp\/v2\/categories?post=2965"},{"taxonomy":"post_tag","embeddable":true,"href":"https:\/\/www.vuosiamaailmalla.fi\/blog\/wp-json\/wp\/v2\/tags?post=2965"}],"curies":[{"name":"wp","href":"https:\/\/api.w.org\/{rel}","templated":true}]}}