{"id":2969,"date":"2014-06-03T18:45:56","date_gmt":"2014-06-04T01:45:56","guid":{"rendered":"http:\/\/13.53.127.146\/?p=2969"},"modified":"2014-09-01T18:26:39","modified_gmt":"2014-09-02T01:26:39","slug":"tuulisessa-torontossa","status":"publish","type":"post","link":"https:\/\/www.vuosiamaailmalla.fi\/blog\/2014\/tuulisessa-torontossa\/","title":{"rendered":"Tuulisessa Torontossa"},"content":{"rendered":"<p style=\"text-align: justify;\">Tervehdys t\u00e4\u00e4lt\u00e4 tuulisesta Torontosta! Saavuin t\u00e4nne eilen maanantaina ja olen t\u00e4\u00e4ll\u00e4 ty\u00f6matkalla perjantaihin saakka. En olekaan ollut itse taas hetkeen ty\u00f6matkalla, sill\u00e4 kuuden <a title=\"39 y\u00f6t\u00e4 Washingtonissa\" href=\"https:\/\/www.vuosiamaailmalla.fi\/?p=1609\">Washingtonissa vietetyn<\/a> viikon j\u00e4lkeen ei ole niin sanotusti hotsittanut l\u00e4hte\u00e4 minnek\u00e4\u00e4n. Nyt oli kuitenkin ty\u00f6n puolesta pakko, mutta mukavakin l\u00e4hte\u00e4 ja varsinkin kaupunkiin jossa on ollut viimeeksi viisi vuotta sitten.<\/p>\n<p><!--more--><\/p>\n<p style=\"text-align: justify;\">Puolentoista p\u00e4iv\u00e4n mittaisen ty\u00f6ajan ulkopuolisen kaupunkikiertelyn perusteella Toronto onkin muuttunut valtavasti ja uusia rakennuksia on noussut kaikkialle. Taitaakin pit\u00e4\u00e4 paikkansa puheet siit\u00e4, ett\u00e4 Torontossa on meneill\u00e4\u00e4n <a title=\"L\u00e4ntisen maailman suurin pilvenpiirt\u00e4j\u00e4buumi\" href=\"https:\/\/www.vuosiamaailmalla.fi\/?p=2270\">l\u00e4ntisen maailman suurin pilvenpiirt\u00e4j\u00e4buumi<\/a>. Sen nimitt\u00e4in n\u00e4kee t\u00e4\u00e4ll\u00e4 kaikkialla.<\/p>\n<p style=\"text-align: justify;\">Kelit ovat olleet helteiset ja todella tuuliset. Ukkosmyrskyj\u00e4 on ennustettu saapuvaksi kaupunkiin my\u00f6hemmin t\u00e4ll\u00e4 viikolla, mutta ainakin viel\u00e4 taivas on pysynyt kauniin sinisen\u00e4. Minulla onkin ollut loistava tilaisuus verest\u00e4\u00e4 Toronton muistoja ja k\u00e4vinkin t\u00e4n\u00e4\u00e4n kaupungin ikonisen <a title=\"Taivaisiin kasvanut Toronto\" href=\"https:\/\/www.vuosiamaailmalla.fi\/?p=3097\"><em>CN Towerin<\/em> huipulla<\/a> per\u00e4ti 447 metrin korkeudessa katsomassa ymp\u00e4rill\u00e4 muuttunutta kaupunkia. Maisemat olivat kertakaikkisen uskomattomat. \ud83d\ude2e<\/p>\n<p style=\"text-align: justify;\">Ty\u00f6matka jatkuu perjantaina t\u00e4\u00e4lt\u00e4 Torontosta rajan yli Amerikan puolelle ja <a title=\"Amerikan syd\u00e4nmailla\" href=\"https:\/\/www.vuosiamaailmalla.fi\/?p=2972\">Keskil\u00e4nteen<\/a>, miss\u00e4 olen matkalla aina keskiviikkoon saakka. Tunnelmia sielt\u00e4 varmaankin tuossa viikonloppuna. \ud83d\ude42<\/p>\n","protected":false},"excerpt":{"rendered":"<p>Tervehdys t\u00e4\u00e4lt\u00e4 tuulisesta Torontosta! Saavuin t\u00e4nne eilen maanantaina ja olen t\u00e4\u00e4ll\u00e4 ty\u00f6matkalla perjantaihin saakka. En olekaan ollut itse taas hetkeen ty\u00f6matkalla, sill\u00e4 kuuden Washingtonissa vietetyn viikon j\u00e4lkeen ei ole niin sanotusti hotsittanut l\u00e4hte\u00e4 minnek\u00e4\u00e4n. Nyt oli kuitenkin ty\u00f6n puolesta pakko, mutta mukavakin l\u00e4hte\u00e4 ja varsinkin kaupunkiin jossa on ollut viimeeksi viisi vuotta sitten.<\/p>\n","protected":false},"author":1,"featured_media":0,"comment_status":"open","ping_status":"open","sticky":false,"template":"","format":"standard","meta":{"_jetpack_memberships_contains_paid_content":false,"footnotes":""},"categories":[3,9,7,12,13],"tags":[935,736,937,207],"class_list":["post-2969","post","type-post","status-publish","format-standard","hentry","category-arki-ulkomailla","category-kanada","category-matkakertomukset","category-matkalla-kerrottua","category-tyoskentely-kanadassa","tag-kanada","tag-matkakertomus-toronto-ja-omaha","tag-toronto","tag-tyo"],"jetpack_featured_media_url":"","jetpack_sharing_enabled":true,"_links":{"self":[{"href":"https:\/\/www.vuosiamaailmalla.fi\/blog\/wp-json\/wp\/v2\/posts\/2969","targetHints":{"allow":["GET"]}}],"collection":[{"href":"https:\/\/www.vuosiamaailmalla.fi\/blog\/wp-json\/wp\/v2\/posts"}],"about":[{"href":"https:\/\/www.vuosiamaailmalla.fi\/blog\/wp-json\/wp\/v2\/types\/post"}],"author":[{"embeddable":true,"href":"https:\/\/www.vuosiamaailmalla.fi\/blog\/wp-json\/wp\/v2\/users\/1"}],"replies":[{"embeddable":true,"href":"https:\/\/www.vuosiamaailmalla.fi\/blog\/wp-json\/wp\/v2\/comments?post=2969"}],"version-history":[{"count":0,"href":"https:\/\/www.vuosiamaailmalla.fi\/blog\/wp-json\/wp\/v2\/posts\/2969\/revisions"}],"wp:attachment":[{"href":"https:\/\/www.vuosiamaailmalla.fi\/blog\/wp-json\/wp\/v2\/media?parent=2969"}],"wp:term":[{"taxonomy":"category","embeddable":true,"href":"https:\/\/www.vuosiamaailmalla.fi\/blog\/wp-json\/wp\/v2\/categories?post=2969"},{"taxonomy":"post_tag","embeddable":true,"href":"https:\/\/www.vuosiamaailmalla.fi\/blog\/wp-json\/wp\/v2\/tags?post=2969"}],"curies":[{"name":"wp","href":"https:\/\/api.w.org\/{rel}","templated":true}]}}