{"id":2972,"date":"2014-06-09T18:56:03","date_gmt":"2014-06-10T01:56:03","guid":{"rendered":"http:\/\/13.53.127.146\/?p=2972"},"modified":"2016-01-20T13:20:05","modified_gmt":"2016-01-20T21:20:05","slug":"amerikan-sydanmailla","status":"publish","type":"post","link":"https:\/\/www.vuosiamaailmalla.fi\/blog\/2014\/amerikan-sydanmailla\/","title":{"rendered":"Amerikan syd\u00e4nmailla"},"content":{"rendered":"<p style=\"text-align: justify;\"><a title=\"Tuulisessa Torontossa\" href=\"https:\/\/www.vuosiamaailmalla.fi\/?p=2969\">Tuulinen Toronto<\/a> j\u00e4i sitten perjantaina taakse, kun lensin Chicagon kautta t\u00e4nne Amerikan syd\u00e4nmaille Nebraskaan. T\u00e4\u00e4ll\u00e4 Omahan kaupungin liepeill\u00e4 maisemaa eiv\u00e4t hallitse <a title=\"Taivaisiin kasvanut Toronto\" href=\"https:\/\/www.vuosiamaailmalla.fi\/?p=3097\">lasiset pilvenpiirt\u00e4j\u00e4t<\/a>, vaan horisonttiin saakka levitt\u00e4ytyv\u00e4t maissipellot. Sek\u00e4 hotellini ett\u00e4 my\u00f6s toimistomme sijaitsevat syv\u00e4ll\u00e4 periamerikkalaisessa l\u00e4hi\u00f6ss\u00e4, jossa kaikkialle pit\u00e4\u00e4 menn\u00e4 autolla ja kaduilla ei ole mit\u00e4\u00e4n el\u00e4m\u00e4\u00e4 pime\u00e4n tultua.<\/p>\n<p><!--more--><\/p>\n<p style=\"text-align: justify;\">Omahassa ei ole j\u00e4rin paljon tekemist\u00e4, mutta tein kuitenkin viikonloppuna ne pakolliset n\u00e4ht\u00e4vyydet. K\u00e4vin katsomassa kaupungin keskustaa sek\u00e4 Nebraskan ja Iowan erottavaa Missouri-jokea. Illasta k\u00e4vin katsomassa uuden <a href=\"http:\/\/www.imdb.com\/title\/tt1631867\/\"><em>Edge of Tomorrow<\/em><\/a> -elokuvan <em>IMAX 3D<\/em> -version l\u00e4heisess\u00e4 elokuvateatterissa, joka oli ilahduttavan viihdytt\u00e4v\u00e4 elokuvael\u00e4mys. Sunnuntaina vuorossa oli vierailu Omahan el\u00e4intarhassa, joka on koko Nebraskan suosituin matkailukohde. El\u00e4intarha oli oikein mukava ja sellaisessa ei olekaan tullut k\u00e4yty\u00e4 sitten <a href=\"https:\/\/www.vuosiamaailmalla.fi\/?p=232\">Berliinist\u00e4 l\u00e4hd\u00f6n<\/a> j\u00e4lkeen. \ud83d\ude2e<\/p>\n<p style=\"text-align: justify;\">T\u00e4n\u00e4\u00e4n maanantaina tuli sitten palattua taas ty\u00f6kuvioihin ja alkuviikon p\u00e4iv\u00e4t menev\u00e4t toimistolla t\u00e4k\u00e4l\u00e4isi\u00e4 kolleegoja tavatessa ja palavereissa istuessa. Paluu Vancouveriin on edess\u00e4 keskiviikkoiltana, mutta harmillisesti Niinan n\u00e4keminen j\u00e4\u00e4 lyhyeksi, sill\u00e4 h\u00e4n joutuu l\u00e4htem\u00e4\u00e4n omalle ty\u00f6matkalleen Washingtoniin jo sunnuntaina. Kolmen p\u00e4iv\u00e4n matkaltaan palattuaan meill\u00e4 onkin ensi viikon perjantaina edess\u00e4 lomille lompsiminen, sill\u00e4 aloitamme silloin jo pitk\u00e4\u00e4n odotetun kahden viikon kes\u00e4lomamme.<\/p>\n<p style=\"text-align: justify;\">Kes\u00e4 onkin t\u00e4\u00e4ll\u00e4 ja Omahassa on ollut eritt\u00e4in l\u00e4mmint\u00e4. Ukkoskuuroja sek\u00e4 rajuja raekuuroja on saatu t\u00e4ss\u00e4 ihan l\u00e4hiseuduilla, mutta onneksi pes\u00e4pallon kokoisia rakeita ei ole kuitenkaan satanut t\u00e4ss\u00e4 hotellin l\u00e4hettyvill\u00e4. Se on rauhoittanut hieman mielt\u00e4, kun alla on vuokra-auto jonka ei soisi lommoontuvan <a href=\"https:\/\/www.vuosiamaailmalla.fi\/?p=5546\">Keskil\u00e4nnen kes\u00e4ss\u00e4<\/a>. \ud83d\ude44<\/p>\n","protected":false},"excerpt":{"rendered":"<p>Tuulinen Toronto j\u00e4i sitten perjantaina taakse, kun lensin Chicagon kautta t\u00e4nne Amerikan syd\u00e4nmaille Nebraskaan. T\u00e4\u00e4ll\u00e4 Omahan kaupungin liepeill\u00e4 maisemaa eiv\u00e4t hallitse lasiset pilvenpiirt\u00e4j\u00e4t, vaan horisonttiin saakka levitt\u00e4ytyv\u00e4t maissipellot. Sek\u00e4 hotellini ett\u00e4 my\u00f6s toimistomme sijaitsevat syv\u00e4ll\u00e4 periamerikkalaisessa l\u00e4hi\u00f6ss\u00e4, jossa kaikkialle pit\u00e4\u00e4 menn\u00e4 autolla ja kaduilla ei ole mit\u00e4\u00e4n el\u00e4m\u00e4\u00e4 pime\u00e4n tultua.<\/p>\n","protected":false},"author":1,"featured_media":0,"comment_status":"open","ping_status":"open","sticky":false,"template":"","format":"standard","meta":{"_jetpack_memberships_contains_paid_content":false,"footnotes":""},"categories":[3,7,12,13,890],"tags":[159,736,737,207,11],"class_list":["post-2972","post","type-post","status-publish","format-standard","hentry","category-arki-ulkomailla","category-matkakertomukset","category-matkalla-kerrottua","category-tyoskentely-kanadassa","category-yhdysvallat","tag-kesa","tag-matkakertomus-toronto-ja-omaha","tag-omaha","tag-tyo","tag-matkakertomukset-yhdysvallat"],"jetpack_featured_media_url":"","jetpack_sharing_enabled":true,"_links":{"self":[{"href":"https:\/\/www.vuosiamaailmalla.fi\/blog\/wp-json\/wp\/v2\/posts\/2972","targetHints":{"allow":["GET"]}}],"collection":[{"href":"https:\/\/www.vuosiamaailmalla.fi\/blog\/wp-json\/wp\/v2\/posts"}],"about":[{"href":"https:\/\/www.vuosiamaailmalla.fi\/blog\/wp-json\/wp\/v2\/types\/post"}],"author":[{"embeddable":true,"href":"https:\/\/www.vuosiamaailmalla.fi\/blog\/wp-json\/wp\/v2\/users\/1"}],"replies":[{"embeddable":true,"href":"https:\/\/www.vuosiamaailmalla.fi\/blog\/wp-json\/wp\/v2\/comments?post=2972"}],"version-history":[{"count":0,"href":"https:\/\/www.vuosiamaailmalla.fi\/blog\/wp-json\/wp\/v2\/posts\/2972\/revisions"}],"wp:attachment":[{"href":"https:\/\/www.vuosiamaailmalla.fi\/blog\/wp-json\/wp\/v2\/media?parent=2972"}],"wp:term":[{"taxonomy":"category","embeddable":true,"href":"https:\/\/www.vuosiamaailmalla.fi\/blog\/wp-json\/wp\/v2\/categories?post=2972"},{"taxonomy":"post_tag","embeddable":true,"href":"https:\/\/www.vuosiamaailmalla.fi\/blog\/wp-json\/wp\/v2\/tags?post=2972"}],"curies":[{"name":"wp","href":"https:\/\/api.w.org\/{rel}","templated":true}]}}