{"id":298,"date":"2012-01-01T16:20:46","date_gmt":"2012-01-01T16:20:46","guid":{"rendered":"http:\/\/13.53.127.146\/?p=298"},"modified":"2023-02-11T19:39:13","modified_gmt":"2023-02-12T03:39:13","slug":"uudenvuoden-sotatanner","status":"publish","type":"post","link":"https:\/\/www.vuosiamaailmalla.fi\/blog\/2012\/uudenvuoden-sotatanner\/","title":{"rendered":"Uudenvuoden sotatanner"},"content":{"rendered":"<p style=\"text-align: justify;\">Vuosi vaihtui j\u00e4lleen ja vietimme uudenvuoden nyt toista kertaa Berliiniss\u00e4. Viimeeksi 2009-2010 v\u00e4list\u00e4 vuodenvaihdetta t\u00e4\u00e4ll\u00e4 juhlineena muistimme hyvin, millaiseksi sotatantereeksi kaupunki puolen y\u00f6n aikoihin muuttuu, joten edelliskerrasta viisastuneena p\u00e4\u00e4timme viett\u00e4\u00e4 illan kahden suomalaisen yst\u00e4v\u00e4mme kanssa ihan vain kotosalla. Valinta ei ollutkaan huono, sill\u00e4 hyv\u00e4ss\u00e4 seurassa aika kului mukavasti jutellessa sek\u00e4 telkkarista tulleita menneiden vuosien hittiparaadeja kuunnellessa. Tarjolla oli hittikavalkaadeja ainakin kuudelta eri kanavalta. Alkuillasta televisiosta tuli my\u00f6s <a title=\"Berliinin filharmonikkoja kuulemassa\" href=\"https:\/\/www.vuosiamaailmalla.fi\/?p=1436\">Berliinin filharmonikkojen<\/a> perinteinen uudenvuoden konsertti, jonne mekin yritimme saada lippuja turhaan.<\/p>\n<p><!--more--><\/p>\n<p style=\"text-align: justify;\">Virallisia uudenvuoden juhlia vietettiin pitkin Saksaa, mutta kaikkein suurin j\u00e4rjestettiin t\u00e4n\u00e4kin vuonna <a title=\"Ikoninen Brandenburger Tor\" href=\"https:\/\/www.vuosiamaailmalla.fi\/?p=8080\">Brandenburgin portin<\/a> ja <a title=\"Voitonpylv\u00e4s Siegess\u00e4ule\" href=\"https:\/\/www.vuosiamaailmalla.fi\/?p=2386\">Siegess\u00e4ulen<\/a> v\u00e4lisell\u00e4 kahden kilometrin mittaisella suljetulla juhla-alueella. Paikalle odotettiin jopa miljoonaa ihmist\u00e4 ja tavoitteeseen p\u00e4\u00e4stiinkin, sill\u00e4 portit alueelle jouduttiin sulkemaan jo kahta tuntia ennen puoltay\u00f6t\u00e4 alueen t\u00e4ytytty\u00e4 \u00e4\u00e4rimmilleen. Paikalle ihmisi\u00e4 vetiv\u00e4t t\u00e4n\u00e4kin vuonna yli kolmituntinen televisioitu show, jossa esiintyi yhteens\u00e4 18 yhtyett\u00e4. Tutuimpia nimi\u00e4 olivat tapahtuman p\u00e4\u00e4esiintyj\u00e4 <em>Scorpions<\/em>, saksalaisten suosima Udo J\u00fcrgens, ikivihre\u00e4 <em>DJ\u00a0\u00d6tzi<\/em> sek\u00e4 ys\u00e4rinimet kuten <em>DJ\u00a0Bobo<\/em>, <em>Culture Beat<\/em> ja Kim Wilde. Tilaisuus p\u00e4\u00e4ttyi Tiergartenin keskelt\u00e4 ammuttuun suureen ilotulitukseen.<\/p>\n<p style=\"text-align: justify;\">N\u00e4imme samaisen ilotulituksen kaksi vuotta sitten, mutta se ei ollut mit\u00e4\u00e4n verrattuna omalta parvekkeeltamme puolilta\u00f6in auenneeseen n\u00e4kym\u00e4\u00e4n. Taukoamaton pauke oli alkanut jo pari tuntia aiemmin, mutta puolilta\u00f6in koko horisontin t\u00e4yttiv\u00e4t tuhannet raketit. Erityisesti l\u00e4heisen Alexanderplatzin alueelta ammuttiin ilotulitteita ilmaan jatkuvalla sy\u00f6t\u00f6ll\u00e4 ja koko keskusta verhoutuikin nopeasti raketeista syntyneeseen ruutisumuun. Voin vain kuvitella millainen pauke itse aukiolla oli keskiy\u00f6ll\u00e4. Saksassa ilotulitteiden ja r\u00e4j\u00e4hteiden k\u00e4ytt\u00f6 on aika villi\u00e4 ja en ole esimerkiksi koskaan n\u00e4hnyt kenell\u00e4k\u00e4\u00e4n mink\u00e4\u00e4nlaisia suojalaseja. Saatavilla on lis\u00e4ksi melkoisia pommeja, sellaisia vanhojen tykinkuula-r\u00e4j\u00e4hteiden tapaisia paukkuja, joista l\u00e4htee melkoinen pamahdus. Niit\u00e4 sitten jotkut valop\u00e4\u00e4t heittelev\u00e4t ahtailla kaduilla tai jopa suoraan v\u00e4kijoukkoon.<\/p>\n<p style=\"text-align: center;\"><iframe loading=\"lazy\" src=\"https:\/\/www.youtube-nocookie.com\/embed\/gU0QCzBaa4c\" width=\"560\" height=\"315\" frameborder=\"0\"><\/iframe><\/p>\n<p style=\"text-align: center;\"><em>Uudenvuoden juhlintaa parvekkeeltamme n\u00e4htyn\u00e4 (puoliy\u00f6 noin <a href=\"https:\/\/www.youtube.com\/watch?v=gU0QCzBaa4c&amp;feature=player_embedded#t=35s\">1:30<\/a> kohdalla)<\/em><\/p>\n<p style=\"text-align: justify;\">T\u00e4t\u00e4 vasten emme olleet yht\u00e4\u00e4n pahoillamme, ett\u00e4 vietimme uudenvuoden kotonamme parvekkeelta menoa katsoen. Siin\u00e4kin tuntui osa kadulta ammuttavista raketeista r\u00e4j\u00e4ht\u00e4v\u00e4n niin l\u00e4hell\u00e4, ett\u00e4 mieli teki siirty\u00e4 sis\u00e4tiloihin kymmenen minuutin j\u00e4lkeen. Ilotulitus ei kuitenkaan tauonnut, vaan aivan yhten\u00e4inen r\u00e4j\u00e4htelyn \u00e4\u00e4ni jatkui kaupungilla ainakin puolentoista tunnin ajan.<\/p>\n<p style=\"text-align: center;\"><a href=\"\/blog\/wp-content\/uploads\/2012\/ilotuliteroskaa1.jpg\" target=\"_blank\" rel=\"noopener\"><img decoding=\"async\" style=\"border: 0px none; margin: 5px;\" src=\"\/blog\/wp-content\/uploads\/2012\/thumbs\/thumbs_ilotuliteroskaa1.jpg\" alt=\"\" \/><\/a><a href=\"\/blog\/wp-content\/uploads\/2012\/ilotuliteroskaa2.jpg\" target=\"_blank\" rel=\"noopener\"><img decoding=\"async\" style=\"border: 0px none; margin: 5px;\" src=\"\/blog\/wp-content\/uploads\/2012\/thumbs\/thumbs_ilotuliteroskaa2.jpg\" alt=\"\" \/><\/a><a href=\"\/blog\/wp-content\/uploads\/2012\/ilotuliteroskaa3.jpg\" target=\"_blank\" rel=\"noopener\"><img decoding=\"async\" style=\"border: 0px none; margin: 5px;\" src=\"\/blog\/wp-content\/uploads\/2012\/thumbs\/thumbs_ilotuliteroskaa3.jpg\" alt=\"\" \/><\/a><br \/>\n<em>Viime y\u00f6n sotatantereen muistoja<\/em><\/p>\n<p style=\"text-align: justify;\">Y\u00f6n satoa korjattiin aamulla. 1135 h\u00e4lytyst\u00e4, 397 tulipaloa ja 17 loukkaantunutta, joista yksi menetti kokonaan k\u00e4tens\u00e4 ilotuliteturmassa. Lukemat ovat hieman viime vuotta korkeammat, mutta eiv\u00e4t kuitenkaan mit\u00e4\u00e4n enn\u00e4tyslukemia Berliiniss\u00e4. Kaiken kaikkiaan vuosi vaihtuikin sangen onnellisesti ja nyt muistona ovat vain valtavat j\u00e4tem\u00e4\u00e4r\u00e4t kaduilla. Hyv\u00e4\u00e4 uutta vuotta kaikille blogini lukijoille!<\/p>\n","protected":false},"excerpt":{"rendered":"<p>Vuosi vaihtui j\u00e4lleen ja vietimme uudenvuoden nyt toista kertaa Berliiniss\u00e4. Viimeeksi 2009-2010 v\u00e4list\u00e4 vuodenvaihdetta t\u00e4\u00e4ll\u00e4 juhlineena muistimme hyvin, millaiseksi sotatantereeksi kaupunki puolen y\u00f6n aikoihin muuttuu, joten edelliskerrasta viisastuneena p\u00e4\u00e4timme viett\u00e4\u00e4 illan kahden suomalaisen yst\u00e4v\u00e4mme kanssa ihan vain kotosalla. Valinta ei ollutkaan huono, sill\u00e4 hyv\u00e4ss\u00e4 seurassa aika kului mukavasti jutellessa sek\u00e4 telkkarista tulleita menneiden vuosien hittiparaadeja &hellip; <a href=\"https:\/\/www.vuosiamaailmalla.fi\/blog\/2012\/uudenvuoden-sotatanner\/\" class=\"more-link\">Jatka lukemista<span class=\"screen-reader-text\"> &#8221;Uudenvuoden sotatanner&#8221;<\/span><\/a><\/p>\n","protected":false},"author":1,"featured_media":11620,"comment_status":"open","ping_status":"open","sticky":false,"template":"","format":"standard","meta":{"_jetpack_memberships_contains_paid_content":false,"footnotes":""},"categories":[18,3],"tags":[25,28,34,56,65,190,191],"class_list":["post-298","post","type-post","status-publish","format-standard","has-post-thumbnail","hentry","category-arki-saksassa","category-arki-ulkomailla","tag-ajankohtaista","tag-alexanderplatz","tag-arki","tag-berlin-mitte","tag-berlin-tiergarten","tag-saksa","tag-saksalainen-juttu"],"jetpack_featured_media_url":"https:\/\/www.vuosiamaailmalla.fi\/blog\/wp-content\/uploads\/ilotuliteroskaa_banner-1.jpg","jetpack_sharing_enabled":true,"_links":{"self":[{"href":"https:\/\/www.vuosiamaailmalla.fi\/blog\/wp-json\/wp\/v2\/posts\/298","targetHints":{"allow":["GET"]}}],"collection":[{"href":"https:\/\/www.vuosiamaailmalla.fi\/blog\/wp-json\/wp\/v2\/posts"}],"about":[{"href":"https:\/\/www.vuosiamaailmalla.fi\/blog\/wp-json\/wp\/v2\/types\/post"}],"author":[{"embeddable":true,"href":"https:\/\/www.vuosiamaailmalla.fi\/blog\/wp-json\/wp\/v2\/users\/1"}],"replies":[{"embeddable":true,"href":"https:\/\/www.vuosiamaailmalla.fi\/blog\/wp-json\/wp\/v2\/comments?post=298"}],"version-history":[{"count":4,"href":"https:\/\/www.vuosiamaailmalla.fi\/blog\/wp-json\/wp\/v2\/posts\/298\/revisions"}],"predecessor-version":[{"id":13025,"href":"https:\/\/www.vuosiamaailmalla.fi\/blog\/wp-json\/wp\/v2\/posts\/298\/revisions\/13025"}],"wp:featuredmedia":[{"embeddable":true,"href":"https:\/\/www.vuosiamaailmalla.fi\/blog\/wp-json\/wp\/v2\/media\/11620"}],"wp:attachment":[{"href":"https:\/\/www.vuosiamaailmalla.fi\/blog\/wp-json\/wp\/v2\/media?parent=298"}],"wp:term":[{"taxonomy":"category","embeddable":true,"href":"https:\/\/www.vuosiamaailmalla.fi\/blog\/wp-json\/wp\/v2\/categories?post=298"},{"taxonomy":"post_tag","embeddable":true,"href":"https:\/\/www.vuosiamaailmalla.fi\/blog\/wp-json\/wp\/v2\/tags?post=298"}],"curies":[{"name":"wp","href":"https:\/\/api.w.org\/{rel}","templated":true}]}}