{"id":2991,"date":"2014-06-17T20:46:18","date_gmt":"2014-06-18T03:46:18","guid":{"rendered":"http:\/\/13.53.127.146\/?p=2991"},"modified":"2017-04-30T17:42:49","modified_gmt":"2017-05-01T00:42:49","slug":"kirottu-leasingauto","status":"publish","type":"post","link":"https:\/\/www.vuosiamaailmalla.fi\/blog\/2014\/kirottu-leasingauto\/","title":{"rendered":"Kirottu leasingauto"},"content":{"rendered":"<p style=\"text-align: justify;\">Meill\u00e4 nyt alla <a title=\"2014 BMW X1 xDrive35i\" href=\"https:\/\/www.vuosiamaailmalla.fi\/?p=2938\">uusi auto<\/a> ja el\u00e4m\u00e4 hymyilee. \ud83d\ude1b Oli kyll\u00e4 aikakin, sill\u00e4 <a title=\"2012 BMW X1 xDrive28i\" href=\"https:\/\/www.vuosiamaailmalla.fi\/?p=201\">vanhan auton<\/a> kanssa ei el\u00e4m\u00e4 hymyillyt niin paljon viimeisen puolen vuoden aikana ja suoraan sanottuna meist\u00e4 alkoikin tuntua silt\u00e4, ett\u00e4 leasingautomme on kirottu. \ud83d\ude08<\/p>\n<p><!--more--><\/p>\n<p style=\"text-align: justify;\">Ep\u00e4onni alkoi viime vuoden syyskuussa. Palatessamme 4500 kilometrin mittaiselta huikealta <a title=\"Lomamatkalla kohti Yellowstonea\" href=\"https:\/\/www.vuosiamaailmalla.fi\/?p=2284\">Yellowstonen automatkaltamme<\/a>, iski ep\u00e4onni melkein kotona, kun v\u00e4h\u00e4n ennen <a title=\"Ensimm\u00e4ist\u00e4 kertaa Seattlessa\" href=\"https:\/\/www.vuosiamaailmalla.fi\/?p=7087\">Seattlea<\/a> moottoritiell\u00e4 tuulilasiimme iski kovalla voimalla kivi. Ja j\u00e4lkih\u00e4n siit\u00e4 j\u00e4i lasiin halkeaman my\u00f6t\u00e4. Asia kismitti, mutta sille ei nyt vain voinut mit\u00e4\u00e4n. P\u00e4\u00e4timmekin, ett\u00e4 tuulilasi korjataan vasta juuri ennen auton palautusta. N\u00e4in my\u00f6s tehtiin ja lasi korjattiin tammikuun lopussa, alle kuukausi ennen aiottua auton palautusp\u00e4iv\u00e4\u00e4.<\/p>\n<p style=\"text-align: center;\"><a href=\"\/blog\/wp-content\/uploads\/2014\/likainen_auto.jpg\"><img decoding=\"async\" style=\"border: 0px none; margin: 5px;\" src=\"\/blog\/wp-content\/uploads\/2014\/likainen_auto.jpg\" alt=\"\" \/><\/a><\/p>\n<p style=\"text-align: center;\"><em>Kilometrej\u00e4 n\u00e4hnyt vanha automme<\/em><\/p>\n<p style=\"text-align: justify;\">Noh, autoa ei sitten palautettukaan suunnitellusti helmikuun alussa, vaan l\u00e4hdimme viett\u00e4m\u00e4\u00e4n <em>Family Dayn<\/em> pitk\u00e4\u00e4 viikonloppua Okanagan Valleyn alueelle <a title=\"Big White\" href=\"https:\/\/www.vuosiamaailmalla.fi\/?p=2759\"><em>Big Whiten<\/em> laskettelukeskukseen<\/a>. Ja siell\u00e4h\u00e4n se sitten tapahtui paluumatkalla, kun hiekoitetulla moottoritiell\u00e4 (jolla on talvinopeus 110km\/h) iski ohittavasta autosta tuulilasiimme kasa kivi\u00e4. Eik\u00e4 edes auttanut, vaikka hidastin ohittavien autojen kohdalla vauhtia, vaan tuulilasissa oli j\u00e4lleen halkeama. \ud83d\ude21<\/p>\n<p style=\"text-align: justify;\">Sen tuulilasin elini\u00e4ksi tuli sitten vain kaksi viikkoa, sill\u00e4 leasingautossa ei saa olla palautettaessa tuulilasin pyyhkimien alueella vaurioita. Tuulilasin vaihto bemariin maksaa t\u00f6ineen noin 1100 dollaria per kerta, mutta onneksi 2200 dollarin sijaan jouduimme maksamaan vain vakuutuksemme omavastuuosuuden, joka on 200 dollaria eli kahdesta tuulilasista yhteens\u00e4 400 dollaria. Ei siin\u00e4 mik\u00e4\u00e4n auttanut, vaan lasi piti vaihdattaa toisen kerran huhtikuussa, kun uuden auton tulo oli jo aivan l\u00e4hell\u00e4.<\/p>\n<p style=\"text-align: center;\"><a href=\"\/blog\/wp-content\/uploads\/2014\/likainen_auto2.jpg\"><img decoding=\"async\" style=\"border: 0px none; margin: 5px;\" src=\"\/blog\/wp-content\/uploads\/2014\/likainen_auto2.jpg\" alt=\"\" \/><\/a><\/p>\n<p style=\"text-align: center;\"><em>Ei niin valkoinen X1<\/em><\/p>\n<p style=\"text-align: justify;\">Kirous n\u00e4ytti kuitenkin j\u00e4lleen voimansa, sill\u00e4 minulle soitettiin lasiliikkeest\u00e4 ja kysyttiin josko tiesin, ett\u00e4 takimmaisessa <a title=\"Talvirenkaat British Columbiassa\" href=\"https:\/\/www.vuosiamaailmalla.fi\/?p=181\">talvirenkaassa<\/a> on naula ja se vuosi hiljalleen. En ollut uskoa kuulemaani ja naula lienee tullut edellisviikonlopun <a title=\"Kierros Pitt Lakella\" href=\"https:\/\/www.vuosiamaailmalla.fi\/?p=2879\">retkell\u00e4mme<\/a> Pitt Lakelle. Ei siin\u00e4k\u00e4\u00e4n auttanut muu kuin paikata renkas, hintaan 300 dollaria. \ud83d\ude25<\/p>\n<p style=\"text-align: justify;\">Lopulta koitti toukokuun alku ja saimme puhelun, ett\u00e4 uusi auto on nyt vihdoin t\u00e4\u00e4ll\u00e4. Tieto oli ilahduttava ja olimme valmiit hakemaan auton lauantainaamuna. Perjantai-ilta oli kuitenkin kaunis, joten p\u00e4\u00e4timme l\u00e4hte\u00e4 viimeiselle ajolle vanhalla autollamme. Paha virhe. \u2757 Lyhyess\u00e4 ajomatkassamme ei ollut mit\u00e4\u00e4n dramaattista, mutta kotona oli vastassa yll\u00e4tys. Auton parkkiin j\u00e4tt\u00e4ess\u00e4mme Niina nimitt\u00e4in huomasi, ett\u00e4 mit\u00e4 ihmett\u00e4, vasemmanpuoleisen sumuvalon lasihan oli aivan tuhannen p\u00e4rein\u00e4. \ud83d\ude2f<\/p>\n<p style=\"text-align: center;\"><a href=\"\/blog\/wp-content\/uploads\/2014\/likainen_auto3.jpg\"><img decoding=\"async\" style=\"border: 0px none; margin: 5px;\" src=\"\/blog\/wp-content\/uploads\/2014\/likainen_auto3.jpg\" alt=\"\" \/><\/a><\/p>\n<p style=\"text-align: center;\"><em>Rapaa kerrakseen<\/em><\/p>\n<p style=\"text-align: justify;\">Siis mit\u00e4?! Ainoa johtop\u00e4\u00e4t\u00f6s oli, ett\u00e4 ajomatkallamme ollut aivan tavallinen kuoppa tiess\u00e4 oli hakannut lasin rikki. Vaikka kyse ei olekaan kovin kalliista harmista, harmitti se silti melkoisesti. Seuraavana aamuna ajoimmekin autokaupalle kuin sunnuntaikirkkoon. Olimme enemm\u00e4n kuin tyytyv\u00e4isi\u00e4 saadessamme ojentaa auton avaimet autokauppiaalle ja p\u00e4\u00e4stess\u00e4mme eroon loppuvaiheessa valtavaksi harmiksi muodostuneesta autosta.<\/p>\n<p style=\"text-align: justify;\">Luulitte varmaan, ett\u00e4 kirotun leasingauton tarina p\u00e4\u00e4ttyi t\u00e4h\u00e4n? Ei aivan. <a title=\"2014 BMW X1 xDrive35i\" href=\"https:\/\/www.vuosiamaailmalla.fi\/?p=2938\">Uutta autoa<\/a> kaupassa ihastellessa huomasimme melkein jo l\u00e4ht\u00f6\u00e4 tehdess\u00e4mme, ett\u00e4 uuden auton yhdess\u00e4 kattolistassahan oli lommoja. Ne olivat varmaan syntyneet kuljetuksessa ja menev\u00e4t kyll\u00e4 bemariliikkeen piikkiin, mutta voitte kyll\u00e4 arvata ett\u00e4 ensimm\u00e4inen ajatus oli, ett\u00e4 kirous on nyt siirtynyt uuteen autoon. Ken tiet\u00e4\u00e4, mutta ehk\u00e4p\u00e4 t\u00e4ss\u00e4 on ollut nyt ep\u00e4onnea meid\u00e4n kohdallamme riitt\u00e4miin. Aika kertoo ja tulen kyll\u00e4 kertomaan, jos pahainen kirous n\u00e4ytt\u00e4\u00e4 viel\u00e4 p\u00e4\u00e4t\u00e4\u00e4n jatkossa. Toivottavasti ei ja luojan kiitos autovakuutuksesta! \ud83d\ude44<\/p>\n<p style=\"text-align: center;\"><a href=\"\/blog\/wp-content\/uploads\/2012\/bmw_x1_15.jpg\"><img decoding=\"async\" style=\"border: 0px none; margin: 5px;\" src=\"\/blog\/wp-content\/uploads\/2012\/thumbs\/thumbs_bmw_x1_15.jpg\" alt=\"\" \/><\/a><a href=\"\/blog\/wp-content\/uploads\/2012\/bmw_x1_2.jpg\"><img decoding=\"async\" style=\"border: 0px none; margin: 5px;\" src=\"\/blog\/wp-content\/uploads\/2012\/thumbs\/thumbs_bmw_x1_2.jpg\" alt=\"\" \/><\/a><a href=\"\/blog\/wp-content\/uploads\/2012\/bmw_x1_17.jpg\"><img decoding=\"async\" style=\"border: 0px none; margin: 5px;\" src=\"\/blog\/wp-content\/uploads\/2012\/thumbs\/thumbs_bmw_x1_17.jpg\" alt=\"\" \/><\/a><\/p>\n<p style=\"text-align: center;\"><em>Edesmennyt kulkupeli<\/em><\/p>\n<p style=\"text-align: justify;\">Mutta milt\u00e4 <a title=\"Vuosi BMW X1 kanssa\" href=\"https:\/\/www.vuosiamaailmalla.fi\/?p=1352\">vanha auto<\/a> sitten tuntui v\u00e4h\u00e4n reilun kahden vuoden perusteella? No ainakin niin hyv\u00e4lt\u00e4, ett\u00e4 uusikin auto on BMW X1. \ud83d\ude42 Mittariin kertyi lopulta 32 702 kilometri\u00e4 eli noin 1250 kilometri\u00e4 kuukaudessa. Se ei ole paljoa ja kahden vuoden aikana auto palveli hyvin, eik\u00e4 siit\u00e4 l\u00f6ytynyt sen suurempaa valittamista tai ongelmia.<\/p>\n<p style=\"text-align: justify;\">Kuitenkin nyt uuden auton ratissa on saanut huomata, ett\u00e4 ennen <em>facelifti\u00e4<\/em> X1 oli kohtuullisen karu peli ja yleinen laadukkuus ei ollut aivan sill\u00e4 tasolla, mit\u00e4 bemarilta odottaa. Onneksi uusi versio kuitenkin petraa t\u00e4ss\u00e4 suhteen paljon ja 2014 vuosimalli onkin kuin eri maailmasta.<\/p>\n<p style=\"text-align: justify;\">Kaksi vuotta oli kuitenkin hyvin lyhyt aika yhden leasingauton ratissa ja uusi automme onkin kolmen vuoden sopparilla. Siin\u00e4 sit\u00e4 ehtii sis\u00e4\u00e4najaa auton ja nauttia mukavista kilometreist\u00e4 &#8211; toivottavasti ilman kirousta.<\/p>\n","protected":false},"excerpt":{"rendered":"<p>Meill\u00e4 nyt alla uusi auto ja el\u00e4m\u00e4 hymyilee. \ud83d\ude1b Oli kyll\u00e4 aikakin, sill\u00e4 vanhan auton kanssa ei el\u00e4m\u00e4 hymyillyt niin paljon viimeisen puolen vuoden aikana ja suoraan sanottuna meist\u00e4 alkoikin tuntua silt\u00e4, ett\u00e4 leasingautomme on kirottu. \ud83d\ude08<\/p>\n","protected":false},"author":1,"featured_media":8904,"comment_status":"open","ping_status":"open","sticky":false,"template":"","format":"standard","meta":{"_jetpack_memberships_contains_paid_content":false,"footnotes":""},"categories":[17,3],"tags":[34,39,232,231,133,935,939],"class_list":["post-2991","post","type-post","status-publish","format-standard","has-post-thumbnail","hentry","category-arki-kanadassa","category-arki-ulkomailla","tag-arki","tag-autot","tag-bmw","tag-bmw-x1","tag-hassua","tag-kanada","tag-vancouver"],"jetpack_featured_media_url":"https:\/\/www.vuosiamaailmalla.fi\/blog\/wp-content\/uploads\/likainen_auto_banner.jpg","jetpack_sharing_enabled":true,"_links":{"self":[{"href":"https:\/\/www.vuosiamaailmalla.fi\/blog\/wp-json\/wp\/v2\/posts\/2991","targetHints":{"allow":["GET"]}}],"collection":[{"href":"https:\/\/www.vuosiamaailmalla.fi\/blog\/wp-json\/wp\/v2\/posts"}],"about":[{"href":"https:\/\/www.vuosiamaailmalla.fi\/blog\/wp-json\/wp\/v2\/types\/post"}],"author":[{"embeddable":true,"href":"https:\/\/www.vuosiamaailmalla.fi\/blog\/wp-json\/wp\/v2\/users\/1"}],"replies":[{"embeddable":true,"href":"https:\/\/www.vuosiamaailmalla.fi\/blog\/wp-json\/wp\/v2\/comments?post=2991"}],"version-history":[{"count":0,"href":"https:\/\/www.vuosiamaailmalla.fi\/blog\/wp-json\/wp\/v2\/posts\/2991\/revisions"}],"wp:featuredmedia":[{"embeddable":true,"href":"https:\/\/www.vuosiamaailmalla.fi\/blog\/wp-json\/wp\/v2\/media\/8904"}],"wp:attachment":[{"href":"https:\/\/www.vuosiamaailmalla.fi\/blog\/wp-json\/wp\/v2\/media?parent=2991"}],"wp:term":[{"taxonomy":"category","embeddable":true,"href":"https:\/\/www.vuosiamaailmalla.fi\/blog\/wp-json\/wp\/v2\/categories?post=2991"},{"taxonomy":"post_tag","embeddable":true,"href":"https:\/\/www.vuosiamaailmalla.fi\/blog\/wp-json\/wp\/v2\/tags?post=2991"}],"curies":[{"name":"wp","href":"https:\/\/api.w.org\/{rel}","templated":true}]}}