{"id":3002,"date":"2014-06-30T21:49:11","date_gmt":"2014-07-01T04:49:11","guid":{"rendered":"http:\/\/13.53.127.146\/?p=3002"},"modified":"2014-07-20T16:17:19","modified_gmt":"2014-07-20T23:17:19","slug":"suurella-saarella","status":"publish","type":"post","link":"https:\/\/www.vuosiamaailmalla.fi\/blog\/2014\/suurella-saarella\/","title":{"rendered":"Suurella saarella"},"content":{"rendered":"<p style=\"text-align: justify;\">\u00a0Viimeinen viikko kes\u00e4lomaamme l\u00e4hti k\u00e4yntiin t\u00e4ss\u00e4 t\u00e4n\u00e4\u00e4n ja maanantai menikin rennoissa merkeiss\u00e4 Havajin Big Islandin viidakkoisia rantateit\u00e4 ajellessa ja mustahiekkaisella rannalla aurinkoa ottaen. Pieni lepop\u00e4iv\u00e4 olikin paikallaan, sill\u00e4 eilen ajoimme koko suuren saaren ymp\u00e4ri, mik\u00e4 ei ole ihan pikku matka.<\/p>\n<p style=\"text-align: justify;\">Lauantaina k\u00e4vimme maailman korkeimman vuoren, Mauna Kean (10 100 metri\u00e4 merenpohjasta) huipulla. J\u00e4lkimm\u00e4inen retki oli ehk\u00e4 eniten odottamani, sill\u00e4 maisemat 4207 metrin korkeudella\u00a0sijaitsevalta huipulta\u00a0olivat kertakaikkisen upeat. Ainoa huono puoli huimassa korkeudessa oli, ett\u00e4 se aiheutti pient\u00e4 vuoristotautia kaikissa huipulla olevissa. Olimme kirjaimellisesti heikolla hapella, sill\u00e4 noissa korkeuksissa on happea vain\u00a060% merenpinnan tasosta. Eip\u00e4 siis ihme, ett\u00e4 p\u00e4\u00e4ss\u00e4 tuntui kevyelt\u00e4 ja er\u00e4s samalla kierroksella ollut jopa py\u00f6rtyi yl\u00f6s p\u00e4\u00e4sty\u00e4\u00e4n. \ud83d\ude2f<\/p>\n<p style=\"text-align: justify;\">Illan kruunasi auringonlaskun n\u00e4keminen huipulta, sek\u00e4 hieman alempana kolmessa kilometriss\u00e4\u00a0koettu t\u00e4htikiikarointi, jolla n\u00e4imme kaukoputken l\u00e4vitse muun muassa\u00a0Marsin ja Saturnuksen. Huikea oli my\u00f6s n\u00e4hd\u00e4 Havajin maailman kirkkaimpiin lukeutuva t\u00e4htitaivas, joka mahdollistaa n\u00e4hd\u00e4\u00a0omin silmin itse Linnunrata!<\/p>\n<p style=\"text-align: justify;\">Huomenna on edess\u00e4 siirtyminen reissumme kolmannelle ja viimeiselle saarelle, Mauille. Siell\u00e4 viet\u00e4mme viel\u00e4 viisi y\u00f6t\u00e4 tutkien t\u00e4t\u00e4 h\u00e4\u00e4matkalaisten unelmasaarta. Paljon kuvia ja matkakertomus tiedossa my\u00f6hemmin kotiin palattuamme. \ud83d\ude42<\/p>\n","protected":false},"excerpt":{"rendered":"<p>\u00a0Viimeinen viikko kes\u00e4lomaamme l\u00e4hti k\u00e4yntiin t\u00e4ss\u00e4 t\u00e4n\u00e4\u00e4n ja maanantai menikin rennoissa merkeiss\u00e4 Havajin Big Islandin viidakkoisia rantateit\u00e4 ajellessa ja mustahiekkaisella rannalla aurinkoa ottaen. Pieni lepop\u00e4iv\u00e4 olikin paikallaan, sill\u00e4 eilen ajoimme koko suuren saaren ymp\u00e4ri, mik\u00e4 ei ole ihan pikku matka. Lauantaina k\u00e4vimme maailman korkeimman vuoren, Mauna Kean (10 100 metri\u00e4 merenpohjasta) huipulla. J\u00e4lkimm\u00e4inen retki oli &hellip; <a href=\"https:\/\/www.vuosiamaailmalla.fi\/blog\/2014\/suurella-saarella\/\" class=\"more-link\">Jatka lukemista<span class=\"screen-reader-text\"> &#8221;Suurella saarella&#8221;<\/span><\/a><\/p>\n","protected":false},"author":1,"featured_media":0,"comment_status":"open","ping_status":"open","sticky":false,"template":"","format":"standard","meta":{"_jetpack_memberships_contains_paid_content":false,"footnotes":""},"categories":[7,12,890],"tags":[744,746,219],"class_list":["post-3002","post","type-post","status-publish","format-standard","hentry","category-matkakertomukset","category-matkalla-kerrottua","category-yhdysvallat","tag-havaji","tag-matkakertomus-havaji","tag-yhdysvallat"],"jetpack_featured_media_url":"","jetpack_sharing_enabled":true,"_links":{"self":[{"href":"https:\/\/www.vuosiamaailmalla.fi\/blog\/wp-json\/wp\/v2\/posts\/3002","targetHints":{"allow":["GET"]}}],"collection":[{"href":"https:\/\/www.vuosiamaailmalla.fi\/blog\/wp-json\/wp\/v2\/posts"}],"about":[{"href":"https:\/\/www.vuosiamaailmalla.fi\/blog\/wp-json\/wp\/v2\/types\/post"}],"author":[{"embeddable":true,"href":"https:\/\/www.vuosiamaailmalla.fi\/blog\/wp-json\/wp\/v2\/users\/1"}],"replies":[{"embeddable":true,"href":"https:\/\/www.vuosiamaailmalla.fi\/blog\/wp-json\/wp\/v2\/comments?post=3002"}],"version-history":[{"count":0,"href":"https:\/\/www.vuosiamaailmalla.fi\/blog\/wp-json\/wp\/v2\/posts\/3002\/revisions"}],"wp:attachment":[{"href":"https:\/\/www.vuosiamaailmalla.fi\/blog\/wp-json\/wp\/v2\/media?parent=3002"}],"wp:term":[{"taxonomy":"category","embeddable":true,"href":"https:\/\/www.vuosiamaailmalla.fi\/blog\/wp-json\/wp\/v2\/categories?post=3002"},{"taxonomy":"post_tag","embeddable":true,"href":"https:\/\/www.vuosiamaailmalla.fi\/blog\/wp-json\/wp\/v2\/tags?post=3002"}],"curies":[{"name":"wp","href":"https:\/\/api.w.org\/{rel}","templated":true}]}}