{"id":3047,"date":"2014-07-26T20:10:19","date_gmt":"2014-07-27T03:10:19","guid":{"rendered":"http:\/\/13.53.127.146\/?p=3047"},"modified":"2019-12-18T18:22:18","modified_gmt":"2019-12-19T02:22:18","slug":"keskikesan-lumisade","status":"publish","type":"post","link":"https:\/\/www.vuosiamaailmalla.fi\/blog\/2014\/keskikesan-lumisade\/","title":{"rendered":"Keskikes\u00e4n lumisade"},"content":{"rendered":"<p style=\"text-align: justify;\">Vancouverissa nautitaan paraikaa parhaimmasta mahdollisesta kes\u00e4kelist\u00e4 ja helteisist\u00e4 viikoista, mutta se ei kuitenkaan tarkoita etteik\u00f6 s\u00e4\u00e4 voisi olla yll\u00e4tyksellinen vuoristossa. Whistleriss\u00e4 nimitt\u00e4in her\u00e4ttiin torstaiaamuna y\u00f6n aikana sataneen lumen valkaisemiin vuorenhuippuihin. N\u00e4ky oli aika yll\u00e4tt\u00e4v\u00e4, sill\u00e4 vain muutamia p\u00e4ivi\u00e4 aiemmin oli laaksossa k\u00e4rvistelty enn\u00e4tyksi\u00e4 rikkovassa l\u00e4hes 40 asteen helteess\u00e4. \ud83d\ude2f<\/p>\n<p><!--more--><\/p>\n<p style=\"text-align: center;\"><a href=\"\/blog\/wp-content\/uploads\/2014\/keskikesan_lunta1.jpg\"><img decoding=\"async\" style=\"border: 0px none; margin: 5px;\" src=\"\/blog\/wp-content\/uploads\/2014\/keskikesan_lunta1.jpg\" alt=\"\" \/><\/a><\/p>\n<p style=\"text-align: center;\"><em>Lumisateen j\u00e4ljilt\u00e4<\/em><\/p>\n<p style=\"text-align: justify;\">Vaikka kuluva kes\u00e4 onkin ollut mahtava ja keleilt\u00e4\u00e4n upea aina hein\u00e4kuun alusta saakka, oli viime viikonloppu hieman viile\u00e4mpi ja tarjosi jo kaivattuja sateita. Whistleriss\u00e4 viile\u00e4mpi viikko tarkoitti sit\u00e4, ett\u00e4 normaalisti t\u00e4h\u00e4n aikaan vuodesta noin nelj\u00e4ss\u00e4 kilometriss\u00e4 oleva j\u00e4\u00e4tymispiste laskeutui y\u00f6n aikana noin kahteentuhanteen metriin, mik\u00e4 riitti siihen ett\u00e4 y\u00f6n aikana tulleet sateet tulivat huipuille lumena.<\/p>\n<p style=\"text-align: justify;\">Kauan lumi ei tietenk\u00e4\u00e4n Whistlerin huipulla viihtynyt, sill\u00e4 helteet palasivat t\u00e4n\u00e4\u00e4n lauantaina, mutta tarjosipa luonto silti mukavan yll\u00e4tyksen. Kuka ties, kenties t\u00e4m\u00e4 on enne tulevasta lumisesta laskettelutalvesta? Toivoa ainakin sopii&#8230; \ud83d\ude1b<\/p>\n<p style=\"text-align: center;\"><a href=\"\/blog\/wp-content\/uploads\/2014\/keskikesan_lunta6.jpg\"><img decoding=\"async\" style=\"border: 0px none; margin: 5px;\" src=\"\/blog\/wp-content\/uploads\/2014\/keskikesan_lunta6.jpg\" alt=\"\" \/><\/a><\/p>\n<p style=\"text-align: center;\"><em>Keskikes\u00e4n lunta<\/em><\/p>\n<p style=\"text-align: center;\"><a href=\"\/blog\/wp-content\/uploads\/2014\/keskikesan_lunta2.jpg\"><img decoding=\"async\" style=\"border: 0px none; margin: 5px;\" src=\"\/blog\/wp-content\/uploads\/2014\/thumbs\/thumbs_keskikesan_lunta2.jpg\" alt=\"\" \/><\/a><a href=\"\/blog\/wp-content\/uploads\/2014\/keskikesan_lunta5.jpg\"><img decoding=\"async\" style=\"border: 0px none; margin: 5px;\" src=\"\/blog\/wp-content\/uploads\/2014\/thumbs\/thumbs_keskikesan_lunta5.jpg\" alt=\"\" \/><\/a><br \/>\n<a href=\"\/blog\/wp-content\/uploads\/2014\/keskikesan_lunta3.jpg\"><img decoding=\"async\" style=\"border: 0px none; margin: 5px;\" src=\"\/blog\/wp-content\/uploads\/2014\/thumbs\/thumbs_keskikesan_lunta3.jpg\" alt=\"\" \/><\/a><a href=\"\/blog\/wp-content\/uploads\/2014\/keskikesan_lunta4.jpg\"><img decoding=\"async\" style=\"border: 0px none; margin: 5px;\" src=\"\/blog\/wp-content\/uploads\/2014\/thumbs\/thumbs_keskikesan_lunta4.jpg\" alt=\"\" \/><\/a><\/p>\n<p style=\"text-align: center;\"><em>Tulossa hyv\u00e4 laskettelukausi?<\/em><\/p>\n","protected":false},"excerpt":{"rendered":"<p>Vancouverissa nautitaan paraikaa parhaimmasta mahdollisesta kes\u00e4kelist\u00e4 ja helteisist\u00e4 viikoista, mutta se ei kuitenkaan tarkoita etteik\u00f6 s\u00e4\u00e4 voisi olla yll\u00e4tyksellinen vuoristossa. Whistleriss\u00e4 nimitt\u00e4in her\u00e4ttiin torstaiaamuna y\u00f6n aikana sataneen lumen valkaisemiin vuorenhuippuihin. N\u00e4ky oli aika yll\u00e4tt\u00e4v\u00e4, sill\u00e4 vain muutamia p\u00e4ivi\u00e4 aiemmin oli laaksossa k\u00e4rvistelty enn\u00e4tyksi\u00e4 rikkovassa l\u00e4hes 40 asteen helteess\u00e4. \ud83d\ude2f<\/p>\n","protected":false},"author":1,"featured_media":10450,"comment_status":"open","ping_status":"open","sticky":false,"template":"","format":"standard","meta":{"_jetpack_memberships_contains_paid_content":false,"footnotes":""},"categories":[17,3],"tags":[25,34,133,935,159,202,218],"class_list":["post-3047","post","type-post","status-publish","format-standard","has-post-thumbnail","hentry","category-arki-kanadassa","category-arki-ulkomailla","tag-ajankohtaista","tag-arki","tag-hassua","tag-kanada","tag-kesa","tag-talvi","tag-whistler"],"jetpack_featured_media_url":"https:\/\/www.vuosiamaailmalla.fi\/blog\/wp-content\/uploads\/keskikesan_lunta_banner-1.jpg","jetpack_sharing_enabled":true,"_links":{"self":[{"href":"https:\/\/www.vuosiamaailmalla.fi\/blog\/wp-json\/wp\/v2\/posts\/3047","targetHints":{"allow":["GET"]}}],"collection":[{"href":"https:\/\/www.vuosiamaailmalla.fi\/blog\/wp-json\/wp\/v2\/posts"}],"about":[{"href":"https:\/\/www.vuosiamaailmalla.fi\/blog\/wp-json\/wp\/v2\/types\/post"}],"author":[{"embeddable":true,"href":"https:\/\/www.vuosiamaailmalla.fi\/blog\/wp-json\/wp\/v2\/users\/1"}],"replies":[{"embeddable":true,"href":"https:\/\/www.vuosiamaailmalla.fi\/blog\/wp-json\/wp\/v2\/comments?post=3047"}],"version-history":[{"count":0,"href":"https:\/\/www.vuosiamaailmalla.fi\/blog\/wp-json\/wp\/v2\/posts\/3047\/revisions"}],"wp:featuredmedia":[{"embeddable":true,"href":"https:\/\/www.vuosiamaailmalla.fi\/blog\/wp-json\/wp\/v2\/media\/10450"}],"wp:attachment":[{"href":"https:\/\/www.vuosiamaailmalla.fi\/blog\/wp-json\/wp\/v2\/media?parent=3047"}],"wp:term":[{"taxonomy":"category","embeddable":true,"href":"https:\/\/www.vuosiamaailmalla.fi\/blog\/wp-json\/wp\/v2\/categories?post=3047"},{"taxonomy":"post_tag","embeddable":true,"href":"https:\/\/www.vuosiamaailmalla.fi\/blog\/wp-json\/wp\/v2\/tags?post=3047"}],"curies":[{"name":"wp","href":"https:\/\/api.w.org\/{rel}","templated":true}]}}