{"id":3075,"date":"2014-08-13T17:30:09","date_gmt":"2014-08-14T00:30:09","guid":{"rendered":"http:\/\/13.53.127.146\/?p=3075"},"modified":"2019-12-18T18:06:32","modified_gmt":"2019-12-19T02:06:32","slug":"valon-juhlaa","status":"publish","type":"post","link":"https:\/\/www.vuosiamaailmalla.fi\/blog\/2014\/valon-juhlaa\/","title":{"rendered":"Valon juhlaa"},"content":{"rendered":"<p style=\"text-align: justify;\">Elokuun alku tarkoittaa Vancouverissa valon juhlaa, ihan kirjaimellisesti, sill\u00e4 kaupungissa j\u00e4rjestet\u00e4\u00e4n tuolloin ilotulitusfestivaali <em>Celebration of Light<\/em>. Tapahtumassa kolmesta eri maasta olevat tiimit ottavat mittaa toisistaan kolmena eri iltana j\u00e4rjestett\u00e4viss\u00e4 n\u00e4ytt\u00e4viss\u00e4 ilotulitusn\u00e4yt\u00f6ksiss\u00e4.<\/p>\n<p><!--more--><\/p>\n<p style=\"text-align: center;\"><a href=\"\/blog\/wp-content\/uploads\/2014\/celebration_of_light_panoraama.jpg\"><img decoding=\"async\" style=\"border: 0px none; margin: 5px;\" src=\"\/blog\/wp-content\/uploads\/2014\/celebration_of_light_panoraama_pieni.jpg\" alt=\"\" \/><\/a><\/p>\n<p style=\"text-align: center;\"><em>Kaikki valmista hienoa ilotulitusiltaa varten<br \/>\n<\/em><\/p>\n<p style=\"text-align: center;\"><a href=\"\/blog\/wp-content\/uploads\/2014\/ilotulitelautta.jpg\"><img decoding=\"async\" style=\"border: 0px none; margin: 5px;\" src=\"\/blog\/wp-content\/uploads\/2014\/thumbs\/thumbs_ilotulitelautta.jpg\" alt=\"\" \/><\/a><a href=\"\/blog\/wp-content\/uploads\/2014\/paatteja_ulapalla.jpg\"><img decoding=\"async\" style=\"border: 0px none; margin: 5px;\" src=\"\/blog\/wp-content\/uploads\/2014\/thumbs\/thumbs_paatteja_ulapalla.jpg\" alt=\"\" \/><\/a><\/p>\n<p style=\"text-align: center;\"><em>Toistasataa venett\u00e4 on kokoontunut ilotulituslautan ymp\u00e4rille<br \/>\n<\/em><\/p>\n<p style=\"text-align: center;\"><a href=\"\/blog\/wp-content\/uploads\/2014\/celebration_of_light4.jpg\"><img decoding=\"async\" style=\"border: 0px none; margin: 5px;\" src=\"\/blog\/wp-content\/uploads\/2014\/celebration_of_light4.jpg\" alt=\"\" \/><\/a><\/p>\n<p style=\"text-align: center;\"><em>Kohta alkaa&#8230;<\/em><\/p>\n<p style=\"text-align: justify;\">Olen kirjoittanut festivaalista sek\u00e4 <a title=\"Kes\u00e4n viimeiset vieraat\" href=\"https:\/\/www.vuosiamaailmalla.fi\/?p=2276\">viime<\/a> ett\u00e4 <a title=\"Celebration of Light\" href=\"https:\/\/www.vuosiamaailmalla.fi\/?p=519\">edellisen\u00e4kin vuonna<\/a> ja homma noudatti t\u00e4n\u00e4kin vuonna tuttua kaavaa. Erilaisten menojen ja kiireiden johdosta katsoimme kaikki kolme ilotulitusta ihan vain kotoamme ja otin kuvia vain keskimm\u00e4isest\u00e4, Ranskan tiimin ilotulituksesta. Harmillisesti juuri se tuntui olevan t\u00e4m\u00e4n vuotisista kaikkein vaatimattomin, sill\u00e4 USA:n ja Japanin esityksiss\u00e4 riitti v\u00e4rik\u00e4st\u00e4 pauketta l\u00e4pi shown ja Japanin esitys \u00e4\u00e4nestettiinkin t\u00e4m\u00e4n vuoden parhaaksi.<\/p>\n<p style=\"text-align: center;\"><a href=\"\/blog\/wp-content\/uploads\/2014\/celebration_of_light1.jpg\"><img decoding=\"async\" style=\"border: 0px none; margin: 5px;\" src=\"\/blog\/wp-content\/uploads\/2014\/celebration_of_light1.jpg\" alt=\"\" \/><\/a><\/p>\n<p style=\"text-align: center;\"><em>Ensimm\u00e4iset raketit<\/em><\/p>\n<p style=\"text-align: center;\"><a href=\"\/blog\/wp-content\/uploads\/2014\/celebration_of_light3.jpg\"><img decoding=\"async\" style=\"border: 0px none; margin: 5px;\" src=\"\/blog\/wp-content\/uploads\/2014\/thumbs\/thumbs_celebration_of_light3.jpg\" alt=\"\" \/><\/a><a href=\"\/blog\/wp-content\/uploads\/2014\/celebration_of_light2.jpg\"><img decoding=\"async\" style=\"border: 0px none; margin: 5px;\" src=\"\/blog\/wp-content\/uploads\/2014\/thumbs\/thumbs_celebration_of_light2.jpg\" alt=\"\" \/><\/a><a href=\"\/blog\/wp-content\/uploads\/2014\/celebration_of_light12.jpg\"><img decoding=\"async\" style=\"border: 0px none; margin: 5px;\" src=\"\/blog\/wp-content\/uploads\/2014\/thumbs\/thumbs_celebration_of_light12.jpg\" alt=\"\" \/><\/a><\/p>\n<p style=\"text-align: center;\"><em>Vihreit\u00e4 raketteja<\/em><\/p>\n<p style=\"text-align: center;\"><a href=\"\/blog\/wp-content\/uploads\/2014\/celebration_of_light8.jpg\"><img decoding=\"async\" style=\"border: 0px none; margin: 5px;\" src=\"\/blog\/wp-content\/uploads\/2014\/celebration_of_light8.jpg\" alt=\"\" \/><\/a><\/p>\n<p style=\"text-align: center;\"><em>Punaista pauketta<\/em><\/p>\n<p style=\"text-align: center;\"><a href=\"\/blog\/wp-content\/uploads\/2014\/celebration_of_light_lahelta2.jpg\"><img decoding=\"async\" style=\"border: 0px none; margin: 5px;\" src=\"\/blog\/wp-content\/uploads\/2014\/thumbs\/thumbs_celebration_of_light_lahelta2.jpg\" alt=\"\" \/><\/a><a href=\"\/blog\/wp-content\/uploads\/2014\/celebration_of_light_lahelta3.jpg\"><img decoding=\"async\" style=\"border: 0px none; margin: 5px;\" src=\"\/blog\/wp-content\/uploads\/2014\/thumbs\/thumbs_celebration_of_light_lahelta3.jpg\" alt=\"\" \/><\/a><a href=\"\/blog\/wp-content\/uploads\/2014\/celebration_of_light_lahelta1.jpg\"><img decoding=\"async\" style=\"border: 0px none; margin: 5px;\" src=\"\/blog\/wp-content\/uploads\/2014\/thumbs\/thumbs_celebration_of_light_lahelta1.jpg\" alt=\"\" \/><\/a><\/p>\n<p style=\"text-align: center;\"><em>L\u00e4hikuvia tulitteista<\/em><\/p>\n<p style=\"text-align: justify;\">Ihan huono ei Ranskankaan n\u00e4yt\u00f6s silti ollut ja valokuvasin sit\u00e4 eritt\u00e4in ainutlaatuisesta n\u00e4k\u00f6kulmasta talomme katolta. Asunnostamme kyll\u00e4 n\u00e4kee juuri ja juuri English Bayn alueelle, miss\u00e4 ilotulitus tapahtuu, mutta n\u00e4iden kuvien maisemat edustavat silti asuntoamme eri suuntaan aukeavia maisemia. \ud83d\ude42<\/p>\n<p style=\"text-align: center;\"><a href=\"\/blog\/wp-content\/uploads\/2014\/celebration_of_light7.jpg\"><img decoding=\"async\" style=\"border: 0px none; margin: 5px;\" src=\"\/blog\/wp-content\/uploads\/2014\/celebration_of_light7.jpg\" alt=\"\" \/><\/a><\/p>\n<p style=\"text-align: center;\"><em>Illan pimetess\u00e4 raketit suurenevat<\/em><\/p>\n<p style=\"text-align: center;\"><a href=\"\/blog\/wp-content\/uploads\/2014\/celebration_of_light10.jpg\"><img decoding=\"async\" style=\"border: 0px none; margin: 5px;\" src=\"\/blog\/wp-content\/uploads\/2014\/thumbs\/thumbs_celebration_of_light10.jpg\" alt=\"\" \/><\/a><a href=\"\/blog\/wp-content\/uploads\/2014\/celebration_of_light9.jpg\"><img decoding=\"async\" style=\"border: 0px none; margin: 5px;\" src=\"\/blog\/wp-content\/uploads\/2014\/thumbs\/thumbs_celebration_of_light9.jpg\" alt=\"\" \/><\/a><a href=\"\/blog\/wp-content\/uploads\/2014\/celebration_of_light5.jpg\"><img decoding=\"async\" style=\"border: 0px none; margin: 5px;\" src=\"\/blog\/wp-content\/uploads\/2014\/thumbs\/thumbs_celebration_of_light5.jpg\" alt=\"\" \/><\/a><br \/>\n<a href=\"\/blog\/wp-content\/uploads\/2014\/celebration_of_light6.jpg\"><img decoding=\"async\" style=\"border: 0px none; margin: 5px;\" src=\"\/blog\/wp-content\/uploads\/2014\/thumbs\/thumbs_celebration_of_light6.jpg\" alt=\"\" \/><\/a><a href=\"\/blog\/wp-content\/uploads\/2014\/celebration_of_light13.jpg\"><img decoding=\"async\" style=\"border: 0px none; margin: 5px;\" src=\"\/blog\/wp-content\/uploads\/2014\/thumbs\/thumbs_celebration_of_light13.jpg\" alt=\"\" \/><\/a><a href=\"\/blog\/wp-content\/uploads\/2014\/celebration_of_light11.jpg\"><img decoding=\"async\" style=\"border: 0px none; margin: 5px;\" src=\"\/blog\/wp-content\/uploads\/2014\/thumbs\/thumbs_celebration_of_light11.jpg\" alt=\"\" \/><\/a><\/p>\n<p style=\"text-align: center;\"><em>Loppuhuipennus l\u00e4henee<\/em><\/p>\n<p style=\"text-align: justify;\">Alla on lopuksi my\u00f6s lyhyt video ilotulituksen viidest\u00e4 viimeisest\u00e4 minuutista. Harmillisesti ilotulitteiden savu haittasi n\u00e4kym\u00e4\u00e4 Ranskan esityksen loppupuolella, koska keli oli tuona iltana t\u00e4ysin tyyni. Olosuhteisiin ei voi kuitenkaan vaikuttaa ja uusi mahdollisuus on j\u00e4lleen ensi vuonna. \ud83d\ude1b<\/p>\n<p style=\"text-align: center;\"><iframe loading=\"lazy\" src=\"\/\/www.youtube-nocookie.com\/embed\/Je2ADQT-oqs\" width=\"560\" height=\"315\" frameborder=\"0\"><\/iframe><\/p>\n<p style=\"text-align: center;\"><em>Illan viimeiset minuutit<\/em><\/p>\n<p style=\"text-align: justify;\">Linkitett\u00e4k\u00f6\u00f6n viel\u00e4 lopuksi tapahtumaa varten kuvattu hauska ja hyv\u00e4ntuulinen video t\u00e4st\u00e4 paikallisten rakastamasta perhetapahtumasta. \ud83d\ude42<\/p>\n<p style=\"text-align: justify;\"><iframe loading=\"lazy\" src=\"\/\/www.youtube-nocookie.com\/embed\/V4_3d27dnlE?rel=0\" width=\"560\" height=\"315\" frameborder=\"0\" allowfullscreen=\"allowfullscreen\"><\/iframe><\/p>\n","protected":false},"excerpt":{"rendered":"<p>Elokuun alku tarkoittaa Vancouverissa valon juhlaa, ihan kirjaimellisesti, sill\u00e4 kaupungissa j\u00e4rjestet\u00e4\u00e4n tuolloin ilotulitusfestivaali Celebration of Light. Tapahtumassa kolmesta eri maasta olevat tiimit ottavat mittaa toisistaan kolmena eri iltana j\u00e4rjestett\u00e4viss\u00e4 n\u00e4ytt\u00e4viss\u00e4 ilotulitusn\u00e4yt\u00f6ksiss\u00e4.<\/p>\n","protected":false},"author":1,"featured_media":10445,"comment_status":"open","ping_status":"open","sticky":false,"template":"","format":"standard","meta":{"_jetpack_memberships_contains_paid_content":false,"footnotes":""},"categories":[17,3],"tags":[25,34,240,239,935,939,238],"class_list":["post-3075","post","type-post","status-publish","format-standard","has-post-thumbnail","hentry","category-arki-kanadassa","category-arki-ulkomailla","tag-ajankohtaista","tag-arki","tag-celebration-of-light","tag-ilotulitus","tag-kanada","tag-vancouver","tag-vancouver-west-end"],"jetpack_featured_media_url":"https:\/\/www.vuosiamaailmalla.fi\/blog\/wp-content\/uploads\/celebration_of_light_banner-1.jpg","jetpack_sharing_enabled":true,"_links":{"self":[{"href":"https:\/\/www.vuosiamaailmalla.fi\/blog\/wp-json\/wp\/v2\/posts\/3075","targetHints":{"allow":["GET"]}}],"collection":[{"href":"https:\/\/www.vuosiamaailmalla.fi\/blog\/wp-json\/wp\/v2\/posts"}],"about":[{"href":"https:\/\/www.vuosiamaailmalla.fi\/blog\/wp-json\/wp\/v2\/types\/post"}],"author":[{"embeddable":true,"href":"https:\/\/www.vuosiamaailmalla.fi\/blog\/wp-json\/wp\/v2\/users\/1"}],"replies":[{"embeddable":true,"href":"https:\/\/www.vuosiamaailmalla.fi\/blog\/wp-json\/wp\/v2\/comments?post=3075"}],"version-history":[{"count":0,"href":"https:\/\/www.vuosiamaailmalla.fi\/blog\/wp-json\/wp\/v2\/posts\/3075\/revisions"}],"wp:featuredmedia":[{"embeddable":true,"href":"https:\/\/www.vuosiamaailmalla.fi\/blog\/wp-json\/wp\/v2\/media\/10445"}],"wp:attachment":[{"href":"https:\/\/www.vuosiamaailmalla.fi\/blog\/wp-json\/wp\/v2\/media?parent=3075"}],"wp:term":[{"taxonomy":"category","embeddable":true,"href":"https:\/\/www.vuosiamaailmalla.fi\/blog\/wp-json\/wp\/v2\/categories?post=3075"},{"taxonomy":"post_tag","embeddable":true,"href":"https:\/\/www.vuosiamaailmalla.fi\/blog\/wp-json\/wp\/v2\/tags?post=3075"}],"curies":[{"name":"wp","href":"https:\/\/api.w.org\/{rel}","templated":true}]}}