{"id":3111,"date":"2011-11-17T19:20:13","date_gmt":"2011-11-18T03:20:13","guid":{"rendered":"http:\/\/13.53.127.146\/?p=3111"},"modified":"2023-02-11T19:46:53","modified_gmt":"2023-02-12T03:46:53","slug":"seuraava-kotimme-vancouver-kanada","status":"publish","type":"post","link":"https:\/\/www.vuosiamaailmalla.fi\/blog\/2011\/seuraava-kotimme-vancouver-kanada\/","title":{"rendered":"Seuraava kotimme on Vancouver!!"},"content":{"rendered":"<p style=\"text-align: justify;\">Kuten viime viestiss\u00e4 mainittua, olimme viime viikon Suomessa. Syy \u00e4killiseen yll\u00e4tysk\u00e4yntiin olivat suuret ja eritt\u00e4in ajankohtaiset uutiset, olemme nimitt\u00e4in muuttamassa Berliinist\u00e4. <a title=\"Viisi vuotta Saksassa\" href=\"https:\/\/www.vuosiamaailmalla.fi\/blog\/2011\/viisi-vuotta-saksassa\/\">Viiden vuoden<\/a> ja kolmen kuukauden Saksassa asumisen j\u00e4lkeen <strong>muutamme tammikuussa Vancouveriin<\/strong>, L\u00e4nsi-Kanadaan!!<\/p>\n<p><!--more--><\/p>\n<p style=\"text-align: justify;\">Kyseess\u00e4 ei ole hetkellisest\u00e4 p\u00e4\u00e4h\u00e4npistosta, vaan meill\u00e4 on ollut jo muutaman vuoden ajan halu asua jossain vaiheessa Euroopan ulkopuolella. Pohjois-Amerikan suunta on kiehtonut meit\u00e4 kahden sinne suuntautuneen <a title=\"Kes\u00e4lomalla New Yorkissa\" href=\"https:\/\/www.vuosiamaailmalla.fi\/blog\/2011\/kesalomalla-new-yorkissa\/\">lomamatkamme<\/a> johdosta, mutta monessa mieless\u00e4 hyvin \u00e4\u00e4rimm\u00e4inen Yhdysvallat ei ollut meit\u00e4 houkutteleva vaihtoehto. Hieman eurooppalaisempi, mutta silti pohjoisamerikkalainen Kanada teki meihin kuitenkin vaikutuksen jo vuonna 2009, kun vierailimme it\u00e4-rannikon Torontossa ja Montrealissa reilun viikon ajan.<\/p>\n<p style=\"text-align: center;\"><a href=\"http:\/\/www.gigapixel.com\/vancouver\/van-city.html\"><img decoding=\"async\" style=\"border: 0px none; margin: 5px;\" src=\"\/blog\/wp-content\/uploads\/2011\/vancouver_gigapan_pieni.jpg\" alt=\"\" \/><\/a><\/p>\n<p style=\"text-align: center;\"><em>Kaunis tuleva kotikaupunkimme<\/em><\/p>\n<p style=\"text-align: justify;\">L\u00e4nsirannikolla sijaitsevassa Vancouverissa emme ole koskaan k\u00e4yneet, mutta olemme kuulleet kaupungista pelk\u00e4st\u00e4\u00e4n hyv\u00e4\u00e4. Jokin syy siihen on oltava, ett\u00e4 kaupunki on keikkuu vuodesta toiseen <a title=\"Maailman paras asuinkaupunki\" href=\"https:\/\/www.vuosiamaailmalla.fi\/blog\/2014\/maailman-paras-asuinkaupunki\/\">maailman parhaimpien kaupunkien<\/a> kolmen k\u00e4rjess\u00e4 kaikissa mahdollisissa mittauksissa.<\/p>\n<p style=\"text-align: justify;\">Vancouver on erityisesti ulkoilijan paratiisi, sill\u00e4 se sijaitsee Tyynenmeren rannalla ja aivan vuorten juurella. Modernin pilvenpiirt\u00e4j\u00e4keskustan vierell\u00e4 kohoavat mets\u00e4iset vuoret, joilla on talvella kauniin lumiset huiput. Kaupungissa j\u00e4rjestettiin viime talvena talviolympialaiset, joten alueella on esimerkiksi lasketteluun mit\u00e4 parhaimmat mahdollisuudet ja esimerkiksi Whistler merkitsee <a title=\"Seitsem\u00e4nness\u00e4 taivaassa\" href=\"https:\/\/www.vuosiamaailmalla.fi\/blog\/2014\/seitsemannessa-taivaassa\/\">talviurheilijoille<\/a> paljon. Lis\u00e4ksi alueen ikimetsiss\u00e4 ja vuorilla on satojen kilometrien edest\u00e4 <a title=\"Stawamus Chief\" href=\"https:\/\/www.vuosiamaailmalla.fi\/blog\/2012\/stawamus-chief\/\">vaellusreittej\u00e4<\/a> sek\u00e4 <a title=\"Crystal Falls\" href=\"https:\/\/www.vuosiamaailmalla.fi\/blog\/2014\/crystal-falls\/\">luontopolkuja<\/a>. Ei kuulosta ollenkaan hassummalta peltojen keskell\u00e4 sijaitsevan l\u00e4tt\u00e4n\u00e4n Berliinin j\u00e4lkeen!<\/p>\n<p style=\"text-align: center;\"><img decoding=\"async\" style=\"border: 0px none; margin: 5px;\" src=\"\/blog\/wp-content\/uploads\/2011\/vancouver_panoraama_pieni.jpg\" alt=\"\" \/><\/p>\n<p style=\"text-align: center;\"><em>Ilta saapuu Vancouveriin<\/em><\/p>\n<p style=\"text-align: justify;\">Viimeinen kuukausi onkin kulunut kokolailla ty\u00f6kuvioita sek\u00e4 <a title=\"Maahanmuutto bisnesluokassa\" href=\"https:\/\/www.vuosiamaailmalla.fi\/blog\/2012\/maahanmuutto-bisnesluokassa\/\">tulevaa muuttoa<\/a> valmistellessa, mik\u00e4 onkin ollut syy etten ole kerennyt juuri bloggaamaan. En ole kuitenkaan hylk\u00e4\u00e4m\u00e4ss\u00e4 blogiani, vaan jatkossa on tiedossa monia tarinoita el\u00e4m\u00e4st\u00e4mme Kanadassa. Berliinist\u00e4kin tulen kirjoittamaan viel\u00e4 runsaasti, sill\u00e4 vuosien varrelta on j\u00e4\u00e4nyt monta kiintoisaa asiaa kertomatta. Kest\u00e4nee kuitenkin tovin ett\u00e4 saamme uuden arkemme kuntoon, joten blogini p\u00e4ivitt\u00e4minen voi olla heikolla tolalla seuraavien kuukausien ajan. T\u00e4m\u00e4n hetkinen aikataulu on sellainen, ett\u00e4 lenn\u00e4n nyt sunnuntaina <a title=\"Ensivaikutelma Vancouverista\" href=\"https:\/\/www.vuosiamaailmalla.fi\/blog\/2011\/ensivaikutelma-vancouverista\/\">ensi viikoksi Vancouveriin<\/a> tapaamaan uusia kollegoitani sek\u00e4 tutustumaan itse kaupunkiin. Palaan joulukuuksi viel\u00e4 Berliiniin ja viet\u00e4mme <a title=\"Frohe Weihnachten!\" href=\"https:\/\/www.vuosiamaailmalla.fi\/blog\/2011\/frohe-weihnachten\/\">joululoman<\/a> Suomessa kotiv\u00e4kemme seurassa. Uusi ty\u00f6ni Vancouverissa alkaa heti uudenvuoden j\u00e4lkeen.<\/p>\n<p style=\"text-align: justify;\">Ennen sit\u00e4 edess\u00e4 on viel\u00e4 <a title=\"Ikuisuusprosessi kanadalaisesta ty\u00f6luvasta\" href=\"https:\/\/www.vuosiamaailmalla.fi\/blog\/2012\/ikuisuusprosessi-kanadalaisesta-tyoluvasta\/\">valtavasti paperity\u00f6t\u00e4<\/a> ja yhteydenpitoa. Asioiden j\u00e4rjest\u00e4minen on hidasta <a title=\"Tunnin l\u00e4hemp\u00e4n\u00e4 Suomea\" href=\"https:\/\/www.vuosiamaailmalla.fi\/blog\/2012\/tunnin-lahempana-suomea\/\">yhdeks\u00e4n tunnin aikaeron<\/a> vuoksi, mutta yrit\u00e4n\u00a0 silti jossain vaiheessa kirjoittaa mit\u00e4 Kanadaan muuttaminen ja siell\u00e4 <a title=\"El\u00e4m\u00e4nt\u00e4yteiset 10 vuotta Kanadassa\" href=\"https:\/\/www.vuosiamaailmalla.fi\/blog\/2022\/elamantayteiset-10-vuotta-kanadassa\/\">pitk\u00e4\u00e4n asuminen<\/a> vaatii.<\/p>\n<p>Toivottavasti uutinen tulee lukijoilleni yht\u00e4 positiivisena yll\u00e4tyksen\u00e4 kun se tuli meille asioiden j\u00e4rk\u00e4tty\u00e4, sill\u00e4 t\u00e4st\u00e4 on alkamassa uusi osa <a title=\"El\u00e4m\u00e4mme seikkailu \u2013 10 vuotta maailmalla\" href=\"https:\/\/www.vuosiamaailmalla.fi\/blog\/2016\/elamamme-seikkailu-10-vuotta-maailmalla\/\">el\u00e4m\u00e4mme seikkailussa<\/a>!<\/p>\n","protected":false},"excerpt":{"rendered":"<p>Kuten viime viestiss\u00e4 mainittua, olimme viime viikon Suomessa. Syy \u00e4killiseen yll\u00e4tysk\u00e4yntiin olivat suuret ja eritt\u00e4in ajankohtaiset uutiset, olemme nimitt\u00e4in muuttamassa Berliinist\u00e4. Viiden vuoden ja kolmen kuukauden Saksassa asumisen j\u00e4lkeen muutamme tammikuussa Vancouveriin, L\u00e4nsi-Kanadaan!!<\/p>\n","protected":false},"author":1,"featured_media":11676,"comment_status":"open","ping_status":"open","sticky":false,"template":"","format":"standard","meta":{"_jetpack_memberships_contains_paid_content":false,"footnotes":""},"categories":[4],"tags":[25,34,935,182,490,939],"class_list":["post-3111","post","type-post","status-publish","format-standard","has-post-thumbnail","hentry","category-asuminen-kanadassa","tag-ajankohtaista","tag-arki","tag-kanada","tag-muuttaminen","tag-timelapse","tag-vancouver"],"jetpack_featured_media_url":"https:\/\/www.vuosiamaailmalla.fi\/blog\/wp-content\/uploads\/vancouver_gigapan_banner.jpg","jetpack_sharing_enabled":true,"_links":{"self":[{"href":"https:\/\/www.vuosiamaailmalla.fi\/blog\/wp-json\/wp\/v2\/posts\/3111","targetHints":{"allow":["GET"]}}],"collection":[{"href":"https:\/\/www.vuosiamaailmalla.fi\/blog\/wp-json\/wp\/v2\/posts"}],"about":[{"href":"https:\/\/www.vuosiamaailmalla.fi\/blog\/wp-json\/wp\/v2\/types\/post"}],"author":[{"embeddable":true,"href":"https:\/\/www.vuosiamaailmalla.fi\/blog\/wp-json\/wp\/v2\/users\/1"}],"replies":[{"embeddable":true,"href":"https:\/\/www.vuosiamaailmalla.fi\/blog\/wp-json\/wp\/v2\/comments?post=3111"}],"version-history":[{"count":5,"href":"https:\/\/www.vuosiamaailmalla.fi\/blog\/wp-json\/wp\/v2\/posts\/3111\/revisions"}],"predecessor-version":[{"id":13042,"href":"https:\/\/www.vuosiamaailmalla.fi\/blog\/wp-json\/wp\/v2\/posts\/3111\/revisions\/13042"}],"wp:featuredmedia":[{"embeddable":true,"href":"https:\/\/www.vuosiamaailmalla.fi\/blog\/wp-json\/wp\/v2\/media\/11676"}],"wp:attachment":[{"href":"https:\/\/www.vuosiamaailmalla.fi\/blog\/wp-json\/wp\/v2\/media?parent=3111"}],"wp:term":[{"taxonomy":"category","embeddable":true,"href":"https:\/\/www.vuosiamaailmalla.fi\/blog\/wp-json\/wp\/v2\/categories?post=3111"},{"taxonomy":"post_tag","embeddable":true,"href":"https:\/\/www.vuosiamaailmalla.fi\/blog\/wp-json\/wp\/v2\/tags?post=3111"}],"curies":[{"name":"wp","href":"https:\/\/api.w.org\/{rel}","templated":true}]}}