{"id":314,"date":"2013-09-15T19:35:39","date_gmt":"2013-09-16T02:35:39","guid":{"rendered":"http:\/\/13.53.127.146\/?p=314"},"modified":"2023-03-12T14:47:46","modified_gmt":"2023-03-12T21:47:46","slug":"berliinin-plussat","status":"publish","type":"post","link":"https:\/\/www.vuosiamaailmalla.fi\/blog\/2013\/berliinin-plussat\/","title":{"rendered":"Berliinin hyv\u00e4t puolet"},"content":{"rendered":"<p style=\"text-align: justify;\">Kirjoitin taannoin t\u00e4\u00e4ll\u00e4 blogissani paikallisessa sanomalehdess\u00e4 olleen \u00e4\u00e4nestyksen innoittamana <a title=\"Berliinin huonot puolet\" href=\"https:\/\/www.vuosiamaailmalla.fi\/?p=1405\">Berliinin huonoista puolista<\/a>. Sen perusteella entisell\u00e4 asuinkaupungillamme on monia vikoja, mutta onneksi t\u00e4m\u00e4 ei ole todellakaan koko totuus kaupungista. Jotta asiaan saataisiinkin tasapainoinen katsaus, on paikallaan listata nelj\u00e4n ja puolen vuoden Berliiniss\u00e4 asumisen perusteella kaupungin isot plussat.<\/p>\n<p><!--more--><\/p>\n<p style=\"text-align: justify;\">Ehdottomasti kaikkein <strong>suurin plussa Berliinille on sen edullisuus<\/strong>. Historia on kohdellut Berliini\u00e4 kovalla kouralla viimeiset sata vuotta ja nykytilanne saavutettiin vasta reilut <a title=\"Saksan j\u00e4lleenyhdistymisest\u00e4 20 vuotta\" href=\"https:\/\/www.vuosiamaailmalla.fi\/?p=1413\">20 vuotta sitten<\/a>. Saksojen 40 vuotta kest\u00e4neen jaon j\u00e4ljilt\u00e4 kaupungin it\u00e4puolen infrastruktuuri oli katastrofaalisessa tilassa ja investointeja tarvittiin kipe\u00e4sti. J\u00e4lleenyhdistymist\u00e4 seurannut rakennus- ja remonttibuumi kuluttikin kaupungin kassan pahanp\u00e4iv\u00e4isesti ja Berliini onkin nykyisin yksi Saksan k\u00f6yhimmist\u00e4 osavaltioista. Berliini\u00e4 kuvaava kuuluisa slogan onkin <em>Arm aber Sexy<\/em> (k\u00f6yh\u00e4 mutta seksik\u00e4s).<\/p>\n<p style=\"text-align: center;\"><a href=\"\/blog\/wp-content\/uploads\/2011\/arm_aber_sexy.jpg\"><img decoding=\"async\" style=\"border: 0px none; margin: 5px;\" src=\"\/blog\/wp-content\/uploads\/2011\/arm_aber_sexy.jpg\" alt=\"\" \/><\/a><\/p>\n<p style=\"text-align: center;\"><em>Arm aber Sexy!<\/em><\/p>\n<p style=\"text-align: justify;\"><a title=\"Kartta Berliinin vuokramarkkinoista\" href=\"https:\/\/www.vuosiamaailmalla.fi\/?p=7887\">Berliinin vuokrataso<\/a> on L\u00e4nsi-Euroopan p\u00e4\u00e4kaupunkien edullisimpia. It\u00e4-Berliinin betonil\u00e4hi\u00f6iss\u00e4 (Marzahn, Hellersdorf) voi vuokrata kaksion jopa alle 300 eurolla (vuoden 2013 tilanne). Se on todella v\u00e4h\u00e4n, sill\u00e4 esimerkiksi It\u00e4-Helsingin r\u00e4k\u00e4isimmiss\u00e4kin nurkissa saa maksaa betonikuutiosta v\u00e4hint\u00e4\u00e4n kaksi kertaa enemm\u00e4n. Kun tullaan puolestaan keskustaan (Mitte), alkavat kaksioiden vuokrahinnat 450 euron tienoilta samaan aikaan, kun <a title=\"Turistina Helsingiss\u00e4\" href=\"https:\/\/www.vuosiamaailmalla.fi\/?p=10528\">Helsingiss\u00e4<\/a> puhutaan helposti 2-3 kertaisista hinnoista. Reilulla tonnilla kuussa saakin Berliiniss\u00e4 jo kattohuoneiston uudehkosta talosta, keskeisell\u00e4 paikalla.<\/p>\n<p style=\"text-align: justify;\">Asumisen hinta on kuitenkin nousussa Berliiniss\u00e4kin. Trendik\u00e4s kaupunki houkuttelee tulijoita, mik\u00e4 on aiheuttanut hintojen voimakkaan nousun pelk\u00e4st\u00e4\u00e4n viimeisen viiden vuoden aikana. Muuttaessamme Berliiniin syksyll\u00e4 2007, oli keskustan arvotalossa sijaitsevan 55-neli\u00f6isen kattohuoneistokaksiomme vuokra 750 euroa kuussa, mutta viidess\u00e4 vuodessa vuokra ehti kohota satasella. Se on prosentuaalisesti melko paljon ja ei mitenk\u00e4\u00e4n ainutlaatuista viime vuosina. Silti, maailmanluokan maisemaan n\u00e4hden asunto oli korotuksen j\u00e4lkeenkin mielest\u00e4mme pilkkahintainen.<\/p>\n<p style=\"text-align: center;\"><a href=\"\/blog\/wp-content\/uploads\/2011\/parveke_panoraama.jpg\"><img decoding=\"async\" style=\"border: 0px none; margin: 5px;\" src=\"\/blog\/wp-content\/uploads\/2011\/parveke_panoraama_pieni.jpg\" alt=\"\" \/><\/a><\/p>\n<p style=\"text-align: center;\"><em>Maailmanluokan maisema pilkkahinnalla<\/em><\/p>\n<p style=\"text-align: justify;\">Edullisuus ei my\u00f6sk\u00e4\u00e4n rajoitu pelk\u00e4st\u00e4\u00e4n asumiseen, vaan kaikki muukin on Berliiniss\u00e4 edullista. Ruoka on <a title=\"Opas Saksan kauppaketjuista\" href=\"https:\/\/www.vuosiamaailmalla.fi\/?p=205\">kaupasta riippuen<\/a> 30-50% Suomea halvempaa ja tarjontaa on valtavasti enemm\u00e4n. Ravintolassa sy\u00f6minen on niin edullista, ett\u00e4 sit\u00e4 tuli harrastettua v\u00e4h\u00e4n liiankin kanssa. Vakiojuttumme olikin k\u00e4yd\u00e4 sy\u00f6m\u00e4ss\u00e4 naapurissamme sijaitsevassa ravintolassa sis\u00e4fileet parilla kympill\u00e4 monena sunnuntaina.<\/p>\n<p style=\"text-align: justify;\">Saksa on ylip\u00e4\u00e4t\u00e4ns\u00e4kin Suomea edullisempi maa el\u00e4\u00e4, mutta olimme pienesti yll\u00e4ttyneit\u00e4 kuinka paljon eroa on Saksan sis\u00e4ll\u00e4kin ja It\u00e4- ja L\u00e4nsi-Saksan v\u00e4linen kuilu on edelleen syv\u00e4. Mutta vaikka <a title=\"Verotus Saksassa\" href=\"https:\/\/www.vuosiamaailmalla.fi\/?p=1769\">palkat<\/a> ovatkin it\u00e4puolella huomattavasti l\u00e4nsipuolta alhaisempia, kompensoivat elinkustannukset asiaa loistavasti.<\/p>\n<p style=\"text-align: justify;\">Edullisuus on siis iso plussa Berliinille, mutta ei todellakaan ainoa. Toiseksi merkitt\u00e4vin plussa omasta mielest\u00e4ni on se, ett\u00e4 <strong>Berliini on oikeasti trendik\u00e4s<\/strong> kaupunki. Berliinin trendikkyydest\u00e4 on jauhettu vuosia ja se mainitaan aina matkalehtien artikkeleissa, mutta siin\u00e4 on my\u00f6s per\u00e4\u00e4. Kaupungissa aina ajan jotain kiinnostavaa ja kaikki merkitt\u00e4v\u00e4t tapahtumat ja <a title=\"Alegr\u00eda\" href=\"https:\/\/www.vuosiamaailmalla.fi\/?p=656\">kiertueet<\/a> kiert\u00e4v\u00e4t yleens\u00e4 sen kautta. Kaupunki on lis\u00e4ksi <a title=\"Suoraa puhetta Tachelesilla\" href=\"https:\/\/www.vuosiamaailmalla.fi\/blog\/2011\/suoraa-puhetta-tachelesilla\/\">vaihtoehtokulttuurin<\/a> ja erilaisten <a title=\"Nykytaidetta Hamburger Bahnhofilla\" href=\"https:\/\/www.vuosiamaailmalla.fi\/blog\/2011\/1257\/\">taiteiden kehto<\/a>, mik\u00e4 n\u00e4kyy varsinkin it\u00e4puolella kiintoisina kauppoina, ravintoloina sek\u00e4 tapahtumina.<\/p>\n<p style=\"text-align: center;\"><a href=\"\/blog\/wp-content\/uploads\/2011\/tacheles1.jpg\"><img decoding=\"async\" style=\"border: 0px none; margin: 5px;\" src=\"\/blog\/wp-content\/uploads\/2011\/thumbs\/thumbs_tacheles1.jpg\" alt=\"\" \/><\/a><a href=\"\/blog\/wp-content\/uploads\/2010\/moykky1.jpg\"><img decoding=\"async\" style=\"border: 0px none; margin: 5px;\" src=\"\/blog\/wp-content\/uploads\/2010\/thumbs\/thumbs_moykky1.jpg\" alt=\"\" \/><\/a><a href=\"\/blog\/wp-content\/uploads\/2011\/taidokas_graffitti_kreuzbergissa.jpg\"><img decoding=\"async\" style=\"border: 0px none; margin: 5px;\" src=\"\/blog\/wp-content\/uploads\/2011\/thumbs\/thumbs_taidokas_graffitti_kreuzbergissa.jpg\" alt=\"\" \/><\/a><\/p>\n<p style=\"text-align: center;\"><em>Outo, kiehtova, trendik\u00e4s Berliini<\/em><\/p>\n<p style=\"text-align: justify;\">Kaiketi juuri n\u00e4iden lehtiartikkeleiden rohkaisemana suomalaiset ovatkin viime vuosina selv\u00e4stikin &#8221;l\u00f6yt\u00e4neet&#8221; Berliinin. Muistan miten muuttaessamme kaupunkiin vuonna 2007 vain aniharva tiesi siit\u00e4 paljoakaan ja kaupunkia n\u00e4ki my\u00f6s harvakseltaan suomalaisessa mediassa. Kuitenkin joskus vuoden 2009 tienoilla Berliini ilmestyi yht\u00e4kki\u00e4 kaikkiin suomalaisiin aikakauslehtiin ja matkaohjelmiin uutena kiintoisana asuin- ja matkakohteena. Toinen konkreettinen esimerkki ovat Berliiniss\u00e4 asuvien suomalaisten blogit, joiden m\u00e4\u00e4r\u00e4 on ainakin oman perstuntumani perusteella viime vuosina suorastaan r\u00e4j\u00e4ht\u00e4nyt.<\/p>\n<p style=\"text-align: justify;\"><strong>Berliini on my\u00f6s todella<\/strong> <strong>kiintoisa kaupunki <\/strong>asua ja tutkia. Kaupungin historia ylt\u00e4\u00e4 800 vuoden p\u00e4\u00e4h\u00e4n ja erityisesti viimeiset sata vuotta ovat olleet eritt\u00e4in <em>*kr\u00f6h\u00f6m*<\/em> tapahtumarikkaat. Vaikka ehdinkin vierailla Berliiniss\u00e4 asuessamme kaupungin jokaisessa kaupunginosassa ja nurkkauksessa, l\u00f6ysin viel\u00e4 viimeisin\u00e4kin aikoina tutuiltakin alueilta <a title=\"Banaani johdattaa taideaarteen luo\" href=\"https:\/\/www.vuosiamaailmalla.fi\/?p=2107\">uusia juttuja<\/a>, joista en ollut aiemmin tiennytk\u00e4\u00e4n. Berliinist\u00e4 sanotaankin, ett\u00e4 kaupunki <em>immer wird, aber nie ist<\/em> (on aina tuleva [joksikin], mutta ei koskaan ole). Pelkistetty ajatus on, ett\u00e4 kaupunki muuttuu koko ajan, eik\u00e4 ole koskaan jotain tietty\u00e4 tai valmis.<\/p>\n<p style=\"text-align: center;\"><a href=\"\/blog\/wp-content\/uploads\/2010\/kaupunkikuvallinen_torahammas1.jpg\"><img decoding=\"async\" style=\"border: 0px none; margin: 5px;\" src=\"\/blog\/wp-content\/uploads\/2010\/thumbs\/thumbs_kaupunkikuvallinen_torahammas1.jpg\" alt=\"\" \/><\/a><a href=\"\/blog\/wp-content\/uploads\/2011\/berliinilaista_kontrastia.jpg\"><img decoding=\"async\" style=\"border: 0px none; margin: 5px;\" src=\"\/blog\/wp-content\/uploads\/2011\/thumbs\/thumbs_berliinilaista_kontrastia.jpg\" alt=\"\" \/><\/a><a href=\"\/blog\/wp-content\/uploads\/2008\/kekselias_ulkoremontti1.jpg\"><img decoding=\"async\" style=\"border: 0px none; margin: 5px;\" src=\"\/blog\/wp-content\/uploads\/2008\/thumbs\/thumbs_kekselias_ulkoremontti1.jpg\" alt=\"\" \/><\/a><br \/>\n<a href=\"\/blog\/wp-content\/uploads\/2011\/bierbike.jpg\"><img decoding=\"async\" style=\"border: 0px none; margin: 5px;\" src=\"\/blog\/wp-content\/uploads\/2011\/thumbs\/thumbs_bierbike.jpg\" alt=\"\" \/><\/a><a href=\"\/blog\/wp-content\/uploads\/2010\/intiaani_brandenburgin_portilla.jpg\"><img decoding=\"async\" style=\"border: 0px none; margin: 5px;\" src=\"\/blog\/wp-content\/uploads\/2010\/thumbs\/thumbs_intiaani_brandenburgin_portilla.jpg\" alt=\"\" \/><\/a><a href=\"\/blog\/wp-content\/uploads\/2011\/iltatytto_kuvaukset.jpg\"><img decoding=\"async\" style=\"border: 0px none; margin: 5px;\" src=\"\/blog\/wp-content\/uploads\/2011\/thumbs\/thumbs_iltatytto_kuvaukset.jpg\" alt=\"\" \/><\/a><\/p>\n<p style=\"text-align: center;\"><em>Berliiniss\u00e4 voi t\u00f6rm\u00e4t\u00e4 mihin tahansa<\/em><\/p>\n<p style=\"text-align: center;\"><a href=\"\/blog\/wp-content\/uploads\/2011\/east_side_gallery1.jpg\"><img decoding=\"async\" style=\"border: 0px none; margin: 5px;\" src=\"\/blog\/wp-content\/uploads\/2011\/thumbs\/thumbs_east_side_gallery1.jpg\" alt=\"\" \/><\/a><a href=\"\/blog\/wp-content\/uploads\/2011\/nakyma_museuminselilla.jpg\"><img decoding=\"async\" style=\"border: 0px none; margin: 5px;\" src=\"\/blog\/wp-content\/uploads\/2011\/thumbs\/thumbs_nakyma_museuminselilla.jpg\" alt=\"\" \/><\/a><\/p>\n<p style=\"text-align: center;\"><em>Pitk\u00e4 historia on l\u00e4sn\u00e4 kaikkialla<\/em><\/p>\n<p style=\"text-align: center;\"><a href=\"\/blog\/wp-content\/uploads\/2009\/nostokurkiviidakko.jpg\"><img decoding=\"async\" style=\"border: 0px none; margin: 5px;\" src=\"\/blog\/wp-content\/uploads\/2009\/nostokurkiviidakko.jpg\" alt=\"\" \/><\/a><\/p>\n<p style=\"text-align: center;\"><em>Berliini ei ole koskaan valmis<\/em><\/p>\n<p style=\"text-align: justify;\">Vaikka kaupungin asukasluku ei ole kuin 3,4 miljoonaa ihmist\u00e4, <strong>tuntuu Berliini silti todelliselta suurkaupungilta<\/strong>. Vaikutelmaa vahvistaa osaltaan se, ett\u00e4 kaupungilla on laskentatavasta riippuen ainakin nelj\u00e4 keskustaa (Alexanderplatzin alue, Friedrichstra\u00dfe, <a title=\"N\u00e4kemiin IMAX, tervetuloa Event Cinema\" href=\"https:\/\/www.vuosiamaailmalla.fi\/blog\/2011\/nakemiin-imax-tervetuloa-event-cinema\/\">Potsdamer Platz<\/a>, <a title=\"Jouluvalmisteluja L\u00e4nsi-Berliiniss\u00e4\" href=\"https:\/\/www.vuosiamaailmalla.fi\/blog\/2010\/jouluvalmisteluja-lansi-berliinissa\/\">l\u00e4nsikeskusta<\/a>) sek\u00e4 kymmeni\u00e4 kaupunginosakeskustoja. Ja kaikki n\u00e4ist\u00e4 ovat eloisia omine <a title=\"Opas Berliinin joulumarkkinoille\" href=\"https:\/\/www.vuosiamaailmalla.fi\/?p=1385\">tapahtumineen<\/a>, kauppoineen sek\u00e4 ravintoloineen. Et\u00e4isyydet keskustojen v\u00e4lill\u00e4 ovat kuitenkin sellaiset, etteiv\u00e4t edes <a title=\"Paavi vierailulla\" href=\"https:\/\/www.vuosiamaailmalla.fi\/?p=971\">suuret tapahtumat<\/a> n\u00e4y koskaan koko kaupungin alueella ja iltauutisia katsoessa yll\u00e4ttyykin usein mit\u00e4 jossain p\u00e4in kaupunkia onkaan tapahtunut p\u00e4iv\u00e4n aikana.<\/p>\n<p style=\"text-align: center;\"><a href=\"\/blog\/wp-content\/uploads\/2011\/vilinaa_alexanderplatzilla.jpg\"><img decoding=\"async\" style=\"border: 0px none; margin: 5px;\" src=\"\/blog\/wp-content\/uploads\/2011\/thumbs\/thumbs_vilinaa_alexanderplatzilla.jpg\" alt=\"\" \/><\/a><a href=\"\/blog\/wp-content\/uploads\/2011\/turistikuhinaa_mittessa.jpg\"><img decoding=\"async\" style=\"border: 0px none; margin: 5px;\" src=\"\/blog\/wp-content\/uploads\/2011\/thumbs\/thumbs_turistikuhinaa_mittessa.jpg\" alt=\"\" \/><\/a><\/p>\n<p style=\"text-align: center;\"><em>Suurkaupungin vilin\u00e4\u00e4<\/em><\/p>\n<p style=\"text-align: justify;\">Berliiniss\u00e4 on my\u00f6s <strong>\u00e4\u00e4rimm\u00e4isen tehokas ja edullinen joukkoliikenne<\/strong>. 15 paikallisjunayhteytt\u00e4, 9 metro- ja 22 raitiovaunulinjaa sek\u00e4 149 bussireitti\u00e4, plus 6 lauttalinjaa ovat kaikki osa kaupungin joukkoliikennett\u00e4. N\u00e4iden kaikkien rajattoman k\u00e4ytt\u00e4misen mahdollistava kuukausilippu on hinnaltaan kohtuulliset 77 euroa (vuoden 2013 tilanne). Kortti ei paperisena ole my\u00f6sk\u00e4\u00e4n henkil\u00f6kohtainen, mik\u00e4 mahdollistaa jopa sen lainaamisen vaikka kaverille tai kaupungissa k\u00e4ym\u00e4ss\u00e4 olevalle vieraalle.<\/p>\n<p style=\"text-align: center;\"><a href=\"\/blog\/wp-content\/uploads\/2010\/tynka_metrojuna.jpg\"><img decoding=\"async\" style=\"border: 0px none; margin: 5px;\" src=\"\/blog\/wp-content\/uploads\/2010\/tynka_metrojuna.jpg\" alt=\"\" \/><\/a><\/p>\n<p style=\"text-align: center;\"><em>Berliiniss\u00e4 ei tarvitse autoa liikkumiseen<\/em><\/p>\n<p style=\"text-align: justify;\">Kiitos <a title=\"U55\" href=\"https:\/\/www.vuosiamaailmalla.fi\/?p=1159\">tehokkaan joukkoliikenteen<\/a> ja sangen hyvien tieyhteyksien, <strong>Berliini on sangen ruuhkaton kaupunki<\/strong>. Joukkoliikenteess\u00e4 on oikeasti ahdasta vain ajoittain ja paikoittain, ja teill\u00e4kin on normaalisti sangen hyvin tilaa. Suurkaupungissa ei tietenk\u00e4\u00e4n ole koskaan yksin liikenteess\u00e4, mutta <a title=\"NATO:n huippukokous ja muita valtiovieraita\" href=\"https:\/\/www.vuosiamaailmalla.fi\/blog\/2011\/naton-huippukokous-ja-muita-valtiovieraita\/\">ruuhkaisuus<\/a> on huomattavasti monia muita Euroopan p\u00e4\u00e4kaupunkeja v\u00e4h\u00e4isemp\u00e4\u00e4. <a title=\"Maratonin maailmanenn\u00e4tys meni uusiksi\" href=\"https:\/\/www.vuosiamaailmalla.fi\/blog\/2011\/maratonin-maailmanennatys-meni-uusiksi\/\">Tapahtumien<\/a> aikaan ruuhkaa toki esiintyy paikallisesti, mutta suurkaupungin ihmism\u00e4\u00e4r\u00e4 ei ole koskaan k\u00e4ynyt ahdistamaan.<\/p>\n<p style=\"text-align: center;\"><a href=\"\/blog\/wp-content\/uploads\/2011\/ruuhkaton_suurkaupunki.jpg\"><img decoding=\"async\" style=\"border: 0px none; margin: 5px;\" src=\"\/blog\/wp-content\/uploads\/2011\/ruuhkaton_suurkaupunki.jpg\" alt=\"\" \/><\/a><\/p>\n<p style=\"text-align: center;\"><em>Kaduilla ja junissa on harvoin ruuhkaista<\/em><\/p>\n<p style=\"text-align: justify;\"><strong>Berliini on my\u00f6s eritt\u00e4in kansainv\u00e4linen<\/strong>, mik\u00e4 n\u00e4kyy katukuvassa ja eri kulttuurien n\u00e4kyvyydess\u00e4. <a title=\"Kahden Michelin-t\u00e4hden syntt\u00e4rit\" href=\"https:\/\/www.vuosiamaailmalla.fi\/blog\/2011\/kahden-michelin-tahden-synttarit\/\">Loistavia ravintoloita<\/a> on paljon ja varsinkin erilaiset aasialaiset keitti\u00f6t ovat hyvin edustettuina kaupungissa. Berliiniss\u00e4 on my\u00f6s paljon kokeilevia keitti\u00f6it\u00e4, joita on on ilo k\u00e4yd\u00e4 testaamassa, kiitos edellisen hintatason. Kaupunki saa taajaan my\u00f6s kansainv\u00e4list\u00e4 huomiota, sek\u00e4 esiintyy <a title=\"Berliini elokuvissa\" href=\"https:\/\/www.vuosiamaailmalla.fi\/?p=1900\">elokuvissa<\/a>, mink\u00e4 vuoksi monenlaiset starbat vierailevat usein kaupungissa.<\/p>\n<p style=\"text-align: center;\"><a href=\"\/blog\/wp-content\/uploads\/2011\/2_michelin_tahden_illallinen9.jpg\"><img decoding=\"async\" style=\"border: 0px none; margin: 5px;\" src=\"\/blog\/wp-content\/uploads\/2011\/thumbs\/thumbs_2_michelin_tahden_illallinen9.jpg\" alt=\"\" \/><\/a><a href=\"\/blog\/wp-content\/uploads\/2011\/2_michelin_tahden_illallinen12.jpg\"><img decoding=\"async\" style=\"border: 0px none; margin: 5px;\" src=\"\/blog\/wp-content\/uploads\/2011\/thumbs\/thumbs_2_michelin_tahden_illallinen12.jpg\" alt=\"\" \/><\/a><\/p>\n<p style=\"text-align: center;\"><em>Kokeilevia keitti\u00f6herkkuja<\/em><\/p>\n<p style=\"text-align: justify;\">Vaikka Berliiniss\u00e4 onkin <a title=\"Rikollisuus Berliiniss\u00e4\" href=\"https:\/\/www.vuosiamaailmalla.fi\/?p=726\">rikollisuutta<\/a>, <strong>on kaupunki p\u00e4iv\u00e4saikaan kauttaaltaan turvallinen<\/strong>. Ainakaan itse en tuntenut oloani ep\u00e4miellytt\u00e4v\u00e4ksi edes pahamaineisessa Neuk\u00f6llniss\u00e4 p\u00e4iv\u00e4ll\u00e4 (vuoden 2011 tilanne), mutta ilta-aikaan v\u00e4ltt\u00e4isin turhaa liikkumista siell\u00e4 sek\u00e4 muutamissa muissa kaupunginosissa. Keskusta on kuitenkin hyvin turvallinen ja <a title=\"Liikaa turisteja?\" href=\"https:\/\/www.vuosiamaailmalla.fi\/?p=1019\">t\u00e4ynn\u00e4 turisteja<\/a>, joten siell\u00e4 ei ole syyt\u00e4 huoleen iltaisinkaan.<\/p>\n<p style=\"text-align: justify;\">Yll\u00e4 on vain joitain esimerkkej\u00e4 positiivisista tunteista, jotka Berliini j\u00e4tti itselleni. Puolitoista vuotta sitten sielt\u00e4 <a title=\"Viimeinen ty\u00f6p\u00e4iv\u00e4 ja Saksasta l\u00e4hd\u00f6n haikeus\" href=\"https:\/\/www.vuosiamaailmalla.fi\/blog\/2012\/viimeinen-tyopaiva-ja-saksasta-lahdon-haikeus\/\">pois muuttaneena<\/a> on pakko sanoa, ett\u00e4 nelj\u00e4 ja puoli vuotta ei todellakaan riitt\u00e4nyt Berliinin t\u00e4ydelliseen kokemiseen ja olenkin ajoittain kaipaillut aikaamme siell\u00e4. Vancouver on toki mahtava kaupunki omilla ansioillaan, mutta oli sit\u00e4 kyll\u00e4 Berliinikin. Eli jos et ole viel\u00e4 Berliini\u00e4 kokenut, suosittelen l\u00e4mpim\u00e4sti lomamatkaa kaupunkiin tai jopa harkita tehd\u00e4 siit\u00e4 oma koti. Me viihdyimme Berliiniss\u00e4 ja olen varma ett\u00e4 sin\u00e4kin viihdyt!<\/p>\n<p style=\"text-align: center;\"><a href=\"\/blog\/wp-content\/uploads\/2011\/berliini_panoraama_funkturmista.jpg\"><img decoding=\"async\" style=\"border: 0px none; margin: 5px;\" src=\"\/blog\/wp-content\/uploads\/2011\/berliini_panoraama_funkturmista_pieni.jpg\" alt=\"\" \/><\/a><\/p>\n<p style=\"text-align: center;\"><em>Entinen rakas kotikaupunkimme!<\/em><\/p>\n","protected":false},"excerpt":{"rendered":"<p>Kirjoitin taannoin t\u00e4\u00e4ll\u00e4 blogissani paikallisessa sanomalehdess\u00e4 olleen \u00e4\u00e4nestyksen innoittamana Berliinin huonoista puolista. Sen perusteella entisell\u00e4 asuinkaupungillamme on monia vikoja, mutta onneksi t\u00e4m\u00e4 ei ole todellakaan koko totuus kaupungista. Jotta asiaan saataisiinkin tasapainoinen katsaus, on paikallaan listata nelj\u00e4n ja puolen vuoden Berliiniss\u00e4 asumisen perusteella kaupungin isot plussat.<\/p>\n","protected":false},"author":1,"featured_media":11359,"comment_status":"open","ping_status":"open","sticky":false,"template":"","format":"standard","meta":{"_jetpack_memberships_contains_paid_content":false,"footnotes":""},"categories":[18,3,5],"tags":[28,34,932,49,56,392,269,190],"class_list":["post-314","post","type-post","status-publish","format-standard","has-post-thumbnail","hentry","category-arki-saksassa","category-arki-ulkomailla","category-asuminen-saksassa","tag-alexanderplatz","tag-arki","tag-asunto","tag-berliini","tag-berlin-mitte","tag-joukkoliikenne","tag-nikolaiviertel","tag-saksa"],"jetpack_featured_media_url":"https:\/\/www.vuosiamaailmalla.fi\/blog\/wp-content\/uploads\/parveke_panoraama_banner-1.jpg","jetpack_sharing_enabled":true,"_links":{"self":[{"href":"https:\/\/www.vuosiamaailmalla.fi\/blog\/wp-json\/wp\/v2\/posts\/314","targetHints":{"allow":["GET"]}}],"collection":[{"href":"https:\/\/www.vuosiamaailmalla.fi\/blog\/wp-json\/wp\/v2\/posts"}],"about":[{"href":"https:\/\/www.vuosiamaailmalla.fi\/blog\/wp-json\/wp\/v2\/types\/post"}],"author":[{"embeddable":true,"href":"https:\/\/www.vuosiamaailmalla.fi\/blog\/wp-json\/wp\/v2\/users\/1"}],"replies":[{"embeddable":true,"href":"https:\/\/www.vuosiamaailmalla.fi\/blog\/wp-json\/wp\/v2\/comments?post=314"}],"version-history":[{"count":3,"href":"https:\/\/www.vuosiamaailmalla.fi\/blog\/wp-json\/wp\/v2\/posts\/314\/revisions"}],"predecessor-version":[{"id":13099,"href":"https:\/\/www.vuosiamaailmalla.fi\/blog\/wp-json\/wp\/v2\/posts\/314\/revisions\/13099"}],"wp:featuredmedia":[{"embeddable":true,"href":"https:\/\/www.vuosiamaailmalla.fi\/blog\/wp-json\/wp\/v2\/media\/11359"}],"wp:attachment":[{"href":"https:\/\/www.vuosiamaailmalla.fi\/blog\/wp-json\/wp\/v2\/media?parent=314"}],"wp:term":[{"taxonomy":"category","embeddable":true,"href":"https:\/\/www.vuosiamaailmalla.fi\/blog\/wp-json\/wp\/v2\/categories?post=314"},{"taxonomy":"post_tag","embeddable":true,"href":"https:\/\/www.vuosiamaailmalla.fi\/blog\/wp-json\/wp\/v2\/tags?post=314"}],"curies":[{"name":"wp","href":"https:\/\/api.w.org\/{rel}","templated":true}]}}