{"id":3153,"date":"2014-09-02T20:10:09","date_gmt":"2014-09-03T03:10:09","guid":{"rendered":"http:\/\/13.53.127.146\/?p=3153"},"modified":"2023-09-03T12:36:03","modified_gmt":"2023-09-03T19:36:03","slug":"kahdeksan-vuotta-maailmalla","status":"publish","type":"post","link":"https:\/\/www.vuosiamaailmalla.fi\/blog\/2014\/kahdeksan-vuotta-maailmalla\/","title":{"rendered":"Kahdeksan vuotta maailmalla"},"content":{"rendered":"<p style=\"text-align: justify;\">Elokuun vaihtuminen syyskuuksi on joka vuosi muistelemisen aikaa, sill\u00e4 tuolloin tulee j\u00e4lleen t\u00e4yteen yksi vuosi lis\u00e4\u00e4 t\u00e4\u00e4ll\u00e4 ulkomailla. T\u00e4n\u00e4 vuonna t\u00e4yteen tuli jo kahdeksan vuotta siit\u00e4 kun olemme <a title=\"Perill\u00e4 Dortmundissa!\" href=\"https:\/\/www.vuosiamaailmalla.fi\/?p=599\">j\u00e4tt\u00e4neet Suomen taaksemme<\/a> ja l\u00e4hteneet kokeilemaan eloa kotimaan rajojen ulkopuolella. N\u00e4in pitk\u00e4n ajan ja monien sattumusten j\u00e4lkeen voikin todeta, ett\u00e4 hyvin on k\u00e4ynyt.<\/p>\n<p><!--more--><\/p>\n<p style=\"text-align: justify;\">Melkein p\u00e4iv\u00e4lleen nelj\u00e4sosa el\u00e4m\u00e4st\u00e4ni sitten <a title=\"Kolme p\u00e4iv\u00e4\u00e4 l\u00e4ht\u00f6\u00f6n\" href=\"https:\/\/www.vuosiamaailmalla.fi\/?p=593\">teimme Suomessa l\u00e4ht\u00f6\u00e4<\/a> Saksan Dortmundiin. T\u00e4lle kolmen kuukauden mittaiseksi suunnitellulle matkalle tuli lopulta mittaa tasan vuosi. El\u00e4m\u00e4 jatkui seuraavaksi Berliiniss\u00e4, jossa vier\u00e4hti lopulta nelj\u00e4 ja puoli vuotta ty\u00f6nt\u00e4ytteist\u00e4, mutta kaikin puolin <a title=\"Berliinin hyv\u00e4t puolet\" href=\"https:\/\/www.vuosiamaailmalla.fi\/?p=314\">mahtavaa aikaa<\/a>. Berliinist\u00e4 lentokone vei meid\u00e4t seuraavaksi t\u00e4nne Vancouveriin, jossa olemme olleet nyt jo kaksi ja puoli vuotta, eik\u00e4 mink\u00e4\u00e4nlaista takarajaa t\u00e4\u00e4lt\u00e4 l\u00e4hd\u00f6lle ole t\u00e4ll\u00e4 haavaa n\u00e4kyviss\u00e4.<\/p>\n<p style=\"text-align: justify;\">Ja mik\u00e4s t\u00e4\u00e4ll\u00e4 on <a title=\"Maailman paras asuinkaupunki\" href=\"https:\/\/www.vuosiamaailmalla.fi\/?p=3110\">maailman parhaimpiin<\/a> kuuluvassa asuinkaupungissa asuessa, leppoisasta <a title=\"17 syyt\u00e4 asua juuri Kanadassa\" href=\"https:\/\/www.vuosiamaailmalla.fi\/?p=2163\">kanadalaisesta el\u00e4m\u00e4st\u00e4<\/a> nauttien ja ymp\u00e4r\u00f6iv\u00e4st\u00e4 luonnosta iloiten. <a title=\"Kanadan ty\u00f6tt\u00f6myyslukuja\" href=\"https:\/\/www.vuosiamaailmalla.fi\/?p=2076\">Ty\u00f6tilanne<\/a> on Kanadassa edelleen hyv\u00e4, kun se on Euroopassa (erityisesti Suomessa) heikentynyt vuosi vuodelta. T\u00e4ss\u00e4 tilanteessa ei kannatakaan edes mietti\u00e4 tasaisen el\u00e4m\u00e4n vaihtamista ep\u00e4varmuuteen, jota piisasi <a title=\"Yhden aikakauden p\u00e4\u00e4t\u00f6s ja uuden alku\" href=\"https:\/\/www.vuosiamaailmalla.fi\/?p=1567\">t\u00e4\u00e4ll\u00e4kin<\/a> kaksi vuotta sitten.<\/p>\n<p style=\"text-align: justify;\">&#8221;Tasainen&#8221; onkin ehk\u00e4 p\u00e4\u00e4llimm\u00e4isin mieleen tuleva adjektiivi menneest\u00e4 kahdeksannesta vuodestamme ulkomailla, eik\u00e4 se ole mill\u00e4\u00e4n tavalla negatiivista. Vuoden aikana olemme ehtineet <a title=\"Jouluinen Sydney\" href=\"https:\/\/www.vuosiamaailmalla.fi\/?p=2639\">matkustella<\/a>, <a title=\"Big White\" href=\"https:\/\/www.vuosiamaailmalla.fi\/?p=2759\">lasketella<\/a>, <a title=\"Hollyburn Mountain\" href=\"https:\/\/www.vuosiamaailmalla.fi\/?p=3012\">vaeltaa<\/a>, <a title=\"Py\u00f6r\u00e4retki Seymour Lakelle\" href=\"https:\/\/www.vuosiamaailmalla.fi\/?p=3058\">py\u00f6r\u00e4ill\u00e4<\/a>, <a title=\"P\u00e4iv\u00e4retki Mount Bakerille\" href=\"https:\/\/www.vuosiamaailmalla.fi\/?p=2965\">nauttia vuorista<\/a> ja tehd\u00e4 paljon, paljon muuta. Vancouverin <a title=\"Vuosi Kanadassa\" href=\"https:\/\/www.vuosiamaailmalla.fi\/?p=1606\">ensimm\u00e4isen vuoden<\/a> uutuudenvieh\u00e4tys on varissut jo aikaa sitten, mutta onneksi sen takaa on paljastunut mahtava asuinpaikka, josta ei ole mik\u00e4\u00e4n kiire pois, jos ollenkaan.<\/p>\n<p style=\"text-align: justify;\">Yritin kovasti mietti\u00e4, mutta kovin paljon merkitt\u00e4v\u00e4\u00e4 kerrottavaa menneest\u00e4 vuodesta ei ole kertynyt. Pieni\u00e4 tarinoita on kuitenkin kertynyt kymmeni\u00e4 ja kirjoitan niit\u00e4 t\u00e4nne sit\u00e4 vauhtia kuin vain kerke\u00e4n. Samanlaiselta vaikuttaisi my\u00f6s tuleva <a title=\"Yhdeks\u00e4n vuotta maailmalla\" href=\"https:\/\/www.vuosiamaailmalla.fi\/?p=7127\">yhdeks\u00e4s vuosi<\/a>, jonka ensimm\u00e4isi\u00e4 p\u00e4ivi\u00e4 nyt siis el\u00e4mme. Tiedossa on varmasti jotain <a title=\"Sapatin loppu\" href=\"https:\/\/www.vuosiamaailmalla.fi\/?p=8186\">uusia ty\u00f6kuvioita<\/a> ja muita asioita tulevan vuoden aikana, mutta olen kuitenkin 99,9% varma, ett\u00e4 kirjoitan my\u00f6s ensi vuoden muisteluani t\u00e4\u00e4lt\u00e4 Kanadan l\u00e4nsirannikolta. T\u00e4st\u00e4 voisin vaikka ly\u00f6d\u00e4 vetoa, mutta kuten aiemmat vuodet ovat osoittaneet, el\u00e4m\u00e4 on t\u00e4ynn\u00e4 yll\u00e4tyksi\u00e4 ja se 0,1% voi joskus muuttaa kaiken.<\/p>\n","protected":false},"excerpt":{"rendered":"<p>Elokuun vaihtuminen syyskuuksi on joka vuosi muistelemisen aikaa, sill\u00e4 tuolloin tulee j\u00e4lleen t\u00e4yteen yksi vuosi lis\u00e4\u00e4 t\u00e4\u00e4ll\u00e4 ulkomailla. T\u00e4n\u00e4 vuonna t\u00e4yteen tuli jo kahdeksan vuotta siit\u00e4 kun olemme j\u00e4tt\u00e4neet Suomen taaksemme ja l\u00e4hteneet kokeilemaan eloa kotimaan rajojen ulkopuolella. N\u00e4in pitk\u00e4n ajan ja monien sattumusten j\u00e4lkeen voikin todeta, ett\u00e4 hyvin on k\u00e4ynyt.<\/p>\n","protected":false},"author":1,"featured_media":0,"comment_status":"open","ping_status":"open","sticky":false,"template":"","format":"standard","meta":{"_jetpack_memberships_contains_paid_content":false,"footnotes":""},"categories":[17,3,4,13],"tags":[25,34,935,182,207,939],"class_list":["post-3153","post","type-post","status-publish","format-standard","hentry","category-arki-kanadassa","category-arki-ulkomailla","category-asuminen-kanadassa","category-tyoskentely-kanadassa","tag-ajankohtaista","tag-arki","tag-kanada","tag-muuttaminen","tag-tyo","tag-vancouver"],"jetpack_featured_media_url":"","jetpack_sharing_enabled":true,"_links":{"self":[{"href":"https:\/\/www.vuosiamaailmalla.fi\/blog\/wp-json\/wp\/v2\/posts\/3153","targetHints":{"allow":["GET"]}}],"collection":[{"href":"https:\/\/www.vuosiamaailmalla.fi\/blog\/wp-json\/wp\/v2\/posts"}],"about":[{"href":"https:\/\/www.vuosiamaailmalla.fi\/blog\/wp-json\/wp\/v2\/types\/post"}],"author":[{"embeddable":true,"href":"https:\/\/www.vuosiamaailmalla.fi\/blog\/wp-json\/wp\/v2\/users\/1"}],"replies":[{"embeddable":true,"href":"https:\/\/www.vuosiamaailmalla.fi\/blog\/wp-json\/wp\/v2\/comments?post=3153"}],"version-history":[{"count":2,"href":"https:\/\/www.vuosiamaailmalla.fi\/blog\/wp-json\/wp\/v2\/posts\/3153\/revisions"}],"predecessor-version":[{"id":13264,"href":"https:\/\/www.vuosiamaailmalla.fi\/blog\/wp-json\/wp\/v2\/posts\/3153\/revisions\/13264"}],"wp:attachment":[{"href":"https:\/\/www.vuosiamaailmalla.fi\/blog\/wp-json\/wp\/v2\/media?parent=3153"}],"wp:term":[{"taxonomy":"category","embeddable":true,"href":"https:\/\/www.vuosiamaailmalla.fi\/blog\/wp-json\/wp\/v2\/categories?post=3153"},{"taxonomy":"post_tag","embeddable":true,"href":"https:\/\/www.vuosiamaailmalla.fi\/blog\/wp-json\/wp\/v2\/tags?post=3153"}],"curies":[{"name":"wp","href":"https:\/\/api.w.org\/{rel}","templated":true}]}}