{"id":318,"date":"2012-06-11T18:00:57","date_gmt":"2012-06-12T01:00:57","guid":{"rendered":"http:\/\/13.53.127.146\/?p=318"},"modified":"2021-02-01T20:43:04","modified_gmt":"2021-02-02T04:43:04","slug":"brothers-creek","status":"publish","type":"post","link":"https:\/\/www.vuosiamaailmalla.fi\/blog\/2012\/brothers-creek\/","title":{"rendered":"Brothers Creek"},"content":{"rendered":"<p style=\"text-align: justify;\">Eilen sunnuntaina k\u00e4vimme j\u00e4lleen pienell\u00e4 vaelluksella. Reitiksi valikoitui t\u00e4ll\u00e4 kertaa West Vancouverin rinteill\u00e4 kulkevan <em>Brothers Creek<\/em> nime\u00e4 kantava polku. T\u00e4m\u00e4 noin seitsem\u00e4n kilometrin mittainen polku l\u00e4htee West Vancouverin hienostoasuinalueen yl\u00e4laidalta, noin 350 metrin korkeudella merenpinnasta. Ympyr\u00e4n muotoinen reitti nousee matkallaan kohti nimess\u00e4\u00e4n olevaa puroa noin 700 metrin korkeudelle, mik\u00e4 tarkoittaa kohtuullisen rankkaa nousua.<\/p>\n<p><!--more--><\/p>\n<p style=\"text-align: center;\"><a href=\"\/blog\/wp-content\/uploads\/2012\/brothers_creek3.jpg\" target=\"_blank\" rel=\"noopener\"><img decoding=\"async\" style=\"border: 0px none; margin: 5px;\" src=\"\/blog\/wp-content\/uploads\/2012\/brothers_creek3.jpg\" alt=\"\" \/><\/a><\/p>\n<p style=\"text-align: center;\"><em>Reitti yl\u00f6s<\/em><\/p>\n<p style=\"text-align: justify;\">Reitin vastap\u00e4iv\u00e4\u00e4n kulkevalle reitin ensimm\u00e4inen osuus kulkee vanhan mets\u00e4tien pohjaa. Maisema on ensimm\u00e4iset pari kilometri\u00e4 hieman tyls\u00e4\u00e4 nuorta mets\u00e4\u00e4, sill\u00e4 aluetta aiemmin hallinneet j\u00e4ttil\u00e4ispuut kaadettiin kaikki 1900-luvun alussa. Vanhan sahan sammaloitunut perustus reitin alkupuolella toimii muistutuksena noista ajoista. My\u00f6s reitin varrella menneisyys muistuttaa itsest\u00e4\u00e4n, sill\u00e4 jopa yli metrin korkuisia valtavia kantoja on edelleen pystyss\u00e4 siell\u00e4 t\u00e4\u00e4ll\u00e4. Liek\u00f6 puut kaadettu aikanaan tosiaan noin korkealta, vai ovatko kannot kenties jatkaneet kasvuaan viel\u00e4 puiden kaatamisen j\u00e4lkeen? Oli selitys kannoille kumpi tahansa, on n\u00e4ky melko surullinen. Vaikka uusi mets\u00e4 onkin saanut jo kasvaa aikansa ja peitt\u00e4\u00e4 rinteen, on sen mets\u00e4pohja hyvin steriili aiemmin alueella vapaasti kasvaneeseen sekamets\u00e4\u00e4n verrattuna.<\/p>\n<p style=\"text-align: center;\"><a href=\"\/blog\/wp-content\/uploads\/2012\/vanha_sahan_perusta.jpg\" target=\"_blank\" rel=\"noopener\"><img decoding=\"async\" style=\"border: 0px none; margin: 5px;\" src=\"\/blog\/wp-content\/uploads\/2012\/thumbs\/thumbs_vanha_sahan_perusta.jpg\" alt=\"\" \/><\/a><a href=\"\/blog\/wp-content\/uploads\/2012\/vanhat_jattilaiset.jpg\" target=\"_blank\" rel=\"noopener\"><img decoding=\"async\" style=\"border: 0px none; margin: 5px;\" src=\"\/blog\/wp-content\/uploads\/2012\/thumbs\/thumbs_vanhat_jattilaiset.jpg\" alt=\"\" \/><\/a><\/p>\n<p style=\"text-align: center;\"><em>Vanhan sahan perustus sek\u00e4 vanhat j\u00e4ttil\u00e4iset<\/em><\/p>\n<p style=\"text-align: center;\"><a href=\"\/blog\/wp-content\/uploads\/2012\/vanha_metsatie_ylos.jpg\" target=\"_blank\" rel=\"noopener\"><img decoding=\"async\" style=\"border: 0px none; margin: 5px;\" src=\"\/blog\/wp-content\/uploads\/2012\/thumbs\/thumbs_vanha_metsatie_ylos.jpg\" alt=\"\" \/><\/a><a href=\"\/blog\/wp-content\/uploads\/2012\/kolmoispuu.jpg\" target=\"_blank\" rel=\"noopener\"><img decoding=\"async\" style=\"border: 0px none; margin: 5px;\" src=\"\/blog\/wp-content\/uploads\/2012\/thumbs\/thumbs_kolmoispuu.jpg\" alt=\"\" \/><\/a><\/p>\n<p style=\"text-align: center;\"><em>Kolmoispuu vanhan mets\u00e4tien varrella<\/em><\/p>\n<p style=\"text-align: justify;\">Matka yl\u00f6s on sangen rankka, sill\u00e4 mets\u00e4tie on v\u00e4lill\u00e4 mutainen ja v\u00e4lill\u00e4 hyvin kivikkoinen. Hyv\u00e4t vaelluskenk\u00e4mme olivatkin j\u00e4lleen hintansa arvoiset, sill\u00e4 niiden kanssa matka taittui tasaiseen tahtiin. Kulkemamme reitti ei liene kaikkein suosituimpia vaellusreittej\u00e4, sill\u00e4 ainakin tuona sunnuntaina reitill\u00e4 oli eritt\u00e4in hiljaista ja aivan viimeisen tunnin aikana emme n\u00e4hneet ket\u00e4\u00e4n muuta. V\u00e4h\u00e4iset muut ihmiset saivatkin mielikuvituksen paikoitellen laukkaamaan ajatuksesta mets\u00e4ss\u00e4 kuljeskelevista karhuista. Onneksi meill\u00e4 oli kuitenkin mukanamme uusi &#8221;salainen ase&#8221;, jonka Niina oli ostanut minulle kes\u00e4kuussa syntym\u00e4p\u00e4iv\u00e4lahjaksi: karhukello.<\/p>\n<p style=\"text-align: center;\"><a href=\"\/blog\/wp-content\/uploads\/2012\/salainen_ase.jpg\" target=\"_blank\" rel=\"noopener\"><img decoding=\"async\" style=\"border: 0px none; margin: 5px;\" src=\"\/blog\/wp-content\/uploads\/2012\/salainen_ase.jpg\" alt=\"\" \/><\/a><\/p>\n<p style=\"text-align: center;\"><em>Salainen ase<\/em><\/p>\n<p style=\"text-align: justify;\">Kellon yksinkertainen toimintaperiaate on, ett\u00e4 sen tuottama jatkuva kilin\u00e4 antaa karhuille mahdollisuudet tiedostaa l\u00e4hestyv\u00e4t ihmiset ennalta ja ehti\u00e4 poistua alueelta ennen kohtaamista. Saman asian ajaisi my\u00f6s jatkuva keskustelu, mutta n\u00e4in vanhana pariskuntana olemme huomanneet, ettei juttua riit\u00e4 jokaiselle hetkelle. My\u00f6skin yl\u00e4m\u00e4ke\u00e4 puuskuttaessa voimavaransa k\u00e4ytt\u00e4\u00e4 yleens\u00e4 jutustelun sijaan ihan vain askeleen ottamiseen. Vaikka onkin vaikea sanoa karhukellon toimivuudesta, tuo se silti pient\u00e4 mielirauhaa mets\u00e4n keskell\u00e4. Siit\u00e4kin huolimatta, ett\u00e4 irvileukojen mukaan kilin\u00e4 kertoo karhuille ennemminkin p\u00e4iv\u00e4llisen l\u00e4hestymisest\u00e4 vaaran sijaan&#8230;<\/p>\n<p style=\"text-align: justify;\">Noin kilometri ennen kierroksen huippua mets\u00e4 vaihtuu vanhan hakkuurajan my\u00f6t\u00e4 nuoresta ikivanhaan. Samaisesta kohdasta taitaa my\u00f6s alkaa <a title=\"Hollyburn Mountain\" href=\"http:\/\/www.vuosiamaailmalla.fi\/blog\/2014\/hollyburn-mountain\/\">Cypress Mountainin luonnonpuisto<\/a>. T\u00e4ss\u00e4 vaiheessa reitti muuttuu huomattavasti kiintoisammaksi, kun maisemat muuttuvat monimuotoisemmiksi. Pian t\u00e4m\u00e4n j\u00e4lkeen saavutetaan ympyr\u00e4n lakipiste ja Brothers Creekin puro. N\u00e4in kev\u00e4\u00e4st\u00e4 purossa oli kohtuullisen paljon vett\u00e4 ja se valui vuolaana. Puron ylityksen j\u00e4lkeen reitti k\u00e4\u00e4ntyy takaisin alasp\u00e4in ja muuttuu juurakkoiseksi poluksi. Koska viel\u00e4 pari viikkoa aiemmin alueella oli viel\u00e4 lunta, oli maasto hyvin m\u00e4rk\u00e4 ja polku mutainen.<\/p>\n<p style=\"text-align: center;\"><a href=\"\/blog\/wp-content\/uploads\/2012\/brothers_creek.jpg\" target=\"_blank\" rel=\"noopener\"><img decoding=\"async\" style=\"border: 0px none; margin: 5px;\" src=\"\/blog\/wp-content\/uploads\/2012\/brothers_creek.jpg\" alt=\"\" \/><\/a><\/p>\n<p style=\"text-align: center;\"><em>Brothers Creekin sillalla<\/em><\/p>\n<p style=\"text-align: center;\"><a href=\"\/blog\/wp-content\/uploads\/2012\/brothers_creek5.jpg\" target=\"_blank\" rel=\"noopener\"><img decoding=\"async\" style=\"border: 0px none; margin: 5px;\" src=\"\/blog\/wp-content\/uploads\/2012\/thumbs\/thumbs_brothers_creek5.jpg\" alt=\"\" \/><\/a><a href=\"\/blog\/wp-content\/uploads\/2012\/brothers_creek4.jpg\" target=\"_blank\" rel=\"noopener\"><img decoding=\"async\" style=\"border: 0px none; margin: 5px;\" src=\"\/blog\/wp-content\/uploads\/2012\/thumbs\/thumbs_brothers_creek4.jpg\" alt=\"\" \/><\/a><a href=\"\/blog\/wp-content\/uploads\/2012\/lower_brothers_creek.jpg\" target=\"_blank\" rel=\"noopener\"><img decoding=\"async\" style=\"border: 0px none; margin: 5px;\" src=\"\/blog\/wp-content\/uploads\/2012\/thumbs\/thumbs_lower_brothers_creek.jpg\" alt=\"\" \/><\/a><\/p>\n<p style=\"text-align: center;\"><em>Vesiputouksia matkalla alas<\/em><\/p>\n<p style=\"text-align: justify;\">Matkallaan alas polku seuraa puron viert\u00e4, mik\u00e4 avaa paikoin hienoja maisemia pienille vesiputouksille. Polun alap\u00e4\u00e4ss\u00e4 puro ylitet\u00e4\u00e4n viel\u00e4 kerran, mink\u00e4 j\u00e4lkeen palataan mets\u00e4n siimekseen ja lopulta parkkipaikalle. Tamineita autoon pakatessa on viel\u00e4 mukava ihailla vierell\u00e4 aukeavaa upeaa maisemaa Vancouverin keskustasta.<\/p>\n<p style=\"text-align: center;\"><a href=\"\/blog\/wp-content\/uploads\/2012\/brothers_creek1.jpg\" target=\"_blank\" rel=\"noopener\"><img decoding=\"async\" style=\"border: 0px none; margin: 5px;\" src=\"\/blog\/wp-content\/uploads\/2012\/thumbs\/thumbs_brothers_creek1.jpg\" alt=\"\" \/><\/a><a href=\"\/blog\/wp-content\/uploads\/2012\/brothers_creek2.jpg\" target=\"_blank\" rel=\"noopener\"><img decoding=\"async\" style=\"border: 0px none; margin: 5px;\" src=\"\/blog\/wp-content\/uploads\/2012\/thumbs\/thumbs_brothers_creek2.jpg\" alt=\"\" \/><\/a><\/p>\n<p style=\"text-align: center;\"><em>Kaunista mets\u00e4maisemaa<\/em><\/p>\n<p style=\"text-align: center;\"><a href=\"\/blog\/wp-content\/uploads\/2012\/utuinen_vancouver.jpg\" target=\"_blank\" rel=\"noopener\"><img decoding=\"async\" style=\"border: 0px none; margin: 5px;\" src=\"\/blog\/wp-content\/uploads\/2012\/utuinen_vancouver.jpg\" alt=\"\" \/><\/a><\/p>\n<p style=\"text-align: center;\"><em>Utuinen Vancouverin keskusta ja panoraama<br \/>\n<\/em><\/p>\n<p style=\"text-align: center;\"><a href=\"\/blog\/wp-content\/uploads\/2012\/utuinen_vancouver_panoraama.jpg\" target=\"_blank\" rel=\"noopener\"><img decoding=\"async\" style=\"border: 0px none; margin: 5px;\" src=\"\/blog\/wp-content\/uploads\/2012\/utuinen_vancouver_panoraama_pieni.jpg\" alt=\"\" \/><\/a><\/p>\n<p style=\"text-align: justify;\">Meill\u00e4 reitin kiert\u00e4miseen kului noin kolme viihtyis\u00e4\u00e4 tuntia. Nautimme reitist\u00e4 ja varsinkin siit\u00e4 ettei sill\u00e4 ollut kovin ruuhkaista. Lis\u00e4tietoja ja tarkan reittikuvauksen kiert\u00e4m\u00e4st\u00e4mme polusta l\u00f6yt\u00e4\u00e4 <a href=\"http:\/\/www.vancouvertrails.com\/trails\/brothers-creek-loop\/\">t\u00e4\u00e4lt\u00e4<\/a>.<\/p>\n","protected":false},"excerpt":{"rendered":"<p>Eilen sunnuntaina k\u00e4vimme j\u00e4lleen pienell\u00e4 vaelluksella. Reitiksi valikoitui t\u00e4ll\u00e4 kertaa West Vancouverin rinteill\u00e4 kulkevan Brothers Creek nime\u00e4 kantava polku. T\u00e4m\u00e4 noin seitsem\u00e4n kilometrin mittainen polku l\u00e4htee West Vancouverin hienostoasuinalueen yl\u00e4laidalta, noin 350 metrin korkeudella merenpinnasta. Ympyr\u00e4n muotoinen reitti nousee matkallaan kohti nimess\u00e4\u00e4n olevaa puroa noin 700 metrin korkeudelle, mik\u00e4 tarkoittaa kohtuullisen rankkaa nousua.<\/p>\n","protected":false},"author":1,"featured_media":11564,"comment_status":"open","ping_status":"open","sticky":false,"template":"","format":"standard","meta":{"_jetpack_memberships_contains_paid_content":false,"footnotes":""},"categories":[17,3,15],"tags":[34,237,933,935,938,939,943],"class_list":["post-318","post","type-post","status-publish","format-standard","has-post-thumbnail","hentry","category-arki-kanadassa","category-arki-ulkomailla","category-vaeltaminen","tag-arki","tag-brothers-creek","tag-cypress-mountain","tag-kanada","tag-vaellus","tag-vancouver","tag-west-vancouver"],"jetpack_featured_media_url":"https:\/\/www.vuosiamaailmalla.fi\/blog\/wp-content\/uploads\/brothers_creek_banner-1.jpg","jetpack_sharing_enabled":true,"_links":{"self":[{"href":"https:\/\/www.vuosiamaailmalla.fi\/blog\/wp-json\/wp\/v2\/posts\/318","targetHints":{"allow":["GET"]}}],"collection":[{"href":"https:\/\/www.vuosiamaailmalla.fi\/blog\/wp-json\/wp\/v2\/posts"}],"about":[{"href":"https:\/\/www.vuosiamaailmalla.fi\/blog\/wp-json\/wp\/v2\/types\/post"}],"author":[{"embeddable":true,"href":"https:\/\/www.vuosiamaailmalla.fi\/blog\/wp-json\/wp\/v2\/users\/1"}],"replies":[{"embeddable":true,"href":"https:\/\/www.vuosiamaailmalla.fi\/blog\/wp-json\/wp\/v2\/comments?post=318"}],"version-history":[{"count":2,"href":"https:\/\/www.vuosiamaailmalla.fi\/blog\/wp-json\/wp\/v2\/posts\/318\/revisions"}],"predecessor-version":[{"id":11565,"href":"https:\/\/www.vuosiamaailmalla.fi\/blog\/wp-json\/wp\/v2\/posts\/318\/revisions\/11565"}],"wp:featuredmedia":[{"embeddable":true,"href":"https:\/\/www.vuosiamaailmalla.fi\/blog\/wp-json\/wp\/v2\/media\/11564"}],"wp:attachment":[{"href":"https:\/\/www.vuosiamaailmalla.fi\/blog\/wp-json\/wp\/v2\/media?parent=318"}],"wp:term":[{"taxonomy":"category","embeddable":true,"href":"https:\/\/www.vuosiamaailmalla.fi\/blog\/wp-json\/wp\/v2\/categories?post=318"},{"taxonomy":"post_tag","embeddable":true,"href":"https:\/\/www.vuosiamaailmalla.fi\/blog\/wp-json\/wp\/v2\/tags?post=318"}],"curies":[{"name":"wp","href":"https:\/\/api.w.org\/{rel}","templated":true}]}}