{"id":3183,"date":"2014-09-13T19:48:44","date_gmt":"2014-09-14T02:48:44","guid":{"rendered":"http:\/\/13.53.127.146\/?p=3183"},"modified":"2019-12-18T17:53:22","modified_gmt":"2019-12-19T01:53:22","slug":"lumi-peitti-paksusti-calgaryn","status":"publish","type":"post","link":"https:\/\/www.vuosiamaailmalla.fi\/blog\/2014\/lumi-peitti-paksusti-calgaryn\/","title":{"rendered":"Paksu lumi peitti Calgaryn"},"content":{"rendered":"<p style=\"text-align: justify;\">Vaikka Whistleriss\u00e4 n\u00e4htiinkin hein\u00e4kuun lopulla talven <a title=\"Keskikes\u00e4n lumisade\" href=\"https:\/\/www.vuosiamaailmalla.fi\/?p=3047\">ensimm\u00e4inen lumisade<\/a>, on t\u00e4\u00e4ll\u00e4 Vancouverin seudulla vietetty mit\u00e4 upeimman kes\u00e4n kauniita loppukes\u00e4n p\u00e4ivi\u00e4. L\u00e4mp\u00f6tilat ovat h\u00e4tyytelleet n\u00e4in syyskuun puoliv\u00e4liss\u00e4kin viel\u00e4 hellelukemia ja syvemm\u00e4ll\u00e4 Fraser Valleyn pohjalla on menty viel\u00e4 reilusti ylikin.<\/p>\n<p><!--more--><\/p>\n<p style=\"text-align: justify;\">Kuitenkin vuorten toisella puolella tilanne on ollut hyvin erilainen ja t\u00e4ll\u00e4 viikolla Calgaryn seudulla koettiin eritt\u00e4in poikkeuksellinen rankka lumimyrsky keskell\u00e4 syyskuuta! Lunta tuli vuorokaudessa per\u00e4ti kymmeni\u00e4 senttimetrej\u00e4, mik\u00e4 katkoi satoja puita ja vei s\u00e4hk\u00f6t tuhansilta Calgaryn alueella. Yhteens\u00e4 lunta satoi kolmen p\u00e4iv\u00e4n ajan, kerrytt\u00e4en melkoisen paksun lumipeitteen kaupungin ylle.<\/p>\n<p style=\"text-align: center;\"><a href=\"\/blog\/wp-content\/uploads\/2014\/lumikertyma_calgaryssa.jpg\"><img decoding=\"async\" style=\"border: 0px none; margin: 5px;\" src=\"\/blog\/wp-content\/uploads\/2014\/lumikertyma_calgaryssa.jpg\" alt=\"\" \/><\/a><\/p>\n<p style=\"text-align: center;\"><em>Viikon lumikertym\u00e4<\/em><\/p>\n<p style=\"text-align: center;\"><a href=\"\/blog\/wp-content\/uploads\/2014\/lunta_calgaryssa.jpg\"><img decoding=\"async\" style=\"border: 0px none; margin: 5px;\" src=\"\/blog\/wp-content\/uploads\/2014\/lunta_calgaryssa.jpg\" alt=\"\" \/><\/a><\/p>\n<p style=\"text-align: justify;\"><em>Instagramiin<\/em> laitetut kuvat Calgaryst\u00e4 n\u00e4ytt\u00e4v\u00e4t kuin keskitalvella otetuilta. Calgaryss\u00e4 on toki totuttu lumisiin talviin, mutta harvalla on k\u00e4ynyt edes mieless\u00e4 laittaa alle <a title=\"Talvirenkaat British Columbiassa\" href=\"https:\/\/www.vuosiamaailmalla.fi\/?p=181\">talvirenkaat<\/a> syyskuun alussa. \ud83d\ude44 Niinp\u00e4 kaupungin liikenne olikin pahasti sekaisin koko loppuviikon, helpottaen vasta viikonlopuksi. Viikonloppua vasten lumi katosikin yht\u00e4 mystisesti kuin ilmestyikin, vehre\u00e4n ruohon tullessa j\u00e4lleen n\u00e4kyviin. \ud83d\ude2e<\/p>\n<p style=\"text-align: justify;\">Onneksi t\u00e4llaisen kelin vaaraa ei liene t\u00e4\u00e4ll\u00e4 Vancouverissa, vaikka todenn\u00e4k\u00f6isesti t\u00e4\u00e4ll\u00e4kin kes\u00e4 tulee ensi viikolla loppuun ja <a title=\"Taivas aukeni viimeinkin\" href=\"https:\/\/www.vuosiamaailmalla.fi\/?p=818\">syksyn sateet<\/a> alkavat. Ja siit\u00e4 ei ole en\u00e4\u00e4 pitk\u00e4 aika ennen kuin vuorilla n\u00e4hd\u00e4\u00e4n lunta ja marraskuussa p\u00e4\u00e4st\u00e4\u00e4nkin varmaan j\u00e4lleen <a title=\"Laskettelukausi alkoi Vancouverissa\" href=\"https:\/\/www.vuosiamaailmalla.fi\/?p=1308\">laskettelemaan<\/a>. \ud83d\ude42<\/p>\n","protected":false},"excerpt":{"rendered":"<p>Vaikka Whistleriss\u00e4 n\u00e4htiinkin hein\u00e4kuun lopulla talven ensimm\u00e4inen lumisade, on t\u00e4\u00e4ll\u00e4 Vancouverin seudulla vietetty mit\u00e4 upeimman kes\u00e4n kauniita loppukes\u00e4n p\u00e4ivi\u00e4. L\u00e4mp\u00f6tilat ovat h\u00e4tyytelleet n\u00e4in syyskuun puoliv\u00e4liss\u00e4kin viel\u00e4 hellelukemia ja syvemm\u00e4ll\u00e4 Fraser Valleyn pohjalla on menty viel\u00e4 reilusti ylikin.<\/p>\n","protected":false},"author":1,"featured_media":10438,"comment_status":"open","ping_status":"open","sticky":false,"template":"","format":"standard","meta":{"_jetpack_memberships_contains_paid_content":false,"footnotes":""},"categories":[17,3],"tags":[25,34,773,133,935,159,299,270,202,939],"class_list":["post-3183","post","type-post","status-publish","format-standard","has-post-thumbnail","hentry","category-arki-kanadassa","category-arki-ulkomailla","tag-ajankohtaista","tag-arki","tag-calgary","tag-hassua","tag-kanada","tag-kesa","tag-syksy","tag-saa","tag-talvi","tag-vancouver"],"jetpack_featured_media_url":"https:\/\/www.vuosiamaailmalla.fi\/blog\/wp-content\/uploads\/lumikertyma_calgaryssa_banner-1.jpg","jetpack_sharing_enabled":true,"_links":{"self":[{"href":"https:\/\/www.vuosiamaailmalla.fi\/blog\/wp-json\/wp\/v2\/posts\/3183","targetHints":{"allow":["GET"]}}],"collection":[{"href":"https:\/\/www.vuosiamaailmalla.fi\/blog\/wp-json\/wp\/v2\/posts"}],"about":[{"href":"https:\/\/www.vuosiamaailmalla.fi\/blog\/wp-json\/wp\/v2\/types\/post"}],"author":[{"embeddable":true,"href":"https:\/\/www.vuosiamaailmalla.fi\/blog\/wp-json\/wp\/v2\/users\/1"}],"replies":[{"embeddable":true,"href":"https:\/\/www.vuosiamaailmalla.fi\/blog\/wp-json\/wp\/v2\/comments?post=3183"}],"version-history":[{"count":0,"href":"https:\/\/www.vuosiamaailmalla.fi\/blog\/wp-json\/wp\/v2\/posts\/3183\/revisions"}],"wp:featuredmedia":[{"embeddable":true,"href":"https:\/\/www.vuosiamaailmalla.fi\/blog\/wp-json\/wp\/v2\/media\/10438"}],"wp:attachment":[{"href":"https:\/\/www.vuosiamaailmalla.fi\/blog\/wp-json\/wp\/v2\/media?parent=3183"}],"wp:term":[{"taxonomy":"category","embeddable":true,"href":"https:\/\/www.vuosiamaailmalla.fi\/blog\/wp-json\/wp\/v2\/categories?post=3183"},{"taxonomy":"post_tag","embeddable":true,"href":"https:\/\/www.vuosiamaailmalla.fi\/blog\/wp-json\/wp\/v2\/tags?post=3183"}],"curies":[{"name":"wp","href":"https:\/\/api.w.org\/{rel}","templated":true}]}}