{"id":3212,"date":"2014-09-21T12:01:40","date_gmt":"2014-09-21T19:01:40","guid":{"rendered":"http:\/\/13.53.127.146\/?p=3212"},"modified":"2021-07-01T17:37:53","modified_gmt":"2021-07-02T00:37:53","slug":"merellinen-pyoraretki-stevestoniin","status":"publish","type":"post","link":"https:\/\/www.vuosiamaailmalla.fi\/blog\/2014\/merellinen-pyoraretki-stevestoniin\/","title":{"rendered":"Merellinen py\u00f6r\u00e4retki Stevestoniin"},"content":{"rendered":"<p style=\"text-align: justify;\">Kes\u00e4 ei vain hellit\u00e4 otettaan Vancouverista. Viime viikon sunnuntai oli lukuisten edellisten tapaan pilvet\u00f6n ja elohopea kohosi aina <a title=\"Kaikkien aikojen enn\u00e4tyshelle\" href=\"https:\/\/www.vuosiamaailmalla.fi\/blog\/2021\/kaikkien-aikojen-ennatyshelle\/\">hellelukemiin<\/a> saakka. Joten eikun j\u00e4lleen kerran <a title=\"Fillarit katolle\" href=\"https:\/\/www.vuosiamaailmalla.fi\/?p=3051\">py\u00f6r\u00e4t katolle<\/a> ja suunnaksi ymp\u00e4r\u00f6iv\u00e4 valtava esikaupunkialue.<\/p>\n<p><!--more--><\/p>\n<p style=\"text-align: justify;\">T\u00e4ll\u00e4 kertaa suuntasimme Vancouverin etel\u00e4puoliseen naapuriin Richmondiin. T\u00e4m\u00e4 Fraser Riverin suistoalueen muodostamalle suurelle saarelle rakentunut 190 000 asukkaan esikaupunki on l\u00e4hinn\u00e4 tunnettu siit\u00e4, ett\u00e4 Vancouverin kansainv\u00e4linen lentokentt\u00e4 sek\u00e4 Vancouverin <a title=\"Richmondin uusi IKEA\" href=\"https:\/\/www.vuosiamaailmalla.fi\/?p=161\">l\u00e4hin IKEA<\/a> sijaitsevat siell\u00e4. Richmondissa ei ole juurikaan pinnanmuotoja ja kaupunki on rakentunut p\u00e4\u00e4asiassa pellolle. T\u00e4m\u00e4n vuoksi se onkin <a title=\"Traboulay PoCo Trail\" href=\"https:\/\/www.vuosiamaailmalla.fi\/?p=3188\">Port Coquitlamin<\/a> tapaan mit\u00e4 oivallisin paikka py\u00f6r\u00e4ill\u00e4 ja Richmondiin onkin rakentunut laaja py\u00f6r\u00e4ilyreittien verkosto. Yksi suosituimpia reittej\u00e4 on kaupungin l\u00e4nsirajaa kulkeva noin yhdeks\u00e4n kilometrin mittainen <em>West Dyke Trail<\/em>.<\/p>\n<p style=\"text-align: center;\"><a href=\"\/blog\/wp-content\/uploads\/2014\/west_dyke_trail4.jpg\"><img decoding=\"async\" style=\"border: 0px none; margin: 5px;\" src=\"\/blog\/wp-content\/uploads\/2014\/thumbs\/thumbs_west_dyke_trail4.jpg\" alt=\"\" \/><\/a><a href=\"\/blog\/wp-content\/uploads\/2014\/west_dyke_trail5.jpg\"><img decoding=\"async\" style=\"border: 0px none; margin: 5px;\" src=\"\/blog\/wp-content\/uploads\/2014\/thumbs\/thumbs_west_dyke_trail5.jpg\" alt=\"\" \/><\/a><\/p>\n<p style=\"text-align: center;\"><em>West Dyke Trail<\/em><\/p>\n<p style=\"text-align: justify;\">Kyseinen reitti l\u00e4htee Richmondin keskustan l\u00e4hettyvilt\u00e4 ja kulkee Fraser Riverin pohjoisen jokisuun rantaa, kaartuen puoliv\u00e4liss\u00e4 kohti etel\u00e4\u00e4 ja Stevestonin kalastajakyl\u00e4\u00e4 kaupungin lounaiskulmauksessa. Kuten reitin nimi antaa ymm\u00e4rt\u00e4\u00e4, on kulkee reitti p\u00e4\u00e4asiassa rantavallin p\u00e4\u00e4ll\u00e4. Maisemat ovatkin merelliset ja Vancouverin edustan Strait of Georgian lahti avautuu koko komeudessaan edustan matalikon kaislikon taustalla. Lahden vastarannalla noin viidenkymmenen kilometrin p\u00e4\u00e4ss\u00e4 puolestaan kohoavat utuisena Vancouver Islandin vuorijono.<\/p>\n<p style=\"text-align: center;\"><a href=\"\/blog\/wp-content\/uploads\/2014\/west_dyke_trail3.jpg\"><img decoding=\"async\" style=\"border: 0px none; margin: 5px;\" src=\"\/blog\/wp-content\/uploads\/2014\/thumbs\/thumbs_west_dyke_trail3.jpg\" alt=\"\" \/><\/a><a href=\"\/blog\/wp-content\/uploads\/2014\/west_dyke_trail1.jpg\"><img decoding=\"async\" style=\"border: 0px none; margin: 5px;\" src=\"\/blog\/wp-content\/uploads\/2014\/thumbs\/thumbs_west_dyke_trail1.jpg\" alt=\"\" \/><\/a><a href=\"\/blog\/wp-content\/uploads\/2014\/west_dyke_trail2.jpg\"><img decoding=\"async\" style=\"border: 0px none; margin: 5px;\" src=\"\/blog\/wp-content\/uploads\/2014\/thumbs\/thumbs_west_dyke_trail2.jpg\" alt=\"\" \/><\/a><\/p>\n<p style=\"text-align: center;\"><em>Merellisi\u00e4 maisemia<\/em><\/p>\n<p style=\"text-align: center;\"><a href=\"\/blog\/wp-content\/uploads\/2014\/karvaiset_lehmat.jpg\"><img decoding=\"async\" style=\"border: 0px none; margin: 5px;\" src=\"\/blog\/wp-content\/uploads\/2014\/thumbs\/thumbs_karvaiset_lehmat.jpg\" alt=\"\" \/><\/a><a href=\"\/blog\/wp-content\/uploads\/2014\/kilpparit.jpg\"><img decoding=\"async\" style=\"border: 0px none; margin: 5px;\" src=\"\/blog\/wp-content\/uploads\/2014\/thumbs\/thumbs_kilpparit.jpg\" alt=\"\" \/><\/a><\/p>\n<p style=\"text-align: center;\"><em>Rannan asukkeja<\/em><\/p>\n<p style=\"text-align: justify;\">Kaunis sunnuntai-iltap\u00e4iv\u00e4 oli saanut liikkeelle satam\u00e4\u00e4rin paikallisia ja ihmisvilin\u00e4\u00e4 riitti koko matkan varrelle. Stevestonin p\u00e4\u00e4ss\u00e4 oli jopa ruuhkaista, sill\u00e4 pittoreski kalastajakyl\u00e4 houkuttelee viikonloppuisin tuhansia turisteja nauttimaan tuoreista merellisest\u00e4 tunnelmasta sek\u00e4 meren antimista. Kalastusalukset kelluivat ankkurissa kyl\u00e4n satamassa ja kauniin kelin t\u00e4ydensi kyl\u00e4n taustalla kohoava ja aina yht\u00e4 upea valkohuippuinen <a title=\"P\u00e4iv\u00e4retki Mount Bakerille\" href=\"https:\/\/www.vuosiamaailmalla.fi\/?p=2965\">Mount Baker<\/a>.<\/p>\n<p style=\"text-align: center;\"><a href=\"\/blog\/wp-content\/uploads\/2014\/kalastusta_stevestonissa.jpg\"><img decoding=\"async\" style=\"border: 0px none; margin: 5px;\" src=\"\/blog\/wp-content\/uploads\/2014\/kalastusta_stevestonissa.jpg\" alt=\"\" \/><\/a><\/p>\n<p style=\"text-align: center;\"><em>Kalastusta Stevestonin edustalla<\/em><\/p>\n<p style=\"text-align: center;\"><a href=\"\/blog\/wp-content\/uploads\/2014\/steveston_satama1.jpg\"><img decoding=\"async\" style=\"border: 0px none; margin: 5px;\" src=\"\/blog\/wp-content\/uploads\/2014\/thumbs\/thumbs_steveston_satama1.jpg\" alt=\"\" \/><\/a><a href=\"\/blog\/wp-content\/uploads\/2014\/steveston_satama2.jpg\"><img decoding=\"async\" style=\"border: 0px none; margin: 5px;\" src=\"\/blog\/wp-content\/uploads\/2014\/thumbs\/thumbs_steveston_satama2.jpg\" alt=\"\" \/><\/a><\/p>\n<p style=\"text-align: center;\"><em>Kalastajakyl\u00e4n satama<\/em><\/p>\n<p style=\"text-align: justify;\">Paluumatkalla autolle pys\u00e4hdyimme katsomaan hetkeksi Vancouverin lentokent\u00e4n vilkasta <a href=\"https:\/\/www.vuosiamaailmalla.fi\/?p=7697\">lentoliikennett\u00e4<\/a>. Muun muassa <em><a href=\"https:\/\/www.vuosiamaailmalla.fi\/?p=3924\">Air Canadan<\/a><\/em> koneita nousi jonossa ilmaan matkalle kohti kaukaisia maita Aasiassa, Euroopassa ja Oseaniassa. Lentokent\u00e4n ohessa sijaitsee my\u00f6s Fraser Riverin rannassa vesitasojen terminaali, jolta on vilkas lentoliikenne Vancouver Islandille sek\u00e4 rannikon sopukoihin.<\/p>\n<p style=\"text-align: center;\"><a href=\"\/blog\/wp-content\/uploads\/2014\/air_canada_767.jpg\"><img decoding=\"async\" style=\"border: 0px none; margin: 5px;\" src=\"\/blog\/wp-content\/uploads\/2014\/thumbs\/thumbs_air_canada_767.jpg\" alt=\"\" \/><\/a><a href=\"\/blog\/wp-content\/uploads\/2014\/air_canada_777.jpg\"><img decoding=\"async\" style=\"border: 0px none; margin: 5px;\" src=\"\/blog\/wp-content\/uploads\/2014\/thumbs\/thumbs_air_canada_777.jpg\" alt=\"\" \/><\/a><a href=\"\/blog\/wp-content\/uploads\/2014\/metrotown_richmondista.jpg\"><img decoding=\"async\" style=\"border: 0px none; margin: 5px;\" src=\"\/blog\/wp-content\/uploads\/2014\/thumbs\/thumbs_metrotown_richmondista.jpg\" alt=\"\" \/><\/a><\/p>\n<p style=\"text-align: center;\"><em>L\u00e4htev\u00e4\u00e4 ja saapuvaa lentoliikennett\u00e4<\/em><\/p>\n<p style=\"text-align: center;\"><a href=\"\/blog\/wp-content\/uploads\/2014\/yvr_etelaterminaali.jpg\"><img decoding=\"async\" style=\"border: 0px none; margin: 5px;\" src=\"\/blog\/wp-content\/uploads\/2014\/thumbs\/thumbs_yvr_etelaterminaali.jpg\" alt=\"\" \/><\/a><a href=\"\/blog\/wp-content\/uploads\/2014\/yvr1.jpg\"><img decoding=\"async\" style=\"border: 0px none; margin: 5px;\" src=\"\/blog\/wp-content\/uploads\/2014\/thumbs\/thumbs_yvr1.jpg\" alt=\"\" \/><\/a><\/p>\n<p style=\"text-align: center;\"><em>Vesitasoterminaali ja p\u00e4\u00e4rakennus<\/em><\/p>\n<p style=\"text-align: center;\"><a href=\"\/blog\/wp-content\/uploads\/2014\/yvr_panoraama1.jpg\"><img decoding=\"async\" style=\"border: 0px none; margin: 5px;\" src=\"\/blog\/wp-content\/uploads\/2014\/yvr_panoraama1_pieni.jpg\" alt=\"\" \/><\/a><a href=\"\/blog\/wp-content\/uploads\/2014\/yvr_panoraama2.jpg\"><img decoding=\"async\" style=\"border: 0px none; margin: 5px;\" src=\"\/blog\/wp-content\/uploads\/2014\/yvr_panoraama2_pieni.jpg\" alt=\"\" \/><\/a><\/p>\n<p style=\"text-align: center;\"><em>Vancouverin kansainv\u00e4linen lentokentt\u00e4<\/em><\/p>\n<p style=\"text-align: justify;\">Yhteens\u00e4 noin 18 kilometrin mittaiseksi venynyt sunnuntainen loppukes\u00e4n py\u00f6r\u00e4retkemme olikin mit\u00e4 onnistunein ja mahtava parituntinen upeissa merimaisemissa.<\/p>\n","protected":false},"excerpt":{"rendered":"<p>Kes\u00e4 ei vain hellit\u00e4 otettaan Vancouverista. Viime viikon sunnuntai oli lukuisten edellisten tapaan pilvet\u00f6n ja elohopea kohosi aina hellelukemiin saakka. Joten eikun j\u00e4lleen kerran py\u00f6r\u00e4t katolle ja suunnaksi ymp\u00e4r\u00f6iv\u00e4 valtava esikaupunkialue.<\/p>\n","protected":false},"author":1,"featured_media":10435,"comment_status":"open","ping_status":"open","sticky":false,"template":"","format":"standard","meta":{"_jetpack_memberships_contains_paid_content":false,"footnotes":""},"categories":[17,3,776,774],"tags":[34,935,752,189,782,783,781],"class_list":["post-3212","post","type-post","status-publish","format-standard","has-post-thumbnail","hentry","category-arki-kanadassa","category-arki-ulkomailla","category-pyoraily","category-ulkoilu","tag-arki","tag-kanada","tag-pyoraretki","tag-richmond","tag-richmond-steveston","tag-west-dyke-trail","tag-yvr"],"jetpack_featured_media_url":"https:\/\/www.vuosiamaailmalla.fi\/blog\/wp-content\/uploads\/west_dyke_trail_banner-1.jpg","jetpack_sharing_enabled":true,"_links":{"self":[{"href":"https:\/\/www.vuosiamaailmalla.fi\/blog\/wp-json\/wp\/v2\/posts\/3212","targetHints":{"allow":["GET"]}}],"collection":[{"href":"https:\/\/www.vuosiamaailmalla.fi\/blog\/wp-json\/wp\/v2\/posts"}],"about":[{"href":"https:\/\/www.vuosiamaailmalla.fi\/blog\/wp-json\/wp\/v2\/types\/post"}],"author":[{"embeddable":true,"href":"https:\/\/www.vuosiamaailmalla.fi\/blog\/wp-json\/wp\/v2\/users\/1"}],"replies":[{"embeddable":true,"href":"https:\/\/www.vuosiamaailmalla.fi\/blog\/wp-json\/wp\/v2\/comments?post=3212"}],"version-history":[{"count":3,"href":"https:\/\/www.vuosiamaailmalla.fi\/blog\/wp-json\/wp\/v2\/posts\/3212\/revisions"}],"predecessor-version":[{"id":12323,"href":"https:\/\/www.vuosiamaailmalla.fi\/blog\/wp-json\/wp\/v2\/posts\/3212\/revisions\/12323"}],"wp:featuredmedia":[{"embeddable":true,"href":"https:\/\/www.vuosiamaailmalla.fi\/blog\/wp-json\/wp\/v2\/media\/10435"}],"wp:attachment":[{"href":"https:\/\/www.vuosiamaailmalla.fi\/blog\/wp-json\/wp\/v2\/media?parent=3212"}],"wp:term":[{"taxonomy":"category","embeddable":true,"href":"https:\/\/www.vuosiamaailmalla.fi\/blog\/wp-json\/wp\/v2\/categories?post=3212"},{"taxonomy":"post_tag","embeddable":true,"href":"https:\/\/www.vuosiamaailmalla.fi\/blog\/wp-json\/wp\/v2\/tags?post=3212"}],"curies":[{"name":"wp","href":"https:\/\/api.w.org\/{rel}","templated":true}]}}