{"id":3242,"date":"2014-10-06T20:20:14","date_gmt":"2014-10-07T03:20:14","guid":{"rendered":"http:\/\/13.53.127.146\/?p=3242"},"modified":"2017-11-11T20:34:54","modified_gmt":"2017-11-12T04:34:54","slug":"kameralaitteisto-canon-eos-5d-mark-iii","status":"publish","type":"post","link":"https:\/\/www.vuosiamaailmalla.fi\/blog\/2014\/kameralaitteisto-canon-eos-5d-mark-iii\/","title":{"rendered":"Kameralaitteisto: Canon EOS 5D Mark III"},"content":{"rendered":"<p style=\"text-align: justify;\">Valokuvaus on kiinnostanut minua jo pitk\u00e4\u00e4n ja todellinen innostus alkoi siit\u00e4 kun ostin vuonna 2002 itselleni pienen <em>Canon Powershot A40<\/em> digitaalikameran. 3,2 megapikselin pikkupokkarin rajat tulivat nopeasti vastaan, mutta siit\u00e4 huolimatta se palveli koko opiskeluajan sek\u00e4 ensimm\u00e4iset <a title=\"Nelj\u00e4 vuotta Saksassa\" href=\"https:\/\/www.vuosiamaailmalla.fi\/?p=606\">pari vuotta<\/a> Saksassa. Mieless\u00e4 oli kuitenkin koko ajan paljon totisemman, oikean j\u00e4rjestelm\u00e4kameran ostaminen. Sen aika koitti Toronton matkallamme vuonna 2009, jolta tuli mukana kotiin <a title=\"Kameralaitteisto: Canon EOS 500D (Rebel T1i)\" href=\"https:\/\/www.vuosiamaailmalla.fi\/?p=2915\"><em>Canon EOS 500D<\/em><\/a> pienen kittilinssin kera. \ud83d\ude42<\/p>\n<p><!--more--><\/p>\n<p style=\"text-align: justify;\">Pokkarista kunnon kameraan siirtyminen sai minut innostumaan valokuvauksesta aivan uudella tavalla ja pian kittilinssin rajat n\u00e4hty\u00e4ni p\u00e4\u00e4tin panostaa kunnon ammattilaislinsseihin. Ensimm\u00e4isen\u00e4 kamerakalustoon liittyi <a title=\"Kameralaitteisto: Canon EF 70-200mm f\/4 L IS USM\" href=\"https:\/\/www.vuosiamaailmalla.fi\/?p=3016\"><em>Canon EF 70-200mm f\/4 L IS USM<\/em><\/a> telezoom-linssi, mink\u00e4 j\u00e4lkeen linssikokoelma on kasvanut huomattavasti lis\u00e4\u00e4. Huippulaatuisten linssien parittaminen halvan perusrungon kanssa oli pitk\u00e4\u00e4n tyydytt\u00e4v\u00e4 ratkaisu, sill\u00e4 hyv\u00e4laatuinen optiikka takasi tarkat ja s\u00e4vykk\u00e4\u00e4t valokuvat. Kuitenkin ongelmiakin oli, kuten aina silloin t\u00e4ll\u00f6in tarkennuksen ep\u00e4onnistuminen sek\u00e4 kroppirungon rajoittama laajan polttov\u00e4lin uupuminen.<\/p>\n<p style=\"text-align: justify;\">P\u00e4\u00e4tinkin joskus vuonna 2011, ett\u00e4 haluan t\u00e4ydent\u00e4\u00e4 kameralaitteistoani huippulaatuisella kamerarungolla ja valinta tulisi olemaan helppo. <em>Canonin<\/em> 5D-sarja on ollut todella suosittu ja kehuttu t\u00e4yden kennon ammattilaiskamera ja <em>Mark II<\/em> versio oli erityisesti videokuvaajien suuri suosikki. Koska kakkosmalli ilmestyi jo vuonna 2008, p\u00e4\u00e4tin j\u00e4\u00e4d\u00e4 odottamaan kolmosversiota, joka ilmestyikin vuonna 2012. Kyseinen vuosi oli kuitenkin el\u00e4m\u00e4ss\u00e4mme <a title=\"Seitsem\u00e4n vuotta maailmalla\" href=\"https:\/\/www.vuosiamaailmalla.fi\/?p=2297\">myllerrysten vuosi<\/a>, joten kameran ostaminen lykk\u00e4\u00e4ntyi lopulta kev\u00e4\u00e4seen 2013.<\/p>\n<p style=\"text-align: center;\"><a href=\"\/blog\/wp-content\/uploads\/2014\/canon_5d_mark_iii_1.jpg\"><img decoding=\"async\" style=\"border: 0px none; margin: 5px;\" src=\"\/blog\/wp-content\/uploads\/2014\/canon_5d_mark_iii_1.jpg\" alt=\"\" \/><\/a><\/p>\n<p style=\"text-align: center;\"><em>Canon EOS 5D&#8230;<\/em><\/p>\n<p style=\"text-align: justify;\">Niinp\u00e4 viimeiset puolitoista vuotta ensisijainen kamerani on ollut <em>Canon EOD 5D Mark III<\/em>, josta riitt\u00e4\u00e4 vain hyv\u00e4\u00e4 sanottavaa. Tietysti uutena 2500 euroa maksavalta pelk\u00e4lt\u00e4 kamerarungolta odottaakin paljon, mutta on pakko sanoa ett\u00e4 t\u00e4h\u00e4n saakka 5D Mark III on t\u00e4ytt\u00e4nyt kaikki odotukseni. \ud83d\ude2e<\/p>\n<p style=\"text-align: center;\"><a href=\"\/blog\/wp-content\/uploads\/2014\/canon_5d_mark_iii_2.jpg\"><img decoding=\"async\" style=\"border: 0px none; margin: 5px;\" src=\"\/blog\/wp-content\/uploads\/2014\/canon_5d_mark_iii_2.jpg\" alt=\"\" \/><\/a><\/p>\n<p style=\"text-align: center;\"><em>&#8230;Mark III<\/em><\/p>\n<p style=\"text-align: justify;\">Kaikkein suurin syy uuden kamerarungon hankintaan oli sen aivan eri tasolla oleva automaattitarkennus. Kun vanhassa 500D:ss\u00e4 kameran k\u00e4yt\u00f6ss\u00e4 on vain yhdeks\u00e4n tarkennuspistett\u00e4, on niit\u00e4 5D:ss\u00e4 per\u00e4ti 61. \u2757 T\u00e4m\u00e4 sek\u00e4 paljon uudempi tarkennuslogiikka tarkoittaa, ett\u00e4 kamera pystyy mittaamaan kohteen et\u00e4isyyden eritt\u00e4in tarkasti ja varmasti. Huomasin eron vanhaan v\u00e4litt\u00f6m\u00e4sti ja k\u00e4sitt\u00e4m\u00e4t\u00f6nt\u00e4 on my\u00f6s miten nopeasti tarkennus toimii vanhaan verrattuna. Tarkennuksen tarkkuudessakin on eroa, sill\u00e4 vanha runko ei pysty edes jalustalta\u00a0(itsell\u00e4ni mallia <a title=\"Kameralaitteisto: Gitzo GT2541 ja Arca Swiss Monoball Z1\" href=\"https:\/\/www.vuosiamaailmalla.fi\/?p=4345\"><em>Gitzo GT2541<\/em><\/a>) kuvatessa tarkentamaan kaikkein et\u00e4isimpiin kohteisiin t\u00e4ysin tarkasti, mik\u00e4 ei tuota ongelmia 5D:lle.<\/p>\n<p style=\"text-align: justify;\">Kaikkein selkeiten eron tarkennuksen varmuudessa huomaa <a href=\"https:\/\/www.vuosiamaailmalla.fi\/?p=7552\"><em>Canon EF 16-35mm f\/2.8 L II USM<\/em> laajakulmalinssill\u00e4ni<\/a>, joka oli 500D:lle aina haastava pala ja toisinaan jopa kolmasosa kuvista muodostui ep\u00e4tarkaksi. Erityisen haastavaa oli kuvaaminen vastavalossa, mutta 5D:lle kumpikaan tilanne ei tuota ongelmia. Toki 5D:nkin kanssa voi joskus ottaa ep\u00e4tarkkoja valokuvia, mutta yleens\u00e4 t\u00e4ll\u00f6in valotusolosuhteet ovat eritt\u00e4in haastavat ja itse valotusaika aiheuttaa ep\u00e4tarkkuuden, eik\u00e4 tarkennuksen ep\u00e4onnistuminen.<\/p>\n<p style=\"text-align: justify;\">Olen eritt\u00e4in ilahtunut ett\u00e4 t\u00e4m\u00e4 kaikkein t\u00e4rkein ostoskriteerini t\u00e4yttyi uuden kameran my\u00f6t\u00e4. Toiseksi merkitt\u00e4vin ostop\u00e4\u00e4t\u00f6kseeni vaikuttanut seikka oli jo mainitsemani t\u00e4yden kennon tuoma &#8221;laajuus&#8221;. Kroppirunko nimitt\u00e4in tuo kameran polttov\u00e4liin mallista riippuen 1,3-1,6 kertaisen lis\u00e4n, mik\u00e4 tarkoittaa ett\u00e4 esimerkiksi yleislinssini\u00a0<a title=\"Kameralaitteisto: Canon EF 24-70mm f\/2.8 L USM\" href=\"https:\/\/www.vuosiamaailmalla.fi\/?p=2927\"><em>Canon EF 24-70mm f\/2.8 L USM<\/em><\/a> polttov\u00e4li onkin todellisuudessa 24-70 millimetrin sijaan 38-112mm. Pidentyneess\u00e4 et\u00e4isyydest\u00e4 on iloa telezoomilla kuvatessa, mutta laajakulmalinssille se on myrkky\u00e4. Itse kuvaan paljon <a title=\"Trump Tower Vancouver 39 kerrosta\" href=\"https:\/\/www.vuosiamaailmalla.fi\/?p=3158\">korkeita rakennuksia<\/a> ja aavoja kaupunkimaisemia, joten 500D:n kanssa oli usein tilanteita jossa oli yksinkertaisesti mahdotonta mahduttaa kuvaan koko kohdetta. \ud83d\ude15<\/p>\n<p style=\"text-align: center;\"><a href=\"\/blog\/wp-content\/uploads\/2014\/canon_ef_24-70mm_f28l_usm1.jpg\"><img decoding=\"async\" style=\"border: 0px none; margin: 5px;\" src=\"\/blog\/wp-content\/uploads\/2014\/canon_ef_24-70mm_f28l_usm1.jpg\" alt=\"\" \/><\/a><\/p>\n<p style=\"text-align: center;\"><em>Yleislinssin parina<\/em><\/p>\n<p style=\"text-align: justify;\">T\u00e4m\u00e4 korjaantui uuden kameran my\u00f6t\u00e4 kertarys\u00e4yksell\u00e4 ja 5D:ll\u00e4 kuvatessa kuvaan mahtuu aivan k\u00e4sitt\u00e4m\u00e4tt\u00f6m\u00e4n aavoja n\u00e4kymi\u00e4 jopa ahtaissa sis\u00e4tiloissa. T\u00e4ll\u00e4kin on toki seurauksensa ja ultra-laajakulmaisella linssill\u00e4 kuvatessa kuva kiertyy voimakkaaasti ja korkeat talot &#8221;kaatuvat&#8221; voimakkaasti. Efekti on tietenkin toisinaan t\u00e4ysin haluttu, mutta joskus harmillinen ja vaatii j\u00e4lkik\u00e4teen korjausta kuvaa k\u00e4sitelt\u00e4ess\u00e4. T\u00e4m\u00e4 ei kuitenkaan ole mitenk\u00e4\u00e4n itse rungon vika ja riippuu t\u00e4ysin k\u00e4ytett\u00e4v\u00e4st\u00e4 linssist\u00e4. Yleis- tai zoomilinsseill\u00e4 kuvassa ei tietenk\u00e4\u00e4n ole mink\u00e4\u00e4nlaista v\u00e4\u00e4ristym\u00e4\u00e4.<\/p>\n<p style=\"text-align: center;\"><a href=\"\/blog\/wp-content\/uploads\/2014\/canon_5d_mark_iii_5.jpg\"><img decoding=\"async\" style=\"border: 0px none; margin: 5px;\" src=\"\/blog\/wp-content\/uploads\/2014\/canon_5d_mark_iii_5.jpg\" alt=\"\" \/><\/a><\/p>\n<p style=\"text-align: center;\"><em>Edest\u00e4 n\u00e4htyn\u00e4<br \/>\n<\/em><\/p>\n<p style=\"text-align: justify;\">Kolmas merkitt\u00e4v\u00e4 tekij\u00e4 on kennon &#8221;v\u00e4riherkkyys&#8221;, mik\u00e4 tuottaa eritt\u00e4in s\u00e4vykk\u00e4it\u00e4 valokuvia. Kuvien s\u00e4vyiss\u00e4 on miellytt\u00e4v\u00e4\u00e4 kontrastia ja on pakko sanoa, ett\u00e4 kesti pienen hetken tottua uuteen s\u00e4vymaailmaan. Mutta nyt kun siihen on tottunut, tuntuvat vanhalla rungolla otetut valokuvat hailakoilta. Itse asiassa 5D:n kuvat ovat mielest\u00e4ni niin miellytt\u00e4vi\u00e4, ett\u00e4 niit\u00e4 tarvitsee j\u00e4lkik\u00e4sitell\u00e4 vain kevyesti. J\u00e4lkik\u00e4sittelyll\u00e4 saa valokuvista aina enemm\u00e4n irti, mutta nyt sen tarve on monesti hyvin kevytt\u00e4.<\/p>\n<p style=\"text-align: justify;\">Erikoismaininnan ansaitsee my\u00f6s 5D:n JPEG-pakkausalgoritmi, joka tuottaa niin miellytt\u00e4vi\u00e4 kuvia, ett\u00e4 olen tuntenut sangen v\u00e4h\u00e4n tarvetta kuvata RAW:ina. Oikeastaan kuvaan RAW:ina ainoastaan tietynlaisissa olosuhteissa, kuten mets\u00e4ss\u00e4, auringonlaskun aikaan sek\u00e4 muualla miss\u00e4 kontrastierot saattavat vaatia voimakkaampaa j\u00e4lkik\u00e4sittely\u00e4. Joku hifisti voi toki kokea tarvetta kuvata 5D:ll\u00e4kin kaikken RAW:ina, mutta itse olen todennut sen turhaksi kiintolevytilan haaskaamiseksi monin paikoin. \ud83d\udca1<\/p>\n<p style=\"text-align: justify;\">5D Mark III sis\u00e4lt\u00e4\u00e4 tietysti satoja ellei jopa tuhansia pieni\u00e4 ominaisuuksia, jotka mahdollistavat melkeinp\u00e4 rajattomat mahdollisuudet. Puolentoista vuoden aikana olen kerennyt vasta raapaista kameran ominaisuuslistan pintaa, mutta mainitsen seuraavassa muutaman k\u00e4tev\u00e4ksi osoittautuneen ominaisuuden 5D Mark III:ssa.<\/p>\n<p style=\"text-align: center;\"><a href=\"\/blog\/wp-content\/uploads\/2014\/canon_5d_mark_iii_6.jpg\"><img decoding=\"async\" style=\"border: 0px none; margin: 5px;\" src=\"\/blog\/wp-content\/uploads\/2014\/canon_5d_mark_iii_6.jpg\" alt=\"\" \/><\/a><\/p>\n<p style=\"text-align: center;\"><em>Kamerarunko p\u00e4\u00e4lt\u00e4<\/em><\/p>\n<p style=\"text-align: justify;\">Kameran sis\u00e4\u00e4nrakennettu HDR-kuvaus on hauska toiminto, mutta on pakko sanoa ett\u00e4 olen v\u00e4hent\u00e4nyt sen k\u00e4ytt\u00f6\u00e4 paljon alun innostuksen j\u00e4lkeen. Syy on ett\u00e4 pid\u00e4n normaalisti tarkoista ja mahdollisimman totuudenmukaisista valokuvista ja HDR:n v\u00e4rimaailma (eritoten \u00e4\u00e4rimmilleen vietyn\u00e4) ei miellyt\u00e4 silm\u00e4\u00e4ni. On kuitenkin k\u00e4tev\u00e4\u00e4, ett\u00e4 omainaisuus l\u00f6ytyy kamerasta sis\u00e4\u00e4nrakennettuna.<\/p>\n<p style=\"text-align: justify;\">Kameran LCD-n\u00e4ytt\u00f6 on \u00e4\u00e4rimm\u00e4isen tarkka ja 32 gigatavun nopealla UDMA7-muistikortilla kuvatessa kuvien selaaminen on \u00e4\u00e4rett\u00f6m\u00e4n nopeaa. Kamera pystyy my\u00f6s ottamaan per\u00e4ti 6 kuvaa sekunnissa, mutta t\u00e4m\u00e4 on itselleni t\u00e4ysin tarpeeton ominaisuus, koska en kuvaa urheilutapahtumia, miss\u00e4 omaisuudesta on eniten hy\u00f6ty\u00e4. 100%:in etsin on kuitenkin mukava asia, sill\u00e4 nyt etsimen l\u00e4pi n\u00e4hty on tarkalleen tallentuva valokuva.<\/p>\n<p style=\"text-align: center;\"><a href=\"\/blog\/wp-content\/uploads\/2014\/canon_5d_mark_iii_4.jpg\"><img decoding=\"async\" style=\"border: 0px none; margin: 5px;\" src=\"\/blog\/wp-content\/uploads\/2014\/canon_5d_mark_iii_4.jpg\" alt=\"\" \/><\/a><\/p>\n<p style=\"text-align: center;\"><em>Tarkka joskin likainen n\u00e4ytt\u00f6<\/em> \ud83d\ude44<\/p>\n<p style=\"text-align: justify;\">Kameran kennon 22,1 megapikseli\u00e4 saattavat tuntua pienelt\u00e4 <a title=\"Kameralaitteisto: Nokia Lumia 1020\" href=\"https:\/\/www.vuosiamaailmalla.fi\/?p=2522\"><em>Nokia Lumia 1020<\/em><\/a> 41 megapikseliin verrattuna, mutta resoluution on enemm\u00e4n kuin riitt\u00e4v\u00e4. Uskomattoman v\u00e4h\u00e4kohinainen ISO-herkkyys on t\u00e4t\u00e4 paljon merkitt\u00e4v\u00e4mpi ominaisuus esimerkiksi Havajilla Linnunrataa tai <a title=\"Othello Tunnels\" href=\"https:\/\/www.vuosiamaailmalla.fi\/?p=3170\">Othello Tunnelsilla<\/a> k\u00e4sivaralla kuvatessa. \ud83d\ude42<\/p>\n<p style=\"text-align: justify;\">My\u00f6s kameran video-omaisuudet ovat loistavat. Vaikka t\u00e4m\u00e4 saattaakin olla monelle 5D Mark III:sen ostajalle se kaikkein t\u00e4rkein ominaisuus, on t\u00e4ll\u00e4 minulle sangen v\u00e4h\u00e4n merkityst\u00e4. Olen nimitt\u00e4in t\u00e4ysin aloitteleva videokuvaaja ja videokuvaus on ihan oma maailmansa, johon minulla ei ole aikaa eik\u00e4 niin kiinnostustakaan perehty\u00e4. Toki kameralla tulee aina v\u00e4lill\u00e4 kuvattua videotakin, mutta n\u00e4in tulee tehty\u00e4 niin harvoin, etten keksi siit\u00e4 mit\u00e4\u00e4n mainitsemisen arvoista ja suosittelenkin perehtym\u00e4\u00e4n t\u00e4h\u00e4n puoleen toisaalla.<\/p>\n<p style=\"text-align: justify;\">Viimeinen, muttei miss\u00e4\u00e4n nimess\u00e4 v\u00e4h\u00e4isin fyysinen ominaisuus on kamerarungon j\u00e4m\u00e4kk\u00e4 rakenne sek\u00e4 miellytt\u00e4v\u00e4 paino. Magnesiumrunko tuntuu k\u00e4siss\u00e4 hyv\u00e4lt\u00e4 ja kest\u00e4v\u00e4lt\u00e4 ja 860 gramman painoon tottuu nopeasti. 5D:n k\u00e4sittelyn j\u00e4lkeen 475 grammaa painava 500D tuntuukin heppoiselta ja kovin muoviselta. Painolla on my\u00f6s kuvaukseen vaikuttava merkitys, sill\u00e4 painavien huippulinssien kanssa kuvatessa kokonaisuus tuntuu tasapainoisemmalta, kun rungollakin on hieman painoa. Vaikka linssin kanssa yhteispaino l\u00e4heneekin v\u00e4h\u00e4n linssist\u00e4 riippuen kahta kiloa, ei se ole silti mink\u00e4\u00e4nlainen este hankinnalle. J\u00e4rkk\u00e4rin kantaminen jokaiseen niemeen ja notkelmaan vaatii kuitenkin aina motivaatiota, mik\u00e4 ei muutu oli painoa v\u00e4h\u00e4n tai paljon. Lis\u00e4paino onkin t\u00e4ss\u00e4 mieless\u00e4 vain plussaa. \ud83d\udca1<\/p>\n<p style=\"text-align: center;\"><a href=\"\/blog\/wp-content\/uploads\/2014\/canon_5d_mark_iii_3.jpg\"><img decoding=\"async\" style=\"border: 0px none; margin: 5px;\" src=\"\/blog\/wp-content\/uploads\/2014\/canon_5d_mark_iii_3.jpg\" alt=\"\" \/><\/a><\/p>\n<p style=\"text-align: center;\"><em>Kookas Canon EOS 5D Mark III<\/em><\/p>\n<p style=\"text-align: justify;\">Kirjoitukseni perusteella Canon EOS 5D Mark III voi vaikuttaa melko t\u00e4ydelliselt\u00e4 kamerarungolta ja minun onkin pakko sanoa, etten ole keksinyt siit\u00e4 viel\u00e4 mit\u00e4\u00e4n huonoa puolta. Se on juuri sit\u00e4 mit\u00e4 silt\u00e4 odotinkin ja taitojen karttuessa se tulee olemaan aina vain enemm\u00e4n. On pakko my\u00f6nt\u00e4\u00e4, ett\u00e4 olin yll\u00e4ttynyt miten paljon huippulaatuinen kamerarunko voi viel\u00e4 lis\u00e4t\u00e4 lopputulokseen jo huippulaatuisen optiikan p\u00e4\u00e4lle. N\u00e4in kuitenkin on ja on pakko sanoa ett\u00e4 paluu halvempaan olisi eritt\u00e4in vaikea. Tottakai ymm\u00e4rr\u00e4n ett\u00e4 vain harva tarvitsee n\u00e4in kallista kameraa valokuvaukseen, mutta jos on innostunut valokuvauksesta ja raha ei ole este, suosittelen ehdottomasti sellaisen harkintaa. Kokemukseni perusteella kameralaitteistoon panostettavalle rahalle saa hyvin vastinetta ja kyse on vain siit\u00e4 miten korkealle riman haluaa asettaa.<\/p>\n<p style=\"text-align: center;\"><a href=\"\/blog\/wp-content\/uploads\/2014\/canon_ef_70-200mm_f4l_is_usm3.jpg\"><img decoding=\"async\" style=\"border: 0px none; margin: 5px;\" src=\"\/blog\/wp-content\/uploads\/2014\/canon_ef_70-200mm_f4l_is_usm3.jpg\" alt=\"\" \/><\/a><\/p>\n<p style=\"text-align: center;\"><em>Telezoom-linssi tuo pituutta<\/em><\/p>\n<p style=\"text-align: justify;\">Canon 5D on merkin toiseksi paras ammattilaiskategoria. En kuitenkaan tunne mink\u00e4\u00e4nlaista tarvetta astua en\u00e4\u00e4 kaikkein kalleimpaan 1D:n maailmaan, vaikka voinkin uskoa kyseisen rungon hiovan kaikki yksityiskohtia viel\u00e4 hitusen pidemm\u00e4lle. 5D on kuitenkin \u00e4\u00e4rimm\u00e4isen monipuolinen kamerarunko ja minulle paras mahdollinen ykk\u00f6skamera. Kakkoskameran asema on kuitenkin t\u00e4t\u00e4 kirjoittaessa viel\u00e4 auki ja voikin olla, ett\u00e4 5D:n ominaisuuksien innoittamana tulen p\u00e4ivitt\u00e4m\u00e4\u00e4n Canon EOS 500D:n tulevaisuudessa astetta uudenaikaisempaan. <a href=\"https:\/\/www.vuosiamaailmalla.fi\/?tag=kameralaitteisto\">Nykyinen kameralaitteistoni<\/a> on l\u00e4hell\u00e4 t\u00e4ydellisyytt\u00e4, mutta pient\u00e4 t\u00e4ydennett\u00e4v\u00e4\u00e4 l\u00f6ytyy siis edelleen. Tai pit\u00e4isik\u00f6h\u00e4n sanoa: aina. \ud83d\ude42<\/p>\n<p style=\"text-align: justify;\"><em>Valokuvaus on yksi t\u00e4m\u00e4n blogin sivuteema ja ottamiamme valokuvia on n\u00e4ytill\u00e4 tuhansia. Lieneekin paikallaan lausua muutama sana k\u00e4ytt\u00f6ss\u00e4mme olevasta <a href=\"https:\/\/www.vuosiamaailmalla.fi\/?tag=kameralaitteisto\">kuvaslaitteistosta<\/a>. Tarkoitus ei ole esitell\u00e4 tarkkaan mit\u00e4\u00e4n laitteiston osaa, sill\u00e4 t\u00e4m\u00e4n tekev\u00e4t paljon paremmin netin kymmenet kamerasivustot (<\/em><a href=\"http:\/\/the-digital-picture.com\/\"><em>t\u00e4ss\u00e4<\/em><\/a><em> er\u00e4s itse\u00e4ni miellytt\u00e4v\u00e4). Sen sijaan kerron k\u00e4yt\u00e4nn\u00f6nl\u00e4heisesti omista k\u00e4ytt\u00f6kokemuksestani ja huomioistani pitk\u00e4n k\u00e4yt\u00f6n j\u00e4lkeen.<\/em><\/p>\n","protected":false},"excerpt":{"rendered":"<p>Valokuvaus on kiinnostanut minua jo pitk\u00e4\u00e4n ja todellinen innostus alkoi siit\u00e4 kun ostin vuonna 2002 itselleni pienen Canon Powershot A40 digitaalikameran. 3,2 megapikselin pikkupokkarin rajat tulivat nopeasti vastaan, mutta siit\u00e4 huolimatta se palveli koko opiskeluajan sek\u00e4 ensimm\u00e4iset pari vuotta Saksassa. Mieless\u00e4 oli kuitenkin koko ajan paljon totisemman, oikean j\u00e4rjestelm\u00e4kameran ostaminen. Sen aika koitti Toronton matkallamme &hellip; <a href=\"https:\/\/www.vuosiamaailmalla.fi\/blog\/2014\/kameralaitteisto-canon-eos-5d-mark-iii\/\" class=\"more-link\">Jatka lukemista<span class=\"screen-reader-text\"> &#8221;Kameralaitteisto: Canon EOS 5D Mark III&#8221;<\/span><\/a><\/p>\n","protected":false},"author":1,"featured_media":9317,"comment_status":"open","ping_status":"open","sticky":false,"template":"","format":"standard","meta":{"_jetpack_memberships_contains_paid_content":false,"footnotes":""},"categories":[6],"tags":[731,790,651],"class_list":["post-3242","post","type-post","status-publish","format-standard","has-post-thumbnail","hentry","category-laitteita-ja-vempaimia","tag-canon","tag-canon-eos-5d-mark-iii","tag-kameralaitteisto"],"jetpack_featured_media_url":"https:\/\/www.vuosiamaailmalla.fi\/blog\/wp-content\/uploads\/canon_5d_mark_iii_banner.jpg","jetpack_sharing_enabled":true,"_links":{"self":[{"href":"https:\/\/www.vuosiamaailmalla.fi\/blog\/wp-json\/wp\/v2\/posts\/3242","targetHints":{"allow":["GET"]}}],"collection":[{"href":"https:\/\/www.vuosiamaailmalla.fi\/blog\/wp-json\/wp\/v2\/posts"}],"about":[{"href":"https:\/\/www.vuosiamaailmalla.fi\/blog\/wp-json\/wp\/v2\/types\/post"}],"author":[{"embeddable":true,"href":"https:\/\/www.vuosiamaailmalla.fi\/blog\/wp-json\/wp\/v2\/users\/1"}],"replies":[{"embeddable":true,"href":"https:\/\/www.vuosiamaailmalla.fi\/blog\/wp-json\/wp\/v2\/comments?post=3242"}],"version-history":[{"count":0,"href":"https:\/\/www.vuosiamaailmalla.fi\/blog\/wp-json\/wp\/v2\/posts\/3242\/revisions"}],"wp:featuredmedia":[{"embeddable":true,"href":"https:\/\/www.vuosiamaailmalla.fi\/blog\/wp-json\/wp\/v2\/media\/9317"}],"wp:attachment":[{"href":"https:\/\/www.vuosiamaailmalla.fi\/blog\/wp-json\/wp\/v2\/media?parent=3242"}],"wp:term":[{"taxonomy":"category","embeddable":true,"href":"https:\/\/www.vuosiamaailmalla.fi\/blog\/wp-json\/wp\/v2\/categories?post=3242"},{"taxonomy":"post_tag","embeddable":true,"href":"https:\/\/www.vuosiamaailmalla.fi\/blog\/wp-json\/wp\/v2\/tags?post=3242"}],"curies":[{"name":"wp","href":"https:\/\/api.w.org\/{rel}","templated":true}]}}