{"id":3266,"date":"2006-12-04T22:24:28","date_gmt":"2006-12-05T06:24:28","guid":{"rendered":"http:\/\/13.53.127.146\/?p=3266"},"modified":"2023-10-15T20:47:02","modified_gmt":"2023-10-16T03:47:02","slug":"viikonloppu-jouluisessa-bremenissa","status":"publish","type":"post","link":"https:\/\/www.vuosiamaailmalla.fi\/blog\/2006\/viikonloppu-jouluisessa-bremenissa\/","title":{"rendered":"Viikonloppu jouluisessa Bremeniss\u00e4"},"content":{"rendered":"<p style=\"text-align: justify;\">Toteutimme tuossa viikko sitten Niinan kanssa ensimm\u00e4isen viikonloppumatkamme Saksan sis\u00e4ll\u00e4. \ud83d\ude1b Kohde valittiin kolmesta parinsadan kilometrin s\u00e4teell\u00e4 sijaitsevasta vaihtoehdosta ja voittajaksi selviytyi Pohjois-Saksan puolella sijaitseva 550 000 asukkaan Bremen. Bremen vieh\u00e4tti kohteena meit\u00e4 molempia, sill\u00e4 luvassa oli sangen kaunista syyskeli\u00e4 ja ajatus viett\u00e4\u00e4 spontaani viikonloppu romanttisissa tunnelmissa vanhassa hansakaupungissa kiinnosti molempia.<\/p>\n<p><!--more--><\/p>\n<p style=\"text-align: justify;\">P\u00e4\u00e4t\u00f6s viikonloppu reissusta syntyi todellakin aika spontaanisti, nimitt\u00e4in Suomesta vain viikkoa aiemmin saapuneiden vieraiden aikaan tuumasimme, ett\u00e4 jonnekin Saksan sis\u00e4ll\u00e4 pit\u00e4\u00e4 l\u00e4hte\u00e4 k\u00e4ym\u00e4\u00e4n viel\u00e4 ennen joulua. Niin sit\u00e4 sitten tiistaina k\u00e4ytiin ostamassa junaliput Bremeniin ja takaisin. Koska olimme hyviss\u00e4 ajoin liikkeell\u00e4, saimme edestakaiset liput kahdelle nopeilla junilla vain 70 eurolla. T\u00e4m\u00e4 on sangen hyv\u00e4 hinta, sill\u00e4 normaalisti hinta olisi ollut pari kertaa enemm\u00e4n.<\/p>\n<p style=\"text-align: justify;\">Koska meill\u00e4 on vapaata opiskelusta joka viikko pe-ma, l\u00e4hdimme matkaan aikaisin perjantaiaamuna. Pakkasimme mukaan vain pienen k\u00e4simatkatavaralaukun sek\u00e4 koulureppuni. Eip\u00e4 sit\u00e4 tavaraa kolmen p\u00e4iv\u00e4n reissulle sen enemp\u00e4\u00e4 tarvinnutkaan ja ehk\u00e4p\u00e4 tuossakin oli jo hieman liikaa. Matkaan p\u00e4\u00e4stiin hyvin ja kahden tunnin matka Bremeniin kulki kauniissa auringonpaisteessa. Maasto Ruhrin seudulta pohjoiseen on todella laakeaa peltomaisemaa ja n\u00e4immekin matkalla runsaasti peltoja, metsik\u00f6it\u00e4 sek\u00e4 tuulivoimaloita. N\u00e4ist\u00e4 viimeisi\u00e4 on Pohjois-Saksassa todella runsaasti.<\/p>\n<p style=\"text-align: center;\"><a href=\"\/blog\/wp-content\/uploads\/2006\/bremenin_paarautatieasema.jpg\"><img decoding=\"async\" style=\"border: 0px none; margin: 5px;\" src=\"\/blog\/wp-content\/uploads\/2006\/bremenin_paarautatieasema.jpg\" alt=\"\" \/><\/a><\/p>\n<p style=\"text-align: center;\"><em>Bremening p\u00e4\u00e4rautatieasema<\/em><\/p>\n<p style=\"text-align: justify;\">Bremeniin saavuimme yhdentoista kieppeill\u00e4. Emme olleet tehneet etuk\u00e4teen mit\u00e4\u00e4n hotellivarauksia, joten aloimme etsim\u00e4\u00e4n majoitusta. Hintataso kaupungissa tuntui olevan miellytt\u00e4v\u00e4ll\u00e4 tasolla ja p\u00e4\u00e4dyimme lopulta 59 euroa y\u00f6lt\u00e4 kustantavaan <em>Hotel Ibikseen<\/em>. Olimme y\u00f6pyneet kyseisen ketjun hotellissa aiemmin interreilill\u00e4mme Bordeauxissa, Etel\u00e4-Ranskassa. Ketjuhotellien hyvi\u00e4 puolia ovat selv\u00e4t s\u00e4\u00e4nn\u00f6t, varmasti siistit ja uudenaikaiset huoneet sek\u00e4 yleens\u00e4 keskeinen sijainti. N\u00e4in oli t\u00e4ll\u00e4kin kertaa ja saimme ylimm\u00e4n kuudennen kerroksen juuri remontoidun huoneen. Aamupalaa hintaan ei kuulunut ja Bremenin kaikissa hotelleissa aamupalan osuus oli sangen korkeat 7-12 euroa. Se oli meist\u00e4 paljon ja suoritimmekin aamupalan sy\u00f6nnin eri ruokapaikoissa kaupungilla (t\u00e4ll\u00e4 kertaa nyt ei kuitenkaan pelk\u00e4st\u00e4\u00e4n <em>McDonaldseissa<\/em>&#8230;).<\/p>\n<p style=\"text-align: justify;\">Perjantai oli vasta keskip\u00e4iv\u00e4ss\u00e4, kun l\u00e4hdimme tutkimaan kaupunkia. Bremen on 1200 vuotta vanha entinen hansakaupunki, mik\u00e4 n\u00e4kyy kaikkialla. Kaupungissa on sangen suuri satama, joka sijaitsee kaupungin l\u00e4pi kulkevan Weser-joen alajuoksulla. Kaupunki on rakentunut joen molemmin puolin ja vanha keskusta sek\u00e4 kaikki kauppakadut sijaitsevat isohkolla saarella, jonka ymp\u00e4rilt\u00e4 Weser hiljalleen virtaa. Bremen on yksi Saksan kolmesta &#8221;kaupunkiosavaltiosta&#8221; (kaksi muuta ovat Saksan suurimmat kaupungit <a title=\"Berliinin hyv\u00e4t puolet\" href=\"https:\/\/www.vuosiamaailmalla.fi\/?p=314\">Berliini<\/a> ja Hampuri). Kaupungin vaikutusalueella asuu rapiat 2,4 miljoonaa ihmist\u00e4. Lis\u00e4ksi 1,7 miljoonan asukkaan Hampuriin on matkaa vain noin 70 kilometri\u00e4 eli kyseess\u00e4 on isohko kaupunkialue, vaikka Pohjois-Saksa ei olekaan Ruhrin alueen veroinen v\u00e4est\u00f6keskittym\u00e4.<\/p>\n<p style=\"text-align: justify;\">Bremenin keskustasaarta ymp\u00e4r\u00f6iv\u00e4t puistokaistaleet, joissa pystyy k\u00e4velem\u00e4\u00e4n veden \u00e4\u00e4rell\u00e4. Autotiet kulkevat kauempana, joten rannalla on sangen rauhaisi k\u00e4vell\u00e4. Tunnelma olikin aurinkoisena syysp\u00e4iv\u00e4n\u00e4 keltaisten lehtien keskell\u00e4 ihana. Bremeniss\u00e4 sijaitsee my\u00f6s paljon kouluja, joista yksi on taidekorkeakoulu. Koulun olemassaolo n\u00e4kyy selv\u00e4sti kaupungin kaduilla, sill\u00e4 erilaisia veistoksia, maalauksia ja muuta taidetta on v\u00e4h\u00e4n joka puolella. Teokset ovat paikoin todella upeita ja sopivat hyvin t\u00e4ydent\u00e4m\u00e4\u00e4n kaupungin historiallisia kulmauksia.<\/p>\n<p style=\"text-align: center;\"><a href=\"\/blog\/wp-content\/uploads\/2006\/puistossa2.jpg\"><img decoding=\"async\" style=\"border: 0px none; margin: 5px;\" src=\"\/blog\/wp-content\/uploads\/2006\/thumbs\/thumbs_puistossa2.jpg\" alt=\"\" \/><\/a><a href=\"\/blog\/wp-content\/uploads\/2006\/puistossa1.jpg\"><img decoding=\"async\" style=\"border: 0px none; margin: 5px;\" src=\"\/blog\/wp-content\/uploads\/2006\/thumbs\/thumbs_puistossa1.jpg\" alt=\"\" \/><\/a><\/p>\n<p style=\"text-align: center;\"><em>K\u00e4velyll\u00e4 rantapuistossa<\/em><\/p>\n<p style=\"text-align: center;\"><a href=\"\/blog\/wp-content\/uploads\/2006\/bremen_keskustaa1.jpg\"><img decoding=\"async\" style=\"border: 0px none; margin: 5px;\" src=\"\/blog\/wp-content\/uploads\/2006\/thumbs\/thumbs_bremen_keskustaa1.jpg\" alt=\"\" \/><\/a><a href=\"\/blog\/wp-content\/uploads\/2006\/possujen_kanssa.jpg\"><img decoding=\"async\" style=\"border: 0px none; margin: 5px;\" src=\"\/blog\/wp-content\/uploads\/2006\/thumbs\/thumbs_possujen_kanssa.jpg\" alt=\"\" \/><\/a><\/p>\n<p style=\"text-align: center;\"><em>Katutaidetta Bremeniss\u00e4<\/em><\/p>\n<p style=\"text-align: justify;\">Istuttuamme hetken pienen kukkulan laella sijaitsevalla puistonpenkill\u00e4 auringosta nauttien, suuntasimme keskustaan. Tarkemmin sanottuna suuntasimme <em>Schnoorin<\/em> kortteliin, joka on sodan tuhoilta s\u00e4\u00e4stynyt eritt\u00e4in vanha kaupunginosa. Kaikki talot muutamien kortteleiden matkalta ovat todella pieni\u00e4; pienimmill\u00e4\u00e4n vain reilut kaksi metri\u00e4 leveydelt\u00e4\u00e4n. Talot n\u00e4ytt\u00e4v\u00e4t hyvin vanhoilta ja niiss\u00e4 on kaikissa k\u00e4sity\u00f6myym\u00e4l\u00f6it\u00e4, kahviloita sek\u00e4 ravintoloita. Talot on rakennettu joko vieriviereen tai sitten vain reilun puolen metrin p\u00e4\u00e4h\u00e4n toisistaan! N\u00e4iss\u00e4 v\u00e4lik\u00f6iss\u00e4 kulkee k\u00e4velyreittej\u00e4, joissa saa oikeasti hengitt\u00e4\u00e4 sis\u00e4\u00e4n, kun yritt\u00e4\u00e4 mahtua kapeikkojen l\u00e4vitse. Talojen v\u00e4leiss\u00e4 kasvaa my\u00f6s vanhoja puita, mik\u00e4 tekee kokonaisuudessa todella hienon ja vaikka kokoa onkin vain muutama kortteli, pystyy pienenpienill\u00e4 sis\u00e4pihoilla siirtym\u00e4\u00e4n ihan toisen vuosisadan tunnelmiin. Meille n\u00e4m\u00e4 maisemat olivat jotain aivan uutta ja emme ole sellaisiin mill\u00e4\u00e4n aikaisemmalla matkoilla viel\u00e4 t\u00f6rm\u00e4nneet. Jo t\u00e4m\u00e4n takia matkakohde oli onnistunut valinta.<\/p>\n<p style=\"text-align: center;\"><a href=\"\/blog\/wp-content\/uploads\/2006\/bremen_keskustaa5.jpg\"><img decoding=\"async\" style=\"border: 0px none; margin: 5px;\" src=\"\/blog\/wp-content\/uploads\/2006\/thumbs\/thumbs_bremen_keskustaa5.jpg\" alt=\"\" \/><\/a><a href=\"\/blog\/wp-content\/uploads\/2006\/bremen_keskustaa4.jpg\"><img decoding=\"async\" style=\"border: 0px none; margin: 5px;\" src=\"\/blog\/wp-content\/uploads\/2006\/thumbs\/thumbs_bremen_keskustaa4.jpg\" alt=\"\" \/><\/a><a href=\"\/blog\/wp-content\/uploads\/2006\/nayteikkuna.jpg\"><img decoding=\"async\" style=\"border: 0px none; margin: 5px;\" src=\"\/blog\/wp-content\/uploads\/2006\/thumbs\/thumbs_nayteikkuna.jpg\" alt=\"\" \/><\/a><\/p>\n<p style=\"text-align: center;\"><em>Schnoorin katuja ja n\u00e4yteikkunoita<\/em><\/p>\n<p style=\"text-align: center;\"><a href=\"\/blog\/wp-content\/uploads\/2006\/keskustan_kartta.jpg\"><img decoding=\"async\" style=\"border: 0px none; margin: 5px;\" src=\"\/blog\/wp-content\/uploads\/2006\/keskustan_kartta.jpg\" alt=\"\" \/><\/a><\/p>\n<p style=\"text-align: center;\"><em>Keskustan kartta<\/em><\/p>\n<p style=\"text-align: center;\"><a href=\"\/blog\/wp-content\/uploads\/2006\/bremen_keskustaa12.jpg\"><img decoding=\"async\" style=\"border: 0px none; margin: 5px;\" src=\"\/blog\/wp-content\/uploads\/2006\/thumbs\/thumbs_bremen_keskustaa12.jpg\" alt=\"\" \/><\/a><a href=\"\/blog\/wp-content\/uploads\/2006\/bremen_keskustaa3.jpg\"><img decoding=\"async\" style=\"border: 0px none; margin: 5px;\" src=\"\/blog\/wp-content\/uploads\/2006\/thumbs\/thumbs_bremen_keskustaa3.jpg\" alt=\"\" \/><\/a><a href=\"\/blog\/wp-content\/uploads\/2006\/bremen_keskustaa13.jpg\"><img decoding=\"async\" style=\"border: 0px none; margin: 5px;\" src=\"\/blog\/wp-content\/uploads\/2006\/thumbs\/thumbs_bremen_keskustaa13.jpg\" alt=\"\" \/><\/a><\/p>\n<p style=\"text-align: center;\"><em>Pieni\u00e4 katuja ja turisteja<\/em><\/p>\n<p style=\"text-align: justify;\">Kun Schnoorin alueen kujilta tupsahtaa ulos, saapuu Bremenin vanhaan keskustaan. Sielt\u00e4 l\u00f6ytyy muunmuassa kaupungin keskiaikainen tori, jota ymp\u00e4r\u00f6iv\u00e4t UNESCO:n perint\u00f6listalle otettu kaupungin 400-vuotias raatihuone sek\u00e4 komea kaksoistorninen tuomiokirkko. My\u00f6s ymp\u00e4r\u00f6iv\u00e4t rakennukset ovat vanhoja ja osin saasteiden likaamia. Keskustan katun\u00e4kym\u00e4 on komea ja erikoinen asemakaava oli ainakin allekirjoittaneesta mielenkiintoinen.<\/p>\n<p style=\"text-align: center;\"><a href=\"\/blog\/wp-content\/uploads\/2006\/bremen_keskustaa7.jpg\"><img decoding=\"async\" style=\"border: 0px none; margin: 5px;\" src=\"\/blog\/wp-content\/uploads\/2006\/thumbs\/thumbs_bremen_keskustaa7.jpg\" alt=\"\" \/><\/a><a href=\"\/blog\/wp-content\/uploads\/2006\/bremen_keskustaa11.jpg\"><img decoding=\"async\" style=\"border: 0px none; margin: 5px;\" src=\"\/blog\/wp-content\/uploads\/2006\/thumbs\/thumbs_bremen_keskustaa11.jpg\" alt=\"\" \/><\/a><br \/>\n<a href=\"\/blog\/wp-content\/uploads\/2006\/bremen_keskustaa8.jpg\"><img decoding=\"async\" style=\"border: 0px none; margin: 5px;\" src=\"\/blog\/wp-content\/uploads\/2006\/thumbs\/thumbs_bremen_keskustaa8.jpg\" alt=\"\" \/><\/a><a href=\"\/blog\/wp-content\/uploads\/2006\/bremen_keskustaa9.jpg\"><img decoding=\"async\" style=\"border: 0px none; margin: 5px;\" src=\"\/blog\/wp-content\/uploads\/2006\/thumbs\/thumbs_bremen_keskustaa9.jpg\" alt=\"\" \/><\/a><\/p>\n<p style=\"text-align: center;\"><em>Bremenin ennallistettua vanhaa keskustaa<\/em><\/p>\n<p style=\"text-align: center;\"><a href=\"\/blog\/wp-content\/uploads\/2006\/bremen_keskustaa2.jpg\"><img decoding=\"async\" style=\"border: 0px none; margin: 5px;\" src=\"\/blog\/wp-content\/uploads\/2006\/thumbs\/thumbs_bremen_keskustaa2.jpg\" alt=\"\" \/><\/a><a href=\"\/blog\/wp-content\/uploads\/2006\/bremen_keskustaa10.jpg\"><img decoding=\"async\" style=\"border: 0px none; margin: 5px;\" src=\"\/blog\/wp-content\/uploads\/2006\/thumbs\/thumbs_bremen_keskustaa10.jpg\" alt=\"\" \/><\/a><\/p>\n<p style=\"text-align: center;\"><em>Keskustan vilin\u00e4\u00e4<\/em><\/p>\n<p style=\"text-align: justify;\">Tuomiokirkko on remontoitu sis\u00e4lt\u00e4 joitakin vuosia sitten ja paikat on laitettu komeaksi. Kirkko on kooltaan sangen suuri ja siell\u00e4 on paljon koristeellisia yksityiskohtia. Kameran kanssa saa hyvin kuvia, sill\u00e4 paikat ovat hyvin valaistut. Mukavasti tunnelmaa lis\u00e4\u00e4 my\u00f6s kaiuttimista hiljaa soiva urkumusiikki.<\/p>\n<p style=\"text-align: center;\"><a href=\"\/blog\/wp-content\/uploads\/2006\/bremen_keskustaa6.jpg\"><img decoding=\"async\" style=\"border: 0px none; margin: 5px;\" src=\"\/blog\/wp-content\/uploads\/2006\/thumbs\/thumbs_bremen_keskustaa6.jpg\" alt=\"\" \/><\/a><a href=\"\/blog\/wp-content\/uploads\/2006\/pomppujalat.jpg\"><img decoding=\"async\" style=\"border: 0px none; margin: 5px;\" src=\"\/blog\/wp-content\/uploads\/2006\/thumbs\/thumbs_pomppujalat.jpg\" alt=\"\" \/><\/a><a href=\"\/blog\/wp-content\/uploads\/2006\/bremen_tuomiokirkko.jpg\"><img decoding=\"async\" style=\"border: 0px none; margin: 5px;\" src=\"\/blog\/wp-content\/uploads\/2006\/thumbs\/thumbs_bremen_tuomiokirkko.jpg\" alt=\"\" \/><\/a><\/p>\n<p style=\"text-align: center;\"><em>Tuomiokirkon alueen maisemia<\/em><\/p>\n<p style=\"text-align: justify;\">Torilta pystyy my\u00f6s puikahtamaan talojen v\u00e4list\u00e4 <em>B\u00f6ttcherstra\u00dfelle<\/em>, joka on tunnelmallinen punatiilinen vanha kapea katu. Kadun varrella on kauppoja, Bremenin kasino sek\u00e4 monenlaisia pieni\u00e4 sokkeloita. Puoliv\u00e4liss\u00e4 t\u00e4t\u00e4 parisataa metrist\u00e4 katua on muutama pieni aukio, joista yhden talon katolla roikkuvat kymmenet kellot soittavat tasatunnein noin kymmenen minuutin mittaisen &#8221;sadun&#8221;. Satua tehostetaan viel\u00e4 sein\u00e4st\u00e4 k\u00e4\u00e4ntyvill\u00e4 kuvilla, joiden kautta sadun etenemist\u00e4 voi seurata. Mielenkiintoinen yksityiskohta, joka ker\u00e4\u00e4 tunneittain ihmisi\u00e4 kuuntelemaan soittoa. Saduilla on vahva merkitys kaupungissa, sill\u00e4 my\u00f6s kuuluisa lastensatu <em>&#8221;Bremenin Kaupunginmusikantit&#8221;<\/em> (oma suomennos) viittaa kaupunkiin. Tarinassa aasi, koira, kissa ja kukko seikkailevat erilaisissa tarinoissa. T\u00e4m\u00e4n teeman ymp\u00e4rilt\u00e4 kaupungissa onkin monia veistoksia.<\/p>\n<p style=\"text-align: center;\"><a href=\"\/blog\/wp-content\/uploads\/2006\/punatiilikatu1.jpg\"><img decoding=\"async\" style=\"border: 0px none; margin: 5px;\" src=\"\/blog\/wp-content\/uploads\/2006\/thumbs\/thumbs_punatiilikatu1.jpg\" alt=\"\" \/><\/a><a href=\"\/blog\/wp-content\/uploads\/2006\/punatiilikatu2.jpg\"><img decoding=\"async\" style=\"border: 0px none; margin: 5px;\" src=\"\/blog\/wp-content\/uploads\/2006\/thumbs\/thumbs_punatiilikatu2.jpg\" alt=\"\" \/><\/a><\/p>\n<p style=\"text-align: center;\"><em>B\u00f6ttcherstra\u00dfen aluetta<\/em><\/p>\n<p style=\"text-align: center;\"><a href=\"\/blog\/wp-content\/uploads\/2006\/bremenin_kaupunginmusikantit1.jpg\"><img decoding=\"async\" style=\"border: 0px none; margin: 5px;\" src=\"\/blog\/wp-content\/uploads\/2006\/thumbs\/thumbs_bremenin_kaupunginmusikantit1.jpg\" alt=\"\" \/><\/a><a href=\"\/blog\/wp-content\/uploads\/2006\/bremenin_kaupunginmusikantit2.jpg\"><img decoding=\"async\" style=\"border: 0px none; margin: 5px;\" src=\"\/blog\/wp-content\/uploads\/2006\/thumbs\/thumbs_bremenin_kaupunginmusikantit2.jpg\" alt=\"\" \/><\/a><\/p>\n<p style=\"text-align: center;\"><em>Satujen musikantit<\/em><\/p>\n<p style=\"text-align: justify;\">Vaikka B\u00f6ttcherstra\u00dfen rakennukset n\u00e4ytt\u00e4v\u00e4tkin ulkoa vanhoilta, ovat ne vain j\u00e4lleenrakennettuja j\u00e4ljitelmi\u00e4. Aidot rakennukset kun tuhoituivat t\u00e4ysin toisessa maailmansodassa. Paikka on kuitenkin pystytty hyvin palauttamaan entiseen asuunsa ja koska vain julkisivu on vanhaa, ovat sis\u00e4tilat modernit. Olikin aika hurjaa l\u00f6yt\u00e4\u00e4 B\u00f6ttcherstra\u00dfelta sis\u00e4\u00e4nk\u00e4ynti muutaman salin elokuvateatterikeskukseen!<\/p>\n<p style=\"text-align: justify;\">Kun B\u00f6ttcherstra\u00dfelta k\u00e4velee l\u00e4pi, saapuu Weserin rannalle. Sen varrelle on ankkuroitu ravintolalaivoja, joilla turistit (joita muuten oli paljon liikkeell\u00e4) ja paikalliset poikkeavat oluselle &#8211; Saksassa kun ollaan.<\/p>\n<p style=\"text-align: center;\"><a href=\"\/blog\/wp-content\/uploads\/2006\/bremen_joki.jpg\"><img decoding=\"async\" style=\"border: 0px none; margin: 5px;\" src=\"\/blog\/wp-content\/uploads\/2006\/bremen_joki.jpg\" alt=\"\" \/><\/a><\/p>\n<p style=\"text-align: center;\"><em>Weder-joki<\/em><\/p>\n<p style=\"text-align: justify;\">Perjantai kului kaupunkiin tutustuessa, mink\u00e4 j\u00e4lkeen palasimme hotellille pienelle huilitauolle, kunnes iltaseitsem\u00e4n tienoilla l\u00e4hdimme kaupungille sy\u00f6m\u00e4\u00e4n. P\u00e4\u00e4dyimme kreikkalaiseen ravintolaan, jossa ruoka oli hyv\u00e4\u00e4. Ravintolassa kannettiin p\u00f6yt\u00e4\u00e4n tervetuliaistoivotuksena snapsi-lasit t\u00e4ynn\u00e4 kirkasta, mutta ne j\u00e4timme kuitenkin nauttimatta. Ruoan j\u00e4lkeen suuntasimme uudelleen kaupungille. Pimeyden keskell\u00e4 vanha keskusta sai aivan uudet kasvot, kun likaiset julkisivut on valaistu kauniisti ja tunnelmaa loivat ihmisvilin\u00e4n keskell\u00e4 soittelevat katusoittajat.<\/p>\n<p style=\"text-align: center;\"><a href=\"\/blog\/wp-content\/uploads\/2006\/bremen_rathaus.jpg\"><img decoding=\"async\" style=\"border: 0px none; margin: 5px;\" src=\"\/blog\/wp-content\/uploads\/2006\/bremen_rathaus.jpg\" alt=\"\" \/><\/a><\/p>\n<p style=\"text-align: center;\"><em>Raatihuone pime\u00e4ll\u00e4<\/em><\/p>\n<p style=\"text-align: center;\"><a href=\"\/blog\/wp-content\/uploads\/2006\/bremen_tuomiokirkko2.jpg\"><img decoding=\"async\" style=\"border: 0px none; margin: 5px;\" src=\"\/blog\/wp-content\/uploads\/2006\/thumbs\/thumbs_bremen_tuomiokirkko2.jpg\" alt=\"\" \/><\/a><\/p>\n<p style=\"text-align: center;\"><em>Tuomiokirkko valaistuna<\/em><\/p>\n<p style=\"text-align: justify;\">Voi kuulostaa tyls\u00e4lt\u00e4, mutta lauantainkin vietimme kokonaisuudessaan keskustan aluetta kiert\u00e4en. Vaikka paikat oli jo n\u00e4hty perjantaina, oli ihanaa palata k\u00e4velem\u00e4\u00e4n n\u00e4ihin totutusta niin eroaviin maisemiin. K\u00e4vimme keskustan monissa kaupoissa ja ihastuimme erityisesti kaupungin lukuisiin katettuihin ostosk\u00e4yt\u00e4viin, jotka yhdist\u00e4v\u00e4t aukioita ja joiden varrella on &#8221;sis\u00e4tiloissa&#8221; monenlaisia kauppoja. Joulukoristeet olivat jo l\u00f6yt\u00e4neet tiens\u00e4 kaikkialle ja ne koristivatkin ikkunoita ja kattoja. K\u00e4vimme my\u00f6s rautatieaseman l\u00e4heisell\u00e4 isolla elokuvateatterikeskuksella katsomassa, josko illaksi olisi tarjolla englannin kielell\u00e4 elokuvia, mutta mit\u00e4\u00e4n kiinnostavaa ei ollut ohjelmistossa. Niinp\u00e4 vietimmekin illan kaupungilla.<\/p>\n<p style=\"text-align: center;\"><a href=\"\/blog\/wp-content\/uploads\/2006\/kauppakeskus_keskustassa.jpg\"><img decoding=\"async\" style=\"border: 0px none; margin: 5px;\" src=\"\/blog\/wp-content\/uploads\/2006\/thumbs\/thumbs_kauppakeskus_keskustassa.jpg\" alt=\"\" \/><\/a><\/p>\n<p style=\"text-align: center;\"><em>Jouluisia ostoskeskuksia<\/em><\/p>\n<p style=\"text-align: center;\"><a href=\"\/blog\/wp-content\/uploads\/2006\/kauppakeskus_keskustassa2.jpg\"><img decoding=\"async\" style=\"border: 0px none; margin: 5px;\" src=\"\/blog\/wp-content\/uploads\/2006\/kauppakeskus_keskustassa2.jpg\" alt=\"\" \/><\/a><\/p>\n<p style=\"text-align: justify;\">Schnoorin alue on erityisen uskomaton pime\u00e4ll\u00e4, sill\u00e4 pienien talojen ravintolat sek\u00e4 l\u00e4mmitetyt terassit ovat t\u00e4ynn\u00e4 v\u00e4ke\u00e4. Itse emme l\u00f6yt\u00e4neet haluamaamme ruokaa n\u00e4ist\u00e4 vaan suuntasimme hotellimme l\u00e4heiseen saluunaan. Aluksi meit\u00e4 ep\u00e4illytti v\u00e4h\u00e4n menn\u00e4 ravintolaan sis\u00e4\u00e4n, sill\u00e4 siell\u00e4 ei ollut ket\u00e4\u00e4n ja oli sent\u00e4\u00e4n lauantai-ilta! Ruoka oli kuitenkin eritt\u00e4in hyv\u00e4\u00e4 ja tunnelma oli kohdillaan t\u00e4ss\u00e4 Villin L\u00e4nnen tyyppisess\u00e4 ruokapaikassa, jossa tarjoilijoilla oli cowboy-hatut ja musiikkina soi country.<\/p>\n<p style=\"text-align: center;\"><a href=\"\/blog\/wp-content\/uploads\/2006\/bremen_pose.jpg\"><img decoding=\"async\" style=\"border: 0px none; margin: 5px;\" src=\"\/blog\/wp-content\/uploads\/2006\/bremen_pose.jpg\" alt=\"\" \/><\/a><\/p>\n<p style=\"text-align: center;\"><em>Poseeraus Bremeniss\u00e4<\/em><\/p>\n<p style=\"text-align: justify;\">Sunnuntaina nukuimme pitk\u00e4\u00e4n ja katsoimme hotellin hyv\u00e4\u00e4 televisiotarjontaa. Hieman ennen puolta p\u00e4iv\u00e4\u00e4 kirjauduimme hotellista ulos ja suuntasimme p\u00e4\u00e4rautatieasemalle. Siell\u00e4 j\u00e4timme tavaramme s\u00e4il\u00f6\u00f6n ja hankimme p\u00e4iv\u00e4lipun kaupungin julkisiin kulkuneuvoihin. Kaupungissa kulkee todella laaja uudehkojen raitiovaunujen verkosto, jolla ajoimme yliopistolle. Kiersimme autioita paikkoja (sunnuntai kun oli) ja k\u00e4vimme yliopiston erikoisuuden, vapaapudotustornin juurella. T\u00e4ss\u00e4 170 metri\u00e4 korkeassa tornissa suoritetaan erilaisia mittauksia ja siell\u00e4 voidaan saavuttaa my\u00f6s painoton tila hetkeksi. Bremenin yliopistolla on todella paljon avaruustutkimusta omana tutkimusalanaan, mist\u00e4 juontuu tarve erikoiselle rakennukselle. Turistilla sinne ei silti ole asiaa, valitettavasti.<\/p>\n<p style=\"text-align: center;\"><a href=\"\/blog\/wp-content\/uploads\/2006\/ratikan_kyydissa.jpg\"><img decoding=\"async\" style=\"border: 0px none; margin: 5px;\" src=\"\/blog\/wp-content\/uploads\/2006\/ratikan_kyydissa.jpg\" alt=\"\" \/><\/a><\/p>\n<p style=\"text-align: center;\"><em>Raitiovaunun kyydiss\u00e4<\/em><\/p>\n<p style=\"text-align: center;\"><a href=\"\/blog\/wp-content\/uploads\/2006\/vapaapudotustorni.jpg\"><img decoding=\"async\" style=\"border: 0px none; margin: 5px;\" src=\"\/blog\/wp-content\/uploads\/2006\/thumbs\/thumbs_vapaapudotustorni.jpg\" alt=\"\" \/><\/a><\/p>\n<p style=\"text-align: center;\"><em>170-metrinen vapaapudotustorni<\/em><\/p>\n<p style=\"text-align: justify;\">Yliopiston vieress\u00e4 sijaitsee my\u00f6s Bremenin tiedekeskus, joka on siis Vantaan <em>Heurekan<\/em> tyyppinen. T\u00e4m\u00e4 maahan t\u00f6rm\u00e4nnytt\u00e4 ufoa muistuttava keskus oli todella kiva valinta k\u00e4yntikohteeksi ja meill\u00e4 meni siell\u00e4 rattoisasti per\u00e4ti nelj\u00e4 tuntia. Keskuksessa esitell\u00e4\u00e4n kaikkea universumiin sek\u00e4 ihmiseen liittyen ja mukavasti melkein kaikkea kokeilla itse. Oli kiintoisaa muun muassa istua maanj\u00e4ristyssimulaattorissa &#8221;olohuoneen&#8221; sohvalla 8 richterin <a title=\"Varautumista The Big Onen varalle\" href=\"https:\/\/www.vuosiamaailmalla.fi\/?p=2041\">maanj\u00e4ristyksess\u00e4<\/a>. Paikalla oli valtavasti lapsiperheit\u00e4 ja v\u00e4ke\u00e4, mutta sinne mahtui silti mukavasti. Tarjolla oli hyvin tietoa my\u00f6s englanniksi, mik\u00e4 oli turistia ilahduttava asia.<\/p>\n<p style=\"text-align: center;\"><a href=\"\/blog\/wp-content\/uploads\/2006\/tiedekeskus1.jpg\"><img decoding=\"async\" style=\"border: 0px none; margin: 5px;\" src=\"\/blog\/wp-content\/uploads\/2006\/tiedekeskus1.jpg\" alt=\"\" \/><\/a><\/p>\n<p style=\"text-align: center;\"><em>Laskeutunut ufo<\/em><\/p>\n<p style=\"text-align: center;\"><a href=\"\/blog\/wp-content\/uploads\/2006\/tiedekeskus2.jpg\"><img decoding=\"async\" style=\"border: 0px none; margin: 5px;\" src=\"\/blog\/wp-content\/uploads\/2006\/thumbs\/thumbs_tiedekeskus2.jpg\" alt=\"\" \/><\/a><a href=\"\/blog\/wp-content\/uploads\/2006\/tiedekeskus3.jpg\"><img decoding=\"async\" style=\"border: 0px none; margin: 5px;\" src=\"\/blog\/wp-content\/uploads\/2006\/thumbs\/thumbs_tiedekeskus3.jpg\" alt=\"\" \/><\/a><\/p>\n<p style=\"text-align: center;\"><em>Tiedekeskuksen kiintoisia n\u00e4yttelyit\u00e4<\/em><\/p>\n<p style=\"text-align: justify;\">Tiedekeskuksen j\u00e4lkeen meill\u00e4 oli junan odotusaikaa viel\u00e4 rutkasti, joten hurautimme huviksemme kaupungin toiselle laidalle Bremenin lentokent\u00e4lle. Kentt\u00e4 olikin yll\u00e4tt\u00e4v\u00e4n suuri ja ostimme sielt\u00e4 limpparit. T\u00e4m\u00e4n j\u00e4lkeen palasimme asemalle, jossa katselimme h\u00e4lin\u00e4\u00e4 parin tunnin ajan. Lopulta puoli yhdeks\u00e4lt\u00e4 nousimme t\u00e4yden ICE-junan kyytiin, jolla hurautimme 200km\/h vauhdilla Dortmundiin. J\u00e4nn\u00e4n\u00e4 yksityiskohtana t\u00e4m\u00e4 <a title=\"Kes\u00e4lomatka kohti Suomea ja sateinen p\u00e4iv\u00e4 K\u00f6\u00f6penhaminassa\" href=\"https:\/\/www.vuosiamaailmalla.fi\/?p=995\">Tanskan rajalta<\/a> l\u00e4htenyt suurnopeusjuna jatkoi viel\u00e4 matkaansa ollen seuraavana aamuna vaatimattomasti Sveitsiss\u00e4. Niin se Eurooppa on pieni ja kaikki l\u00e4hell\u00e4.<\/p>\n<p style=\"text-align: justify;\">Reissumme oli eritt\u00e4in onnistunut. L\u00e4hdimme matkaan ilman suunnitelmia ja ennakkotietoja ja Bremen yll\u00e4tti meid\u00e4n hyvin positiivisesti. Emme l\u00e4hteneet hakemaan reissultamme n\u00e4ht\u00e4vyyksi\u00e4, vaan pikemminkin tunnelmaa ja sit\u00e4 kyll\u00e4 l\u00f6ysimme yllin kyllin. Ehdottomasti k\u00e4ymisen arvoinen kaupunki!<\/p>\n","protected":false},"excerpt":{"rendered":"<p>Toteutimme tuossa viikko sitten Niinan kanssa ensimm\u00e4isen viikonloppumatkamme Saksan sis\u00e4ll\u00e4. \ud83d\ude1b Kohde valittiin kolmesta parinsadan kilometrin s\u00e4teell\u00e4 sijaitsevasta vaihtoehdosta ja voittajaksi selviytyi Pohjois-Saksan puolella sijaitseva 550 000 asukkaan Bremen. Bremen vieh\u00e4tti kohteena meit\u00e4 molempia, sill\u00e4 luvassa oli sangen kaunista syyskeli\u00e4 ja ajatus viett\u00e4\u00e4 spontaani viikonloppu romanttisissa tunnelmissa vanhassa hansakaupungissa kiinnosti molempia.<\/p>\n","protected":false},"author":1,"featured_media":13329,"comment_status":"open","ping_status":"open","sticky":false,"template":"","format":"standard","meta":{"_jetpack_memberships_contains_paid_content":false,"footnotes":""},"categories":[7,10],"tags":[792,274,190,793],"class_list":["post-3266","post","type-post","status-publish","format-standard","has-post-thumbnail","hentry","category-matkakertomukset","category-saksa","tag-bremen","tag-joulumarkkinat","tag-saksa","tag-schnoor"],"jetpack_featured_media_url":"https:\/\/www.vuosiamaailmalla.fi\/blog\/wp-content\/uploads\/bremen_keskustaa_banner-1.jpg","jetpack_sharing_enabled":true,"_links":{"self":[{"href":"https:\/\/www.vuosiamaailmalla.fi\/blog\/wp-json\/wp\/v2\/posts\/3266","targetHints":{"allow":["GET"]}}],"collection":[{"href":"https:\/\/www.vuosiamaailmalla.fi\/blog\/wp-json\/wp\/v2\/posts"}],"about":[{"href":"https:\/\/www.vuosiamaailmalla.fi\/blog\/wp-json\/wp\/v2\/types\/post"}],"author":[{"embeddable":true,"href":"https:\/\/www.vuosiamaailmalla.fi\/blog\/wp-json\/wp\/v2\/users\/1"}],"replies":[{"embeddable":true,"href":"https:\/\/www.vuosiamaailmalla.fi\/blog\/wp-json\/wp\/v2\/comments?post=3266"}],"version-history":[{"count":2,"href":"https:\/\/www.vuosiamaailmalla.fi\/blog\/wp-json\/wp\/v2\/posts\/3266\/revisions"}],"predecessor-version":[{"id":13330,"href":"https:\/\/www.vuosiamaailmalla.fi\/blog\/wp-json\/wp\/v2\/posts\/3266\/revisions\/13330"}],"wp:featuredmedia":[{"embeddable":true,"href":"https:\/\/www.vuosiamaailmalla.fi\/blog\/wp-json\/wp\/v2\/media\/13329"}],"wp:attachment":[{"href":"https:\/\/www.vuosiamaailmalla.fi\/blog\/wp-json\/wp\/v2\/media?parent=3266"}],"wp:term":[{"taxonomy":"category","embeddable":true,"href":"https:\/\/www.vuosiamaailmalla.fi\/blog\/wp-json\/wp\/v2\/categories?post=3266"},{"taxonomy":"post_tag","embeddable":true,"href":"https:\/\/www.vuosiamaailmalla.fi\/blog\/wp-json\/wp\/v2\/tags?post=3266"}],"curies":[{"name":"wp","href":"https:\/\/api.w.org\/{rel}","templated":true}]}}