{"id":3319,"date":"2006-10-06T15:54:37","date_gmt":"2006-10-06T22:54:37","guid":{"rendered":"http:\/\/13.53.127.146\/?p=3319"},"modified":"2014-10-19T18:38:19","modified_gmt":"2014-10-20T01:38:19","slug":"kuulumisia-brysselista","status":"publish","type":"post","link":"https:\/\/www.vuosiamaailmalla.fi\/blog\/2006\/kuulumisia-brysselista\/","title":{"rendered":"Kuulumisia Brysselist\u00e4"},"content":{"rendered":"<p style=\"text-align: justify;\">Jahas, t\u00e4n\u00e4\u00e4n kertaa istutaan Brysselin keskustassa pienen intialaisen miehen kioskissa, jossa on nurkassa pieni nettikahvila. Voi ett\u00e4 millaisella ikiaikaisella tietokoneella t\u00e4\u00e4ll\u00e4 yritet\u00e4\u00e4n py\u00f6ritt\u00e4\u00e4 <em>Windows XP:t\u00e4<\/em>. Netin selaaminen on melkoista &#8221;juhlaa&#8221;&#8230; \ud83d\ude44<\/p>\n<p style=\"text-align: justify;\">Matkamme on sujuu hyvin ja nyt on siis n\u00e4hty Amsterdam, Haag, Rotterdam, Antwerpen ja Bryssel. Matka jatkuu eteenp\u00e4in vasta ylihuomenna, kun nousemme luotijunaan kohti Ranskaa. Pariisiin ei kuitenkaan t\u00e4m\u00e4nhetkisten suunnitelmien mukaan menn\u00e4, vaan suuntamme on aivan toisaalle Ranskaa.<\/p>\n<p style=\"text-align: justify;\">S\u00e4\u00e4t ovat olleet v\u00e4h\u00e4n mit\u00e4 sattuu, mutta jotenkin on p\u00e4rj\u00e4tty. Majoitus on l\u00f6ytynyt joka y\u00f6lle, vaikka Rotterdamissa oli jokainen r\u00e4k\u00e4l\u00e4kin varattu. Hinnat ovat olleet normaalia turistikautta alhaisempia, mutta kyll\u00e4 t\u00e4\u00e4ll\u00e4 L\u00e4nsi-Euroopassa saa silti opiskelijabudjettiin n\u00e4hden melko reilusti majoituksesta maksaa.<\/p>\n<p style=\"text-align: justify;\">Mutta enp\u00e4 t\u00e4ss\u00e4 sen enempi\u00e4 satuile, vaan selaanpa pikaiseen muutkin nettisivut l\u00e4vitse. Hauskaa viikkoa lukijoille! \ud83d\ude1b<\/p>\n","protected":false},"excerpt":{"rendered":"<p>Jahas, t\u00e4n\u00e4\u00e4n kertaa istutaan Brysselin keskustassa pienen intialaisen miehen kioskissa, jossa on nurkassa pieni nettikahvila. Voi ett\u00e4 millaisella ikiaikaisella tietokoneella t\u00e4\u00e4ll\u00e4 yritet\u00e4\u00e4n py\u00f6ritt\u00e4\u00e4 Windows XP:t\u00e4. Netin selaaminen on melkoista &#8221;juhlaa&#8221;&#8230; \ud83d\ude44 Matkamme on sujuu hyvin ja nyt on siis n\u00e4hty Amsterdam, Haag, Rotterdam, Antwerpen ja Bryssel. Matka jatkuu eteenp\u00e4in vasta ylihuomenna, kun nousemme luotijunaan kohti &hellip; <a href=\"https:\/\/www.vuosiamaailmalla.fi\/blog\/2006\/kuulumisia-brysselista\/\" class=\"more-link\">Jatka lukemista<span class=\"screen-reader-text\"> &#8221;Kuulumisia Brysselist\u00e4&#8221;<\/span><\/a><\/p>\n","protected":false},"author":1,"featured_media":0,"comment_status":"open","ping_status":"open","sticky":false,"template":"","format":"standard","meta":{"_jetpack_memberships_contains_paid_content":false,"footnotes":""},"categories":[886,7,12],"tags":[654,803,801,800],"class_list":["post-3319","post","type-post","status-publish","format-standard","hentry","category-belgia","category-matkakertomukset","category-matkalla-kerrottua","tag-belgia","tag-bryssel","tag-interrail","tag-matkakertomus-lansi-euroopan-interrail"],"jetpack_featured_media_url":"","jetpack_sharing_enabled":true,"_links":{"self":[{"href":"https:\/\/www.vuosiamaailmalla.fi\/blog\/wp-json\/wp\/v2\/posts\/3319","targetHints":{"allow":["GET"]}}],"collection":[{"href":"https:\/\/www.vuosiamaailmalla.fi\/blog\/wp-json\/wp\/v2\/posts"}],"about":[{"href":"https:\/\/www.vuosiamaailmalla.fi\/blog\/wp-json\/wp\/v2\/types\/post"}],"author":[{"embeddable":true,"href":"https:\/\/www.vuosiamaailmalla.fi\/blog\/wp-json\/wp\/v2\/users\/1"}],"replies":[{"embeddable":true,"href":"https:\/\/www.vuosiamaailmalla.fi\/blog\/wp-json\/wp\/v2\/comments?post=3319"}],"version-history":[{"count":0,"href":"https:\/\/www.vuosiamaailmalla.fi\/blog\/wp-json\/wp\/v2\/posts\/3319\/revisions"}],"wp:attachment":[{"href":"https:\/\/www.vuosiamaailmalla.fi\/blog\/wp-json\/wp\/v2\/media?parent=3319"}],"wp:term":[{"taxonomy":"category","embeddable":true,"href":"https:\/\/www.vuosiamaailmalla.fi\/blog\/wp-json\/wp\/v2\/categories?post=3319"},{"taxonomy":"post_tag","embeddable":true,"href":"https:\/\/www.vuosiamaailmalla.fi\/blog\/wp-json\/wp\/v2\/tags?post=3319"}],"curies":[{"name":"wp","href":"https:\/\/api.w.org\/{rel}","templated":true}]}}