{"id":3327,"date":"2014-10-20T19:32:12","date_gmt":"2014-10-21T02:32:12","guid":{"rendered":"http:\/\/13.53.127.146\/?p=3327"},"modified":"2020-11-01T20:26:32","modified_gmt":"2020-11-02T04:26:32","slug":"halloween-parade","status":"publish","type":"post","link":"https:\/\/www.vuosiamaailmalla.fi\/blog\/2014\/halloween-parade\/","title":{"rendered":"Halloween Parade"},"content":{"rendered":"<p style=\"text-align: justify;\">Vancouverilaiset rakastavat paraateja ja vuoden merkitt\u00e4vimpi\u00e4 paraateja ovat <a title=\"Pyh\u00e4n Patrickin p\u00e4iv\u00e4n paraati\" href=\"https:\/\/www.vuosiamaailmalla.fi\/?p=1749\"><em>St. Patrick\u2019s Dayn<\/em><\/a> kulkue, loppukes\u00e4n <em>Pride Parade<\/em> sek\u00e4 tietenkin joulukuun legendaarinen <a title=\"Santa Claus Parade\" href=\"https:\/\/www.vuosiamaailmalla.fi\/?p=1513\">joulupukin paraati<\/a>. Nyt joukkoon on liittynyt my\u00f6s t\u00e4ysin uusi <em>Halloween Parade<\/em>, joka j\u00e4rjestettiin ensimm\u00e4ist\u00e4 kertaa eilen sunnuntaina. \ud83d\ude42<\/p>\n<p><!--more--><\/p>\n<p style=\"text-align: center;\"><a href=\"\/blog\/wp-content\/uploads\/2014\/bumblebee.jpg\"><img decoding=\"async\" style=\"border: 0px none; margin: 5px;\" src=\"\/blog\/wp-content\/uploads\/2014\/bumblebee.jpg\" alt=\"\" \/><\/a><\/p>\n<p style=\"text-align: center;\"><em>Bumblebee<\/em><\/p>\n<p style=\"text-align: center;\"><a href=\"\/blog\/wp-content\/uploads\/2014\/optimus_prime.jpg\"><img decoding=\"async\" style=\"border: 0px none; margin: 5px;\" src=\"\/blog\/wp-content\/uploads\/2014\/thumbs\/thumbs_optimus_prime.jpg\" alt=\"\" \/><\/a><a href=\"\/blog\/wp-content\/uploads\/2014\/ruusunen.jpg\"><img decoding=\"async\" style=\"border: 0px none; margin: 5px;\" src=\"\/blog\/wp-content\/uploads\/2014\/thumbs\/thumbs_ruusunen.jpg\" alt=\"\" \/><\/a><\/p>\n<p style=\"text-align: center;\"><em>Poseerausta katsojien kanssa<\/em><\/p>\n<p style=\"text-align: justify;\"><a title=\"Sateinen halloween\" href=\"https:\/\/www.vuosiamaailmalla.fi\/?p=1145\">Halloween<\/a> on Pohjois-Amerikassa merkitt\u00e4v\u00e4 juhla, joten ei ole ihme ett\u00e4 sen kunniaksi kaupungissamme j\u00e4rjestet\u00e4\u00e4n nyt my\u00f6s sit\u00e4 juhlistava paraati. Paraatireitti kulki ydinkeskustassa j\u00e4lleen kerran aivan asuntomme ohitse, joten kulkuetta oli helppo l\u00e4hte\u00e4 katsomaan keskip\u00e4iv\u00e4n j\u00e4lkeen. Kulkueeseen kuului haamujen ja hirvi\u00f6iden lis\u00e4ksi mit\u00e4 moninaisempia hahmoja, sill\u00e4 sen yhteydess\u00e4 vietettiin my\u00f6s <em>cosplay<\/em> -pukeutumistapahtuma, joka toi paikalle niin H\u00e4m\u00e4h\u00e4kkimiehen, Darth Vaderin kuin Haamujenginkin.<\/p>\n<p style=\"text-align: center;\"><a href=\"\/blog\/wp-content\/uploads\/2014\/darth_vader.jpg\"><img decoding=\"async\" style=\"border: 0px none; margin: 5px;\" src=\"\/blog\/wp-content\/uploads\/2014\/thumbs\/thumbs_darth_vader.jpg\" alt=\"\" \/><\/a><a href=\"\/blog\/wp-content\/uploads\/2014\/bobba_fett.jpg\"><img decoding=\"async\" style=\"border: 0px none; margin: 5px;\" src=\"\/blog\/wp-content\/uploads\/2014\/thumbs\/thumbs_bobba_fett.jpg\" alt=\"\" \/><\/a><a href=\"\/blog\/wp-content\/uploads\/2014\/storm_troopers1.jpg\"><img decoding=\"async\" style=\"border: 0px none; margin: 5px;\" src=\"\/blog\/wp-content\/uploads\/2014\/thumbs\/thumbs_storm_troopers1.jpg\" alt=\"\" \/><\/a><br \/>\n<a href=\"\/blog\/wp-content\/uploads\/2014\/jedeja1.jpg\"><img decoding=\"async\" style=\"border: 0px none; margin: 5px;\" src=\"\/blog\/wp-content\/uploads\/2014\/thumbs\/thumbs_jedeja1.jpg\" alt=\"\" \/><\/a><a href=\"\/blog\/wp-content\/uploads\/2014\/jedeja2.jpg\"><img decoding=\"async\" style=\"border: 0px none; margin: 5px;\" src=\"\/blog\/wp-content\/uploads\/2014\/thumbs\/thumbs_jedeja2.jpg\" alt=\"\" \/><\/a><\/p>\n<p style=\"text-align: center;\"><em>Imperiumin joukot sej\u00e4 jediryhm\u00e4 liikkeell\u00e4<\/em><\/p>\n<p style=\"text-align: center;\"><a href=\"\/blog\/wp-content\/uploads\/2014\/storm_troopers2.jpg\"><img decoding=\"async\" style=\"border: 0px none; margin: 5px;\" src=\"\/blog\/wp-content\/uploads\/2014\/storm_troopers2.jpg\" alt=\"\" \/><\/a><\/p>\n<p style=\"text-align: center;\"><em>Stormtrooper approves!<\/em><\/p>\n<p style=\"text-align: center;\"><a href=\"\/blog\/wp-content\/uploads\/2014\/buzz_lightyear.jpg\"><img decoding=\"async\" style=\"border: 0px none; margin: 5px;\" src=\"\/blog\/wp-content\/uploads\/2014\/thumbs\/thumbs_buzz_lightyear.jpg\" alt=\"\" \/><\/a><a href=\"\/blog\/wp-content\/uploads\/2014\/spiderman2.jpg\"><img decoding=\"async\" style=\"border: 0px none; margin: 5px;\" src=\"\/blog\/wp-content\/uploads\/2014\/thumbs\/thumbs_spiderman2.jpg\" alt=\"\" \/><\/a><a href=\"\/blog\/wp-content\/uploads\/2014\/spiderman1.jpg\"><img decoding=\"async\" style=\"border: 0px none; margin: 5px;\" src=\"\/blog\/wp-content\/uploads\/2014\/thumbs\/thumbs_spiderman1.jpg\" alt=\"\" \/><\/a><\/p>\n<p style=\"text-align: center;\"><em>H\u00e4m\u00e4h\u00e4kkimies kohtasi vihollisensa<\/em><\/p>\n<p style=\"text-align: justify;\">Monet puvuista oli tehty taidolla ja huolella, ja ne n\u00e4yttiv\u00e4t aivan elokuvien ja tv-sarjojen esikuviltaan. Osa puvuista ja valituista hahmoista oli my\u00f6s t\u00e4ynn\u00e4 hauskoja ideoita, kuten <em>Super Mario Bros<\/em> -videopelist\u00e4 tuttu &#8221;putkikasvi&#8221;. Kenelle sellainen tulee edes mieleen?? \ud83d\ude06<\/p>\n<p style=\"text-align: center;\"><a href=\"\/blog\/wp-content\/uploads\/2014\/halloween_paraati.jpg\"><img decoding=\"async\" style=\"border: 0px none; margin: 5px;\" src=\"\/blog\/wp-content\/uploads\/2014\/thumbs\/thumbs_halloween_paraati.jpg\" alt=\"\" \/><\/a><a href=\"\/blog\/wp-content\/uploads\/2014\/ghostbusters1.jpg\"><img decoding=\"async\" style=\"border: 0px none; margin: 5px;\" src=\"\/blog\/wp-content\/uploads\/2014\/thumbs\/thumbs_ghostbusters1.jpg\" alt=\"\" \/><\/a><a href=\"\/blog\/wp-content\/uploads\/2014\/ghostbusters2.jpg\"><img decoding=\"async\" style=\"border: 0px none; margin: 5px;\" src=\"\/blog\/wp-content\/uploads\/2014\/thumbs\/thumbs_ghostbusters2.jpg\" alt=\"\" \/><\/a><\/p>\n<p style=\"text-align: center;\"><em>Who you gonna call?<\/em><\/p>\n<p style=\"text-align: center;\"><a href=\"\/blog\/wp-content\/uploads\/2014\/ihmenelonen.jpg\"><img decoding=\"async\" style=\"border: 0px none; margin: 5px;\" src=\"\/blog\/wp-content\/uploads\/2014\/thumbs\/thumbs_ihmenelonen.jpg\" alt=\"\" \/><\/a><a href=\"\/blog\/wp-content\/uploads\/2014\/japanilaishahmoja.jpg\"><img decoding=\"async\" style=\"border: 0px none; margin: 5px;\" src=\"\/blog\/wp-content\/uploads\/2014\/thumbs\/thumbs_japanilaishahmoja.jpg\" alt=\"\" \/><\/a><a href=\"\/blog\/wp-content\/uploads\/2014\/inkkareita.jpg\"><img decoding=\"async\" style=\"border: 0px none; margin: 5px;\" src=\"\/blog\/wp-content\/uploads\/2014\/thumbs\/thumbs_inkkareita.jpg\" alt=\"\" \/><\/a><\/p>\n<p style=\"text-align: center;\"><em>Monenlaisia hahmoja<\/em><\/p>\n<p style=\"text-align: center;\"><a href=\"\/blog\/wp-content\/uploads\/2014\/herttakuningatar.jpg\"><img decoding=\"async\" style=\"border: 0px none; margin: 5px;\" src=\"\/blog\/wp-content\/uploads\/2014\/herttakuningatar.jpg\" alt=\"\" \/><\/a><\/p>\n<p style=\"text-align: center;\"><em>Katsojatkin pukeutuivat tapahtumaan<\/em><\/p>\n<p style=\"text-align: center;\"><a href=\"\/blog\/wp-content\/uploads\/2014\/kuoleman_kielissa.jpg\"><img decoding=\"async\" style=\"border: 0px none; margin: 5px;\" src=\"\/blog\/wp-content\/uploads\/2014\/thumbs\/thumbs_kuoleman_kielissa.jpg\" alt=\"\" \/><\/a><a href=\"\/blog\/wp-content\/uploads\/2014\/retu_kivinen1.jpg\"><img decoding=\"async\" style=\"border: 0px none; margin: 5px;\" src=\"\/blog\/wp-content\/uploads\/2014\/thumbs\/thumbs_retu_kivinen1.jpg\" alt=\"\" \/><\/a><a href=\"\/blog\/wp-content\/uploads\/2014\/putkikasvi.jpg\"><img decoding=\"async\" style=\"border: 0px none; margin: 5px;\" src=\"\/blog\/wp-content\/uploads\/2014\/thumbs\/thumbs_putkikasvi.jpg\" alt=\"\" \/><\/a><\/p>\n<p style=\"text-align: center;\"><em>Hauskan nerokkaita pukuja ja hahmoja<\/em><\/p>\n<p style=\"text-align: center;\"><a href=\"\/blog\/wp-content\/uploads\/2014\/zombie_tanssijoita.jpg\"><img decoding=\"async\" style=\"border: 0px none; margin: 5px;\" src=\"\/blog\/wp-content\/uploads\/2014\/zombie_tanssijoita.jpg\" alt=\"\" \/><\/a><\/p>\n<p style=\"text-align: center;\"><em>Toki mukana oli zombejakin, tottakai<br \/>\n<\/em><\/p>\n<p style=\"text-align: justify;\">Paraati kesti noin tunnin verran ja toivoa sopii, ett\u00e4 siit\u00e4 tulee nyt uusi vuosittainen tapahtuma Vancouverin syksyyn. Keli oli ainakin mit\u00e4 suotuisin, sill\u00e4 Vancouverissa vietettiin historian l\u00e4mpimint\u00e4 lokakuun 20. p\u00e4iv\u00e4\u00e4. Elohopea nousi kaupungissa 21,6 asteeseen, mik\u00e4 paransi vuodelta 1940 olevaa vanhaa enn\u00e4tyst\u00e4 per\u00e4ti kaksi ja puoli astetta! L\u00e4mpim\u00e4ss\u00e4 syyss\u00e4\u00e4ss\u00e4 tuhansien ihmisten kelpasikin nauttia <a title=\"Kadonneiden sielujen paraati\" href=\"https:\/\/www.vuosiamaailmalla.fi\/?p=9276\">v\u00e4rikk\u00e4\u00e4st\u00e4 kulkueesta<\/a>. \ud83d\ude1b<\/p>\n<p style=\"text-align: center;\"><a href=\"\/blog\/wp-content\/uploads\/2014\/temppupyorat1.jpg\"><img decoding=\"async\" style=\"border: 0px none; margin: 5px;\" src=\"\/blog\/wp-content\/uploads\/2014\/temppupyorat1.jpg\" alt=\"\" \/><\/a><\/p>\n<p style=\"text-align: center;\"><em>Moottoripy\u00f6rien kuvioajo oli huisia katsottavaa<\/em><\/p>\n","protected":false},"excerpt":{"rendered":"<p>Vancouverilaiset rakastavat paraateja ja vuoden merkitt\u00e4vimpi\u00e4 paraateja ovat St. Patrick\u2019s Dayn kulkue, loppukes\u00e4n Pride Parade sek\u00e4 tietenkin joulukuun legendaarinen joulupukin paraati. Nyt joukkoon on liittynyt my\u00f6s t\u00e4ysin uusi Halloween Parade, joka j\u00e4rjestettiin ensimm\u00e4ist\u00e4 kertaa eilen sunnuntaina. \ud83d\ude42<\/p>\n","protected":false},"author":1,"featured_media":10429,"comment_status":"open","ping_status":"open","sticky":false,"template":"","format":"standard","meta":{"_jetpack_memberships_contains_paid_content":false,"footnotes":""},"categories":[17,3],"tags":[25,34,805,388,804,133,939,940],"class_list":["post-3327","post","type-post","status-publish","format-standard","has-post-thumbnail","hentry","category-arki-kanadassa","category-arki-ulkomailla","tag-ajankohtaista","tag-arki","tag-cosplay","tag-halloween","tag-halloween-parade","tag-hassua","tag-vancouver","tag-vancouver-downtown"],"jetpack_featured_media_url":"https:\/\/www.vuosiamaailmalla.fi\/blog\/wp-content\/uploads\/ghostbusters_banner-1.jpg","jetpack_sharing_enabled":true,"_links":{"self":[{"href":"https:\/\/www.vuosiamaailmalla.fi\/blog\/wp-json\/wp\/v2\/posts\/3327","targetHints":{"allow":["GET"]}}],"collection":[{"href":"https:\/\/www.vuosiamaailmalla.fi\/blog\/wp-json\/wp\/v2\/posts"}],"about":[{"href":"https:\/\/www.vuosiamaailmalla.fi\/blog\/wp-json\/wp\/v2\/types\/post"}],"author":[{"embeddable":true,"href":"https:\/\/www.vuosiamaailmalla.fi\/blog\/wp-json\/wp\/v2\/users\/1"}],"replies":[{"embeddable":true,"href":"https:\/\/www.vuosiamaailmalla.fi\/blog\/wp-json\/wp\/v2\/comments?post=3327"}],"version-history":[{"count":0,"href":"https:\/\/www.vuosiamaailmalla.fi\/blog\/wp-json\/wp\/v2\/posts\/3327\/revisions"}],"wp:featuredmedia":[{"embeddable":true,"href":"https:\/\/www.vuosiamaailmalla.fi\/blog\/wp-json\/wp\/v2\/media\/10429"}],"wp:attachment":[{"href":"https:\/\/www.vuosiamaailmalla.fi\/blog\/wp-json\/wp\/v2\/media?parent=3327"}],"wp:term":[{"taxonomy":"category","embeddable":true,"href":"https:\/\/www.vuosiamaailmalla.fi\/blog\/wp-json\/wp\/v2\/categories?post=3327"},{"taxonomy":"post_tag","embeddable":true,"href":"https:\/\/www.vuosiamaailmalla.fi\/blog\/wp-json\/wp\/v2\/tags?post=3327"}],"curies":[{"name":"wp","href":"https:\/\/api.w.org\/{rel}","templated":true}]}}