{"id":3372,"date":"2007-02-10T23:53:29","date_gmt":"2007-02-11T07:53:29","guid":{"rendered":"http:\/\/13.53.127.146\/?p=3372"},"modified":"2014-11-02T18:29:23","modified_gmt":"2014-11-03T02:29:23","slug":"kotona-frankfurtista","status":"publish","type":"post","link":"https:\/\/www.vuosiamaailmalla.fi\/blog\/2007\/kotona-frankfurtista\/","title":{"rendered":"Kotona Frankfurtista"},"content":{"rendered":"<p style=\"text-align: justify;\">Puuh, kotona ollaan oltu nyt pari tuntia ja olipas huima reissu! Mielett\u00f6mi\u00e4 ja eurooppalaisittain ainutlaatuisia maisemia pilvenpiirt\u00e4jien keskell\u00e4 kyll\u00e4 riitti. Niska onkin niiden tuijottelusta aivan kipe\u00e4n\u00e4. \ud83d\ude00<\/p>\n<p><a title=\"Frankfurtin pilvenpiirt\u00e4jien katveessa\" href=\"https:\/\/www.vuosiamaailmalla.fi\/?p=3348\">Matkakertomus<\/a> pit\u00e4\u00e4 yritt\u00e4\u00e4 ensi viikolla kirjoittaa ja valita eli 200 kuvan joukosta ne kaikkein parhaimmat. Se ei ole helppo homma, mutta n\u00e4in pit\u00e4\u00e4 yritt\u00e4\u00e4.<\/p>\n","protected":false},"excerpt":{"rendered":"<p>Puuh, kotona ollaan oltu nyt pari tuntia ja olipas huima reissu! Mielett\u00f6mi\u00e4 ja eurooppalaisittain ainutlaatuisia maisemia pilvenpiirt\u00e4jien keskell\u00e4 kyll\u00e4 riitti. Niska onkin niiden tuijottelusta aivan kipe\u00e4n\u00e4. \ud83d\ude00 Matkakertomus pit\u00e4\u00e4 yritt\u00e4\u00e4 ensi viikolla kirjoittaa ja valita eli 200 kuvan joukosta ne kaikkein parhaimmat. Se ei ole helppo homma, mutta n\u00e4in pit\u00e4\u00e4 yritt\u00e4\u00e4.<\/p>\n","protected":false},"author":1,"featured_media":0,"comment_status":"open","ping_status":"open","sticky":false,"template":"","format":"standard","meta":{"_jetpack_memberships_contains_paid_content":false,"footnotes":""},"categories":[18,3],"tags":[34,190],"class_list":["post-3372","post","type-post","status-publish","format-standard","hentry","category-arki-saksassa","category-arki-ulkomailla","tag-arki","tag-saksa"],"jetpack_featured_media_url":"","jetpack_sharing_enabled":true,"_links":{"self":[{"href":"https:\/\/www.vuosiamaailmalla.fi\/blog\/wp-json\/wp\/v2\/posts\/3372","targetHints":{"allow":["GET"]}}],"collection":[{"href":"https:\/\/www.vuosiamaailmalla.fi\/blog\/wp-json\/wp\/v2\/posts"}],"about":[{"href":"https:\/\/www.vuosiamaailmalla.fi\/blog\/wp-json\/wp\/v2\/types\/post"}],"author":[{"embeddable":true,"href":"https:\/\/www.vuosiamaailmalla.fi\/blog\/wp-json\/wp\/v2\/users\/1"}],"replies":[{"embeddable":true,"href":"https:\/\/www.vuosiamaailmalla.fi\/blog\/wp-json\/wp\/v2\/comments?post=3372"}],"version-history":[{"count":0,"href":"https:\/\/www.vuosiamaailmalla.fi\/blog\/wp-json\/wp\/v2\/posts\/3372\/revisions"}],"wp:attachment":[{"href":"https:\/\/www.vuosiamaailmalla.fi\/blog\/wp-json\/wp\/v2\/media?parent=3372"}],"wp:term":[{"taxonomy":"category","embeddable":true,"href":"https:\/\/www.vuosiamaailmalla.fi\/blog\/wp-json\/wp\/v2\/categories?post=3372"},{"taxonomy":"post_tag","embeddable":true,"href":"https:\/\/www.vuosiamaailmalla.fi\/blog\/wp-json\/wp\/v2\/tags?post=3372"}],"curies":[{"name":"wp","href":"https:\/\/api.w.org\/{rel}","templated":true}]}}