{"id":3379,"date":"2014-11-06T19:47:20","date_gmt":"2014-11-07T03:47:20","guid":{"rendered":"http:\/\/13.53.127.146\/?p=3379"},"modified":"2015-01-10T20:21:03","modified_gmt":"2015-01-11T04:21:03","slug":"whistlerin-avautuminen-lahestyy","status":"publish","type":"post","link":"https:\/\/www.vuosiamaailmalla.fi\/blog\/2014\/whistlerin-avautuminen-lahestyy\/","title":{"rendered":"Whistlerin avautuminen l\u00e4hestyy"},"content":{"rendered":"<p style=\"text-align: justify;\">Vancouverissa on saatu viimeisen kuukauden aikana poikkeuksellisen <a title=\"Kiusana Pineapple Express ja nor\u2019easter\" href=\"https:\/\/www.vuosiamaailmalla.fi\/?p=3824\">runsaita syyssateita<\/a>, mutta hieman pohjoisempana Whistleriss\u00e4 sateinen keli on tarkoittanut, ett\u00e4 taivaalta on satanut jo kovasti odettua valkoista puuteria: lunta. Viime lauantaina julkaistu uusi laskettelukauden alun l\u00e4hestymist\u00e4 hehkuttava video kertoo, miten 2300 metrin korkeudessa sijaitsevalla heliski-alueella on mitattu jo muhkeat 2,1 metri\u00e4 lunta, mik\u00e4 mahdollistaa jo hyv\u00e4nlaisen laskettelun.<\/p>\n<p><!--more--><\/p>\n<p style=\"text-align: justify;\">Rinteiss\u00e4 lunta ei ole kuitenkaan viel\u00e4 kovin paljoa, sill\u00e4 j\u00e4\u00e4tymispiste on sahannut 1500 ja 2500 metrin v\u00e4lill\u00e4 viimeiset pari viikkoa, mutta laskettelukauden ennakoidaan alkavan silti ajallaan marraskuun 27. p\u00e4iv\u00e4 eli kolmen viikon p\u00e4\u00e4st\u00e4. Tai t\u00e4t\u00e4 aikaisemmin. \ud83d\ude42<\/p>\n<p style=\"text-align: justify;\">T\u00e4m\u00e4 tarkoittaisi sangen normaalia <a title=\"Laskettelukauden korkkaus\" href=\"https:\/\/www.vuosiamaailmalla.fi\/?p=3938\">kauden aloitusta<\/a>. Viime vuonna laskettelukausi alkoi Whistleriss\u00e4 hieman etuajassa, kun rinteet avautuivat jo marraskuun 16. p\u00e4iv\u00e4 ja itse olimme <a title=\"Ensilumilla Whistleriss\u00e4\" href=\"https:\/\/www.vuosiamaailmalla.fi\/?p=2556\">ensilumilla<\/a> viikkoa my\u00f6hemmin. N\u00e4in ei kuitenkaan varmaan k\u00e4y t\u00e4n\u00e4 vuonna, mutta siit\u00e4 huolimatta ajamme tulevana viikonloppuna Whistleriin ostamaan itsellemme kolmen p\u00e4iv\u00e4n <em>Edge Cardit<\/em>. Lis\u00e4ksi menneen\u00e4 viikonloppuna haimme suksemme kes\u00e4huollosta sek\u00e4 vaihdoimme bemariin <a title=\"Talvirenkaat British Columbiassa\" href=\"https:\/\/www.vuosiamaailmalla.fi\/?p=181\">talvirenkaat<\/a> eli olemme t\u00e4ydess\u00e4 valmiudessa rient\u00e4\u00e4 rinteisiin hissien vain alkaessa pian py\u00f6ri\u00e4. \ud83d\ude42<\/p>\n<p style=\"text-align: center;\"><iframe loading=\"lazy\" src=\"\/\/www.youtube-nocookie.com\/embed\/7eJKkurq58Q?rel=0\" width=\"560\" height=\"315\" frameborder=\"0\"><\/iframe><\/p>\n","protected":false},"excerpt":{"rendered":"<p>Vancouverissa on saatu viimeisen kuukauden aikana poikkeuksellisen runsaita syyssateita, mutta hieman pohjoisempana Whistleriss\u00e4 sateinen keli on tarkoittanut, ett\u00e4 taivaalta on satanut jo kovasti odettua valkoista puuteria: lunta. Viime lauantaina julkaistu uusi laskettelukauden alun l\u00e4hestymist\u00e4 hehkuttava video kertoo, miten 2300 metrin korkeudessa sijaitsevalla heliski-alueella on mitattu jo muhkeat 2,1 metri\u00e4 lunta, mik\u00e4 mahdollistaa jo hyv\u00e4nlaisen laskettelun.<\/p>\n","protected":false},"author":1,"featured_media":0,"comment_status":"open","ping_status":"open","sticky":false,"template":"","format":"standard","meta":{"_jetpack_memberships_contains_paid_content":false,"footnotes":""},"categories":[17,3,778,774],"tags":[25,935,173,299,202,218],"class_list":["post-3379","post","type-post","status-publish","format-standard","hentry","category-arki-kanadassa","category-arki-ulkomailla","category-laskettelu-ulkoilu","category-ulkoilu","tag-ajankohtaista","tag-kanada","tag-laskettelu","tag-syksy","tag-talvi","tag-whistler"],"jetpack_featured_media_url":"","jetpack_sharing_enabled":true,"_links":{"self":[{"href":"https:\/\/www.vuosiamaailmalla.fi\/blog\/wp-json\/wp\/v2\/posts\/3379","targetHints":{"allow":["GET"]}}],"collection":[{"href":"https:\/\/www.vuosiamaailmalla.fi\/blog\/wp-json\/wp\/v2\/posts"}],"about":[{"href":"https:\/\/www.vuosiamaailmalla.fi\/blog\/wp-json\/wp\/v2\/types\/post"}],"author":[{"embeddable":true,"href":"https:\/\/www.vuosiamaailmalla.fi\/blog\/wp-json\/wp\/v2\/users\/1"}],"replies":[{"embeddable":true,"href":"https:\/\/www.vuosiamaailmalla.fi\/blog\/wp-json\/wp\/v2\/comments?post=3379"}],"version-history":[{"count":0,"href":"https:\/\/www.vuosiamaailmalla.fi\/blog\/wp-json\/wp\/v2\/posts\/3379\/revisions"}],"wp:attachment":[{"href":"https:\/\/www.vuosiamaailmalla.fi\/blog\/wp-json\/wp\/v2\/media?parent=3379"}],"wp:term":[{"taxonomy":"category","embeddable":true,"href":"https:\/\/www.vuosiamaailmalla.fi\/blog\/wp-json\/wp\/v2\/categories?post=3379"},{"taxonomy":"post_tag","embeddable":true,"href":"https:\/\/www.vuosiamaailmalla.fi\/blog\/wp-json\/wp\/v2\/tags?post=3379"}],"curies":[{"name":"wp","href":"https:\/\/api.w.org\/{rel}","templated":true}]}}