{"id":3383,"date":"2009-11-09T21:00:15","date_gmt":"2009-11-10T05:00:15","guid":{"rendered":"http:\/\/13.53.127.146\/?p=3383"},"modified":"2021-02-25T21:24:28","modified_gmt":"2021-02-26T05:24:28","slug":"20-vuotta-berliinin-muurin-murtumisesta","status":"publish","type":"post","link":"https:\/\/www.vuosiamaailmalla.fi\/blog\/2009\/20-vuotta-berliinin-muurin-murtumisesta\/","title":{"rendered":"20 vuotta Berliinin muurin murtumisesta"},"content":{"rendered":"<p style=\"text-align: justify;\">Ymp\u00e4ri maailmaa, Saksaa ja eritoten Berliini\u00e4 on t\u00e4n\u00e4\u00e4n juhlittu Berliinin muurin murtumisen 20-vuotisp\u00e4iv\u00e4\u00e4. Tasan kaksikymment\u00e4 vuotta sitten Saksan sosialistisen yhten\u00e4isyyspuolue DDR:n virkailija G\u00fcnter Schabowski antoi suorassa televisiol\u00e4hetyksess\u00e4 vanhingossa kuuluisaksi tulleen v\u00e4\u00e4rin tulkitun <a href=\"https:\/\/www.youtube.com\/watch?v=TQiriTompdY\">lausuntonsa<\/a> Saksojen v\u00e4listen matkustusrajoitusten v\u00e4litt\u00f6m\u00e4st\u00e4 poistamisesta. T\u00e4m\u00e4 k\u00f6mm\u00e4hdys johti h\u00e4mmentyneiden ihmismassojen kokoontumiseen It\u00e4- ja L\u00e4nsi-Berliinin v\u00e4lisille raja-asemille, miss\u00e4 hallitsemattoman ja \u00e4killisen tilanteen paine johti lopulta ihmismassojen valumiseen rauhanomaisesti rajan yli ja historialliseen Berliinin muurin murtumiseen.<\/p>\n<p><!--more--><\/p>\n<p style=\"text-align: justify;\">T\u00e4m\u00e4 historiallinen marraskuun 9. p\u00e4iv\u00e4n ilta vuonna 1989 johti prosessiin, joka p\u00e4\u00e4tyi It\u00e4-Saksan ja koko it\u00e4blokin romahtamiseen ja vain vuotta my\u00f6hemmin <a title=\"Saksan j\u00e4lleenyhdistymisest\u00e4 20 vuotta\" href=\"https:\/\/www.vuosiamaailmalla.fi\/?p=1413\">Saksat yhdistyiv\u00e4t<\/a> nykyiseksi Saksan liittotasavallaksi.<\/p>\n<p style=\"text-align: justify;\">T\u00e4t\u00e4 tapahtumaa on juhlittu t\u00e4\u00e4ll\u00e4 Berliiniss\u00e4 koko viikonloppu ja juhlallisuudet huipentuivat t\u00e4n\u00e4\u00e4n maanantaina muurin murtumisen varsinaisena merkkip\u00e4iv\u00e4n\u00e4 suureen kansanjuhlaan Berliinin keskustassa. <a title=\"Ikoninen Brandenburger Tor\" href=\"https:\/\/www.vuosiamaailmalla.fi\/?p=8080\">Brandenburgin portilla<\/a> j\u00e4rjestett\u00e4v\u00e4\u00e4n juhlaan saapui satojatuhansia ihmisi\u00e4, joista vain pieni osa mahtui portin luona olevalle viralliselle juhla-alueelle. Paikanp\u00e4\u00e4lle oli saapunut valtionp\u00e4\u00e4miehi\u00e4 pitkin maailmaa, nimekk\u00e4impin\u00e4 Neuvostoliiton senaikainen johtaja Mikhail Gorbachev, L\u00e4nsi-Saksan liittokansleri Helmut Kohl, nykyinen liittokansleri Angela Merkel sek\u00e4 muun muassa Hillary Clinton, Nicolas Sarkozy ja Dmitry Medvedev.<\/p>\n<p style=\"text-align: center;\"><a href=\"\/blog\/wp-content\/uploads\/2009\/sarcozy.jpg\"><img decoding=\"async\" style=\"border: 0px none; margin: 5px;\" src=\"\/blog\/wp-content\/uploads\/2009\/sarcozy.jpg\" alt=\"\" \/><\/a><\/p>\n<p style=\"text-align: center;\"><em>Nicolas Sarkozy<\/em><\/p>\n<p style=\"text-align: center;\"><a href=\"\/blog\/wp-content\/uploads\/2009\/20v_muurijuhla1.jpg\"><img decoding=\"async\" style=\"border: 0px none; margin: 5px;\" src=\"\/blog\/wp-content\/uploads\/2009\/thumbs\/thumbs_20v_muurijuhla1.jpg\" alt=\"\" \/><\/a><a href=\"\/blog\/wp-content\/uploads\/2009\/20v_muurijuhla3.jpg\"><img decoding=\"async\" style=\"border: 0px none; margin: 5px;\" src=\"\/blog\/wp-content\/uploads\/2009\/thumbs\/thumbs_20v_muurijuhla3.jpg\" alt=\"\" \/><\/a><a href=\"\/blog\/wp-content\/uploads\/2009\/20v_muurijuhla2.jpg\"><img decoding=\"async\" style=\"border: 0px none; margin: 5px;\" src=\"\/blog\/wp-content\/uploads\/2009\/thumbs\/thumbs_20v_muurijuhla2.jpg\" alt=\"\" \/><\/a><\/p>\n<p style=\"text-align: center;\"><em>Kaatosateen kylm\u00e4\u00e4m\u00e4 juhlailta<\/em><\/p>\n<p style=\"text-align: justify;\">Harmillisesti juhlap\u00e4iv\u00e4n iltaa jouduttiin kuitenkin viett\u00e4m\u00e4\u00e4n koleassa kaatosateessa. Se ei kuitenkaan lannistanut ihmismassoja saapumasta Brandenburgin portin tienoille todistamaan historiallista juhlaa. Mekin suuntasimme sateesta huolimatta paikalle, sill\u00e4 halusimme n\u00e4hd\u00e4 omin silmin juhlaa varten pystytetyn 1,5 kilometri\u00e4 pitk\u00e4n &#8221;Berliinin muurin&#8221; kaatumisen.<\/p>\n<p style=\"text-align: center;\"><a href=\"\/blog\/wp-content\/uploads\/2009\/dominomuuri3.jpg\"><img decoding=\"async\" style=\"border: 0px none; margin: 5px;\" src=\"\/blog\/wp-content\/uploads\/2009\/thumbs\/thumbs_dominomuuri3.jpg\" alt=\"\" \/><\/a><a href=\"\/blog\/wp-content\/uploads\/2009\/20v_muurijuhla4.jpg\"><img decoding=\"async\" style=\"border: 0px none; margin: 5px;\" src=\"\/blog\/wp-content\/uploads\/2009\/thumbs\/thumbs_20v_muurijuhla4.jpg\" alt=\"\" \/><\/a><\/p>\n<p style=\"text-align: center;\"><em>Symbolinen dominomuuri<\/em><\/p>\n<p style=\"text-align: justify;\">Tuhannesta 20-kiloisesta dominopalikasta tehty muuri nimitt\u00e4in kaadettaisiin juhlallisuuksien p\u00e4\u00e4tteeksi, mik\u00e4 olisi n\u00e4ht\u00e4v\u00e4 omin silmin. N\u00e4immekin koululaisten maalaamat v\u00e4rikk\u00e4\u00e4t dominot aivan l\u00e4helt\u00e4. Palikoita valvottiin tarkkaan, jottei kukaan p\u00e4\u00e4sisi aloittamaan dominoefekti\u00e4 ennen varsinaista H-hetke\u00e4. Valvonta pitikin loppuun saakka.<\/p>\n<p style=\"text-align: center;\"><a href=\"\/blog\/wp-content\/uploads\/2009\/dominomuuri2.jpg\"><img decoding=\"async\" style=\"border: 0px none; margin: 5px;\" src=\"\/blog\/wp-content\/uploads\/2009\/thumbs\/thumbs_dominomuuri2.jpg\" alt=\"\" \/><\/a><a href=\"\/blog\/wp-content\/uploads\/2009\/dominomuuri1.jpg\"><img decoding=\"async\" style=\"border: 0px none; margin: 5px;\" src=\"\/blog\/wp-content\/uploads\/2009\/thumbs\/thumbs_dominomuuri1.jpg\" alt=\"\" \/><\/a><\/p>\n<p style=\"text-align: center;\"><em>Dominomuuri tarkasti vartioituna<\/em><\/p>\n<p style=\"text-align: justify;\">Koska varsinaiselle juhla-alueelle ei ollut p\u00e4\u00e4sy\u00e4, suuntasimme Potsdamer Platzin alueelle, miss\u00e4 olikin paremmin tilaa n\u00e4hd\u00e4 dominopalikat. Talojen katoilla seisoi dramaattisessa kaatosateessa enkelihahmoja, symbolisoiden toistasataa muurilla kuollutta it\u00e4saksalaista loikkaajaa. Idea oli loistava, mutta s\u00e4\u00e4 teki hommasta todella viluisan.<\/p>\n<p style=\"text-align: center;\"><a href=\"\/blog\/wp-content\/uploads\/2009\/enkeli_katolla.jpg\"><img decoding=\"async\" style=\"border: 0px none; margin: 5px;\" src=\"\/blog\/wp-content\/uploads\/2009\/enkeli_katolla.jpg\" alt=\"\" \/><\/a><\/p>\n<p style=\"text-align: center;\"><em>Enkeli katolla<\/em><\/p>\n<p style=\"text-align: justify;\">Kaatosade koetteli katutasolla odottavia katsojiakin, sill\u00e4 juhlapuhujien puheet kestiv\u00e4t ikuisuuden. Sade koetteli my\u00f6s <a title=\"Kameralaitteisto: Canon EOS 500D (Rebel T1i)\" href=\"https:\/\/www.vuosiamaailmalla.fi\/?p=2915\">kameran<\/a> ja <a title=\"Kameralaitteisto: Canon EF 70-200mm f\/4 L IS USM\" href=\"https:\/\/www.vuosiamaailmalla.fi\/?p=3016\">linssin<\/a> s\u00e4\u00e4suojausta, mutta mit\u00e4\u00e4n ongelmia ei ilmennyt. Lopulta loputtomalta tuntuvan odotuksen kylmyys k\u00e4vi meist\u00e4 niin siet\u00e4m\u00e4tt\u00f6m\u00e4ksi, ett\u00e4 p\u00e4\u00e4timme l\u00e4hte\u00e4 kotiin ennen dominoiden kaatamista. Katsoimmekin juhlan p\u00e4\u00e4t\u00f6ksen kotimme l\u00e4mm\u00f6st\u00e4 television kautta.<\/p>\n<p style=\"text-align: center;\"><iframe loading=\"lazy\" src=\"\/\/www.youtube-nocookie.com\/embed\/ZGi_51X3MkY?rel=0\" width=\"480\" height=\"360\" frameborder=\"0\"><\/iframe><\/p>\n<p style=\"text-align: center;\"><em>Juhlan huipennus: muurin kaataminen<\/em><\/p>\n<p style=\"text-align: justify;\">T\u00e4st\u00e4 huolimatta olimme tyytyv\u00e4isi\u00e4, ett\u00e4 ainakin k\u00e4vimme n\u00e4kem\u00e4ss\u00e4 juhlapaikan koko komeudessaan, vaikka itse p\u00e4\u00e4t\u00f6s j\u00e4ikin n\u00e4kem\u00e4tt\u00e4 &#8221;omin silmin&#8221;. Rehellisyyden nimiss\u00e4 on kuitenkin todettava, ett\u00e4 television kautta n\u00e4htyn\u00e4 n\u00e4ki paljon enemm\u00e4n kuin paikanp\u00e4\u00e4ll\u00e4 sateessa seistess\u00e4.<\/p>\n","protected":false},"excerpt":{"rendered":"<p>Ymp\u00e4ri maailmaa, Saksaa ja eritoten Berliini\u00e4 on t\u00e4n\u00e4\u00e4n juhlittu Berliinin muurin murtumisen 20-vuotisp\u00e4iv\u00e4\u00e4. Tasan kaksikymment\u00e4 vuotta sitten Saksan sosialistisen yhten\u00e4isyyspuolue DDR:n virkailija G\u00fcnter Schabowski antoi suorassa televisiol\u00e4hetyksess\u00e4 vanhingossa kuuluisaksi tulleen v\u00e4\u00e4rin tulkitun lausuntonsa Saksojen v\u00e4listen matkustusrajoitusten v\u00e4litt\u00f6m\u00e4st\u00e4 poistamisesta. T\u00e4m\u00e4 k\u00f6mm\u00e4hdys johti h\u00e4mmentyneiden ihmismassojen kokoontumiseen It\u00e4- ja L\u00e4nsi-Berliinin v\u00e4lisille raja-asemille, miss\u00e4 hallitsemattoman ja \u00e4killisen tilanteen paine &hellip; <a href=\"https:\/\/www.vuosiamaailmalla.fi\/blog\/2009\/20-vuotta-berliinin-muurin-murtumisesta\/\" class=\"more-link\">Jatka lukemista<span class=\"screen-reader-text\"> &#8221;20 vuotta Berliinin muurin murtumisesta&#8221;<\/span><\/a><\/p>\n","protected":false},"author":1,"featured_media":11977,"comment_status":"open","ping_status":"open","sticky":false,"template":"","format":"standard","meta":{"_jetpack_memberships_contains_paid_content":false,"footnotes":""},"categories":[18,3],"tags":[25,49,819,56,65,74,90,139,255,190],"class_list":["post-3383","post","type-post","status-publish","format-standard","has-post-thumbnail","hentry","category-arki-saksassa","category-arki-ulkomailla","tag-ajankohtaista","tag-berliini","tag-berliinin-muuri","tag-berlin-mitte","tag-berlin-tiergarten","tag-brandenburger-tor","tag-ddr","tag-historiaa-2","tag-potsdamer-platz","tag-saksa"],"jetpack_featured_media_url":"https:\/\/www.vuosiamaailmalla.fi\/blog\/wp-content\/uploads\/20v_muurijuhla_banner-1.jpg","jetpack_sharing_enabled":true,"_links":{"self":[{"href":"https:\/\/www.vuosiamaailmalla.fi\/blog\/wp-json\/wp\/v2\/posts\/3383","targetHints":{"allow":["GET"]}}],"collection":[{"href":"https:\/\/www.vuosiamaailmalla.fi\/blog\/wp-json\/wp\/v2\/posts"}],"about":[{"href":"https:\/\/www.vuosiamaailmalla.fi\/blog\/wp-json\/wp\/v2\/types\/post"}],"author":[{"embeddable":true,"href":"https:\/\/www.vuosiamaailmalla.fi\/blog\/wp-json\/wp\/v2\/users\/1"}],"replies":[{"embeddable":true,"href":"https:\/\/www.vuosiamaailmalla.fi\/blog\/wp-json\/wp\/v2\/comments?post=3383"}],"version-history":[{"count":1,"href":"https:\/\/www.vuosiamaailmalla.fi\/blog\/wp-json\/wp\/v2\/posts\/3383\/revisions"}],"predecessor-version":[{"id":11978,"href":"https:\/\/www.vuosiamaailmalla.fi\/blog\/wp-json\/wp\/v2\/posts\/3383\/revisions\/11978"}],"wp:featuredmedia":[{"embeddable":true,"href":"https:\/\/www.vuosiamaailmalla.fi\/blog\/wp-json\/wp\/v2\/media\/11977"}],"wp:attachment":[{"href":"https:\/\/www.vuosiamaailmalla.fi\/blog\/wp-json\/wp\/v2\/media?parent=3383"}],"wp:term":[{"taxonomy":"category","embeddable":true,"href":"https:\/\/www.vuosiamaailmalla.fi\/blog\/wp-json\/wp\/v2\/categories?post=3383"},{"taxonomy":"post_tag","embeddable":true,"href":"https:\/\/www.vuosiamaailmalla.fi\/blog\/wp-json\/wp\/v2\/tags?post=3383"}],"curies":[{"name":"wp","href":"https:\/\/api.w.org\/{rel}","templated":true}]}}