{"id":3392,"date":"2014-11-09T12:27:51","date_gmt":"2014-11-09T20:27:51","guid":{"rendered":"http:\/\/13.53.127.146\/?p=3392"},"modified":"2016-03-27T13:39:40","modified_gmt":"2016-03-27T20:39:40","slug":"berliinin-muuri-murtui-25-vuotta-sitten","status":"publish","type":"post","link":"https:\/\/www.vuosiamaailmalla.fi\/blog\/2014\/berliinin-muuri-murtui-25-vuotta-sitten\/","title":{"rendered":"Berliinin muuri murtui 25 vuotta sitten"},"content":{"rendered":"<p style=\"text-align: justify;\">T\u00e4n\u00e4\u00e4n juhlitaan j\u00e4lleen historiallista Berliinin muurin murtumisen vuosip\u00e4iv\u00e4\u00e4. T\u00e4n\u00e4 vuonna juhlallisuudet ovat olleet poikkeuksellisen suuret, sill\u00e4 marraskuun 9. p\u00e4iv\u00e4st\u00e4 vuonna 1989 on kulunut tasan 25 vuotta. Berliiniss\u00e4 onkin vietetty suuria juhlia, johon on saapunut monia merkitt\u00e4vi\u00e4 henkil\u00f6it\u00e4 muistelemaan tapahtuman merkityst\u00e4 ja satojatuhansia ihmisi\u00e4 katsomaan juhlallisuuksia.<\/p>\n<p style=\"text-align: justify;\">Me emme ole paikalla, mutta olimme tasan viisi vuotta sitten kun kaatosateessa <a title=\"20 vuotta Berliinin muurin murtumisesta\" href=\"https:\/\/www.vuosiamaailmalla.fi\/?p=3383\">juhlittiin 20-vuotisp\u00e4iv\u00e4\u00e4<\/a>. Tuolloin <a title=\"Ikoninen Brandenburger Tor\" href=\"https:\/\/www.vuosiamaailmalla.fi\/?p=8080\">Brandenburgin portin<\/a> luona kaadettiin 1,5 kilometri\u00e4 pitk\u00e4 symbolinen dominopalikkojen muodostama muuri. T\u00e4n\u00e4 vuonna keskustaan on rakennettu per\u00e4ti 15 kilometrin mittainen 8000 valkoisten ilmapallon muodostama valomuuri, joka tullaan p\u00e4\u00e4st\u00e4m\u00e4\u00e4n ilmaan juhlan p\u00e4\u00e4tteeksi. Upea idean totetuminen olisi mahtavaa n\u00e4hd\u00e4 omin silmin, mutta ehk\u00e4p\u00e4 Berliiniin tulee matkustettua seuraavan kerran 30-vuotisjuhlien aikaan. Ehk\u00e4p\u00e4. \ud83d\ude42<\/p>\n<p style=\"text-align: center;\"><iframe loading=\"lazy\" src=\"\/\/player.vimeo.com\/video\/105754237\" width=\"500\" height=\"281\" frameborder=\"0\"><\/iframe><\/p>\n","protected":false},"excerpt":{"rendered":"<p>T\u00e4n\u00e4\u00e4n juhlitaan j\u00e4lleen historiallista Berliinin muurin murtumisen vuosip\u00e4iv\u00e4\u00e4. T\u00e4n\u00e4 vuonna juhlallisuudet ovat olleet poikkeuksellisen suuret, sill\u00e4 marraskuun 9. p\u00e4iv\u00e4st\u00e4 vuonna 1989 on kulunut tasan 25 vuotta. Berliiniss\u00e4 onkin vietetty suuria juhlia, johon on saapunut monia merkitt\u00e4vi\u00e4 henkil\u00f6it\u00e4 muistelemaan tapahtuman merkityst\u00e4 ja satojatuhansia ihmisi\u00e4 katsomaan juhlallisuuksia. Me emme ole paikalla, mutta olimme tasan viisi vuotta sitten &hellip; <a href=\"https:\/\/www.vuosiamaailmalla.fi\/blog\/2014\/berliinin-muuri-murtui-25-vuotta-sitten\/\" class=\"more-link\">Jatka lukemista<span class=\"screen-reader-text\"> &#8221;Berliinin muuri murtui 25 vuotta sitten&#8221;<\/span><\/a><\/p>\n","protected":false},"author":1,"featured_media":0,"comment_status":"open","ping_status":"open","sticky":false,"template":"","format":"standard","meta":{"_jetpack_memberships_contains_paid_content":false,"footnotes":""},"categories":[18,3],"tags":[25,49,819,139,190],"class_list":["post-3392","post","type-post","status-publish","format-standard","hentry","category-arki-saksassa","category-arki-ulkomailla","tag-ajankohtaista","tag-berliini","tag-berliinin-muuri","tag-historiaa-2","tag-saksa"],"jetpack_featured_media_url":"","jetpack_sharing_enabled":true,"_links":{"self":[{"href":"https:\/\/www.vuosiamaailmalla.fi\/blog\/wp-json\/wp\/v2\/posts\/3392","targetHints":{"allow":["GET"]}}],"collection":[{"href":"https:\/\/www.vuosiamaailmalla.fi\/blog\/wp-json\/wp\/v2\/posts"}],"about":[{"href":"https:\/\/www.vuosiamaailmalla.fi\/blog\/wp-json\/wp\/v2\/types\/post"}],"author":[{"embeddable":true,"href":"https:\/\/www.vuosiamaailmalla.fi\/blog\/wp-json\/wp\/v2\/users\/1"}],"replies":[{"embeddable":true,"href":"https:\/\/www.vuosiamaailmalla.fi\/blog\/wp-json\/wp\/v2\/comments?post=3392"}],"version-history":[{"count":0,"href":"https:\/\/www.vuosiamaailmalla.fi\/blog\/wp-json\/wp\/v2\/posts\/3392\/revisions"}],"wp:attachment":[{"href":"https:\/\/www.vuosiamaailmalla.fi\/blog\/wp-json\/wp\/v2\/media?parent=3392"}],"wp:term":[{"taxonomy":"category","embeddable":true,"href":"https:\/\/www.vuosiamaailmalla.fi\/blog\/wp-json\/wp\/v2\/categories?post=3392"},{"taxonomy":"post_tag","embeddable":true,"href":"https:\/\/www.vuosiamaailmalla.fi\/blog\/wp-json\/wp\/v2\/tags?post=3392"}],"curies":[{"name":"wp","href":"https:\/\/api.w.org\/{rel}","templated":true}]}}