{"id":3410,"date":"2011-03-06T15:47:26","date_gmt":"2011-03-06T23:47:26","guid":{"rendered":"http:\/\/13.53.127.146\/?p=3410"},"modified":"2019-05-04T19:18:03","modified_gmt":"2019-05-05T02:18:03","slug":"east-side-gallery","status":"publish","type":"post","link":"https:\/\/www.vuosiamaailmalla.fi\/blog\/2011\/east-side-gallery\/","title":{"rendered":"East Side Gallery"},"content":{"rendered":"<p style=\"text-align: justify;\">Vuonna 1961 alkunsa saanut ja lopulta <a title=\"20 vuotta Berliinin muurin murtumisesta\" href=\"https:\/\/www.vuosiamaailmalla.fi\/?p=3383\">vuonna 1989 murentunut<\/a> Berliinin muuri oli 28 vuoden ajan kylm\u00e4n sodan keskeinen symboli ja konkreettinen osoitus Saksojen jaosta. Eritt\u00e4inen todellinen asia t\u00e4m\u00e4 155 kilometri\u00e4 pitk\u00e4 harmaa betonimuuri oli Berliiniss\u00e4, jossa se ymp\u00e4r\u00f6i sis\u00e4\u00e4ns\u00e4 koko L\u00e4nsi-Berliinin. Monestihan Berliinin muurin ajatellaan sulkeneen sis\u00e4lleen it\u00e4saksalaiset ja n\u00e4in toki olikin hengellisess\u00e4 mieless\u00e4, mutta todellisuudessahan L\u00e4nsi-Berliini, ei It\u00e4-Berliini, oli eristettyn\u00e4 muurin sis\u00e4\u00e4n it\u00e4saksalaisten joukkopaon est\u00e4miseksi.<\/p>\n<p><!--more--><\/p>\n<p style=\"text-align: justify;\">Kun muuri sitten murtui marraskuun 9. p\u00e4iv\u00e4 vuonna 1989, oli selv\u00e4\u00e4 ettei muuri pystyisi en\u00e4\u00e4 pid\u00e4ttelem\u00e4\u00e4n ihmismassoja ja sen purkaminen alkoikin heti seuraavana p\u00e4iv\u00e4n\u00e4. Purkuty\u00f6 kesti reilun vuoden verran ja suurin osa siit\u00e4 jauhettiin betonimurskaksi. Satoja muurin osia haluttiin kuitenkin s\u00e4ilytt\u00e4\u00e4 muistona maailman kahtiajaosta ja muurin osia l\u00e4hetettiin ymp\u00e4ri maailmaa, aina <a href=\"http:\/\/yle.fi\/uutiset\/kuopiosta_loytyy_yli_kolmemetrinen_kappale_berliinin_muuria__se_symboloi_ovien_aukeamista_lanteen\/7607076\">Kuopioon saakka<\/a>. Berliiniin muuria j\u00e4tettiin muistoksi pystyyn vain muutamaan paikkaan: pari palaa Potsdamer Platzille turistien valokuvattavaksi, sadan metrin p\u00e4tk\u00e4 l\u00e4hell\u00e4 sijaitsevan <a title=\"Jouluinen vierailu Gestapo-museolla sek\u00e4 loistokas show\" href=\"https:\/\/www.vuosiamaailmalla.fi\/?p=1110\"><em>Topography of Terror<\/em><\/a> Gestapo- ja SS-museon luokse, p\u00e4tk\u00e4 kokonaista kuolemansektoria virallisen muurimuseon luokse <em>Bernauer Stra\u00dfen<\/em> varrelle sek\u00e4 kaikkein pisin p\u00e4tk\u00e4 <em>East Side Galleryn<\/em> ulkoilmagalleriaksi.<\/p>\n<p style=\"text-align: center;\"><a href=\"\/blog\/wp-content\/uploads\/2008\/muurimuseo1.jpg\"><img decoding=\"async\" style=\"border: 0px none; margin: 5px;\" src=\"\/blog\/wp-content\/uploads\/2008\/thumbs\/thumbs_muurimuseo1.jpg\" alt=\"\" \/><\/a><a href=\"\/blog\/wp-content\/uploads\/2008\/vieraat_berliinin_muurilla.jpg\"><img decoding=\"async\" style=\"border: 0px none; margin: 5px;\" src=\"\/blog\/wp-content\/uploads\/2008\/thumbs\/thumbs_vieraat_berliinin_muurilla.jpg\" alt=\"\" \/><\/a><\/p>\n<p style=\"text-align: center;\"><em>Virallinen muurimuseo Bernauer Stra\u00dfella<\/em><\/p>\n<p style=\"text-align: justify;\">N\u00e4ist\u00e4 viimeiseksi mainittu East Side Gallery on kaikkein pisin j\u00e4ljell\u00e4 oleva ehta p\u00e4tk\u00e4 Berliinin muuria ja yksi kaupungin n\u00e4ht\u00e4vyyksist\u00e4. 1,3 kilometri\u00e4 pitk\u00e4 muurinp\u00e4tk\u00e4 sijaitsee Friedrichshainin kaupunginosassa, <em>Ostbahnhofin<\/em> ja <em>Warschauer Stra\u00dfen<\/em> juna-asemien v\u00e4liss\u00e4. Galleria sijaitsee Spree-joen rannassa, vastap\u00e4\u00e4t\u00e4 <a title=\"Saltimbanco\" href=\"https:\/\/www.vuosiamaailmalla.fi\/?p=2432\"><em>O2 World<\/em> -monitoimiareenaa<\/a>. Sen vieress\u00e4 sijaitsee my\u00f6s <a title=\"Oberbaumbr\u00fccke\" href=\"https:\/\/www.vuosiamaailmalla.fi\/?p=854\"><em>Oberbaumbr\u00fccken<\/em><\/a> historiallinen silta, joka yhdist\u00e4\u00e4 Friedrichshainin Spreen vastarannalla sijaitsevaan Kreuzbergiin.<\/p>\n<p style=\"text-align: center;\"><a href=\"\/blog\/wp-content\/uploads\/2011\/o2_world1.jpg\"><img decoding=\"async\" style=\"border: 0px none; margin: 5px;\" src=\"\/blog\/wp-content\/uploads\/2011\/thumbs\/thumbs_o2_world1.jpg\" alt=\"\" \/><\/a><a href=\"\/blog\/wp-content\/uploads\/2011\/o2_world2.jpg\"><img decoding=\"async\" style=\"border: 0px none; margin: 5px;\" src=\"\/blog\/wp-content\/uploads\/2011\/thumbs\/thumbs_o2_world2.jpg\" alt=\"\" \/><\/a><\/p>\n<p style=\"text-align: center;\"><em>O2 World -monitoimiareena<\/em><\/p>\n<p style=\"text-align: center;\"><a href=\"\/blog\/wp-content\/uploads\/2011\/oberbaumbrucke_2011d.jpg\"><img decoding=\"async\" style=\"border: 0px none; margin: 5px;\" src=\"\/blog\/wp-content\/uploads\/2011\/oberbaumbrucke_2011d.jpg\" alt=\"\" \/><\/a><\/p>\n<p style=\"text-align: center;\"><em>Oberbaumbr\u00fccke vierell\u00e4<\/em><\/p>\n<p style=\"text-align: justify;\">Purettavan muurin s\u00e4ilytt\u00e4minen taidemuistomerkkin\u00e4 sai alkunsa muutaman paikallisen artistin ideasta vuonna 1990. Ajatus sai puolelleen muitakin artisteja, jotka maalasivat harmaan muurin kylkeen yhteens\u00e4 105 rauha-aiheista maalausta. Maalauksista tuli nopeasti suosittuja ja lopulta kaupunki p\u00e4\u00e4tyi niiden s\u00e4ilytt\u00e4miseen.<\/p>\n<p style=\"text-align: center;\"><a href=\"\/blog\/wp-content\/uploads\/2011\/east_side_gallery27.jpg\"><img decoding=\"async\" style=\"border: 0px none; margin: 5px;\" src=\"\/blog\/wp-content\/uploads\/2011\/east_side_gallery27.jpg\" alt=\"\" \/><\/a><\/p>\n<p style=\"text-align: center;\"><em>East Side Gallery<\/em><\/p>\n<p style=\"text-align: center;\"><a href=\"\/blog\/wp-content\/uploads\/2011\/east_side_gallery_tausta2.jpg\"><img decoding=\"async\" style=\"border: 0px none; margin: 5px;\" src=\"\/blog\/wp-content\/uploads\/2011\/thumbs\/thumbs_east_side_gallery_tausta2.jpg\" alt=\"\" \/><\/a><a href=\"\/blog\/wp-content\/uploads\/2011\/east_side_gallery_tausta1.jpg\"><img decoding=\"async\" style=\"border: 0px none; margin: 5px;\" src=\"\/blog\/wp-content\/uploads\/2011\/thumbs\/thumbs_east_side_gallery_tausta1.jpg\" alt=\"\" \/><\/a><a href=\"\/blog\/wp-content\/uploads\/2011\/east_side_gallery_tausta3.jpg\"><img decoding=\"async\" style=\"border: 0px none; margin: 5px;\" src=\"\/blog\/wp-content\/uploads\/2011\/thumbs\/thumbs_east_side_gallery_tausta3.jpg\" alt=\"\" \/><\/a><\/p>\n<p style=\"text-align: center;\"><em>Jokirannan puoli on tyhj\u00e4<\/em><\/p>\n<p style=\"text-align: center;\"><a href=\"\/blog\/wp-content\/uploads\/2011\/east_side_gallery_tausta4.jpg\"><img decoding=\"async\" style=\"border: 0px none; margin: 5px;\" src=\"\/blog\/wp-content\/uploads\/2011\/thumbs\/thumbs_east_side_gallery_tausta4.jpg\" alt=\"\" \/><\/a><a href=\"\/blog\/wp-content\/uploads\/2011\/east_side_gallery2.jpg\"><img decoding=\"async\" style=\"border: 0px none; margin: 5px;\" src=\"\/blog\/wp-content\/uploads\/2011\/thumbs\/thumbs_east_side_gallery2.jpg\" alt=\"\" \/><\/a><a href=\"\/blog\/wp-content\/uploads\/2011\/east_side_gallery12.jpg\"><img decoding=\"async\" style=\"border: 0px none; margin: 5px;\" src=\"\/blog\/wp-content\/uploads\/2011\/thumbs\/thumbs_east_side_gallery12.jpg\" alt=\"\" \/><\/a><\/p>\n<p style=\"text-align: center;\"><em>Maalattu puoli muuria<\/em><\/p>\n<p style=\"text-align: center;\"><a href=\"\/blog\/wp-content\/uploads\/2011\/east_side_gallery1.jpg\"><img decoding=\"async\" style=\"border: 0px none; margin: 5px;\" src=\"\/blog\/wp-content\/uploads\/2011\/east_side_gallery1.jpg\" alt=\"\" \/><\/a><\/p>\n<p style=\"text-align: justify;\">East Side Galleryn maalaukset ovat tasoltaan hyvin vaihtelevia, mutta niiden yhtenev\u00e4 teema on rauha ja symbolinen muurien murtaminen sek\u00e4 rajojen ylitt\u00e4minen. Muurin ehk\u00e4 kuuluisin maalaus on Dmitri Vrubelin maalaus\u00a0<em>Mein Gott, hilf mir, diese t\u00f6dliche Liebe zu \u00fcberleben<\/em> (suom. <em>Hyv\u00e4 Jumala, auta minua selvi\u00e4m\u00e4\u00e4n t\u00e4st\u00e4 kuolettavasta rakkaudesta<\/em>). Maalaus perustuu kuuluisaan vuodelta 1979 olevaan valokuvaan Neuvostoliiton johtajan Leonid Brezhnevin ja DDR:n johtajan Erich Honeckerin v\u00e4lisest\u00e4 suudelmasta It\u00e4-Saksan perustamisen vuosijuhlassa.<\/p>\n<p style=\"text-align: center;\"><a href=\"\/blog\/wp-content\/uploads\/2011\/east_side_gallery19.jpg\"><img decoding=\"async\" style=\"border: 0px none; margin: 5px;\" src=\"\/blog\/wp-content\/uploads\/2011\/thumbs\/thumbs_east_side_gallery19.jpg\" alt=\"\" \/><\/a><a href=\"\/blog\/wp-content\/uploads\/2011\/east_side_gallery18.jpg\"><img decoding=\"async\" style=\"border: 0px none; margin: 5px;\" src=\"\/blog\/wp-content\/uploads\/2011\/thumbs\/thumbs_east_side_gallery18.jpg\" alt=\"\" \/><\/a><a href=\"\/blog\/wp-content\/uploads\/2011\/kuuluisa_suudelma.jpg\"><img decoding=\"async\" style=\"border: 0px none; margin: 5px;\" src=\"\/blog\/wp-content\/uploads\/2011\/thumbs\/thumbs_kuuluisa_suudelma.jpg\" alt=\"\" \/><\/a><\/p>\n<p style=\"text-align: center;\"><em>Kuuluisa suudelma<\/em><\/p>\n<p style=\"text-align: justify;\">Toinen monen Berliini aiheisen kirjan kannessa n\u00e4kyv\u00e4 maalaus on Birgit Kinderin <em>Test the Rest<\/em>, jossa it\u00e4saksalainen <em>Trabant<\/em> tulee Berliinin muurin l\u00e4vitse.<\/p>\n<p style=\"text-align: center;\"><a href=\"\/blog\/wp-content\/uploads\/2011\/east_side_gallery3.jpg\"><img decoding=\"async\" style=\"border: 0px none; margin: 5px;\" src=\"\/blog\/wp-content\/uploads\/2011\/thumbs\/thumbs_east_side_gallery3.jpg\" alt=\"\" \/><\/a><a href=\"\/blog\/wp-content\/uploads\/2011\/east_side_gallery16.jpg\"><img decoding=\"async\" style=\"border: 0px none; margin: 5px;\" src=\"\/blog\/wp-content\/uploads\/2011\/thumbs\/thumbs_east_side_gallery16.jpg\" alt=\"\" \/><\/a><\/p>\n<p style=\"text-align: center;\"><em>Test the Rest<\/em><\/p>\n<p style=\"text-align: center;\"><a href=\"\/blog\/wp-content\/uploads\/2011\/east_side_gallery5.jpg\"><img decoding=\"async\" style=\"border: 0px none; margin: 5px;\" src=\"\/blog\/wp-content\/uploads\/2011\/thumbs\/thumbs_east_side_gallery5.jpg\" alt=\"\" \/><\/a><a href=\"\/blog\/wp-content\/uploads\/2011\/east_side_gallery8.jpg\"><img decoding=\"async\" style=\"border: 0px none; margin: 5px;\" src=\"\/blog\/wp-content\/uploads\/2011\/thumbs\/thumbs_east_side_gallery8.jpg\" alt=\"\" \/><\/a><a href=\"\/blog\/wp-content\/uploads\/2011\/east_side_gallery9.jpg\"><img decoding=\"async\" style=\"border: 0px none; margin: 5px;\" src=\"\/blog\/wp-content\/uploads\/2011\/thumbs\/thumbs_east_side_gallery9.jpg\" alt=\"\" \/><\/a><br \/>\n<a href=\"\/blog\/wp-content\/uploads\/2011\/east_side_gallery7.jpg\"><img decoding=\"async\" style=\"border: 0px none; margin: 5px;\" src=\"\/blog\/wp-content\/uploads\/2011\/thumbs\/thumbs_east_side_gallery7.jpg\" alt=\"\" \/><\/a><a href=\"\/blog\/wp-content\/uploads\/2011\/east_side_gallery10.jpg\"><img decoding=\"async\" style=\"border: 0px none; margin: 5px;\" src=\"\/blog\/wp-content\/uploads\/2011\/thumbs\/thumbs_east_side_gallery10.jpg\" alt=\"\" \/><\/a><a href=\"\/blog\/wp-content\/uploads\/2011\/east_side_gallery23.jpg\"><img decoding=\"async\" style=\"border: 0px none; margin: 5px;\" src=\"\/blog\/wp-content\/uploads\/2011\/thumbs\/thumbs_east_side_gallery23.jpg\" alt=\"\" \/><\/a><br \/>\n<a href=\"\/blog\/wp-content\/uploads\/2011\/east_side_gallery11.jpg\"><img decoding=\"async\" style=\"border: 0px none; margin: 5px;\" src=\"\/blog\/wp-content\/uploads\/2011\/thumbs\/thumbs_east_side_gallery11.jpg\" alt=\"\" \/><\/a><a href=\"\/blog\/wp-content\/uploads\/2011\/east_side_gallery13.jpg\"><img decoding=\"async\" style=\"border: 0px none; margin: 5px;\" src=\"\/blog\/wp-content\/uploads\/2011\/thumbs\/thumbs_east_side_gallery13.jpg\" alt=\"\" \/><\/a><a href=\"\/blog\/wp-content\/uploads\/2011\/east_side_gallery14.jpg\"><img decoding=\"async\" style=\"border: 0px none; margin: 5px;\" src=\"\/blog\/wp-content\/uploads\/2011\/thumbs\/thumbs_east_side_gallery14.jpg\" alt=\"\" \/><\/a><br \/>\n<a href=\"\/blog\/wp-content\/uploads\/2011\/east_side_gallery15.jpg\"><img decoding=\"async\" style=\"border: 0px none; margin: 5px;\" src=\"\/blog\/wp-content\/uploads\/2011\/thumbs\/thumbs_east_side_gallery15.jpg\" alt=\"\" \/><\/a><a href=\"\/blog\/wp-content\/uploads\/2011\/east_side_gallery17.jpg\"><img decoding=\"async\" style=\"border: 0px none; margin: 5px;\" src=\"\/blog\/wp-content\/uploads\/2011\/thumbs\/thumbs_east_side_gallery17.jpg\" alt=\"\" \/><\/a><a href=\"\/blog\/wp-content\/uploads\/2011\/east_side_gallery4.jpg\"><img decoding=\"async\" style=\"border: 0px none; margin: 5px;\" src=\"\/blog\/wp-content\/uploads\/2011\/thumbs\/thumbs_east_side_gallery4.jpg\" alt=\"\" \/><\/a><br \/>\n<a href=\"\/blog\/wp-content\/uploads\/2011\/east_side_gallery21.jpg\"><img decoding=\"async\" style=\"border: 0px none; margin: 5px;\" src=\"\/blog\/wp-content\/uploads\/2011\/thumbs\/thumbs_east_side_gallery21.jpg\" alt=\"\" \/><\/a><a href=\"\/blog\/wp-content\/uploads\/2011\/east_side_gallery22.jpg\"><img decoding=\"async\" style=\"border: 0px none; margin: 5px;\" src=\"\/blog\/wp-content\/uploads\/2011\/thumbs\/thumbs_east_side_gallery22.jpg\" alt=\"\" \/><\/a><a href=\"\/blog\/wp-content\/uploads\/2011\/east_side_gallery6.jpg\"><img decoding=\"async\" style=\"border: 0px none; margin: 5px;\" src=\"\/blog\/wp-content\/uploads\/2011\/thumbs\/thumbs_east_side_gallery6.jpg\" alt=\"\" \/><\/a><\/p>\n<p style=\"text-align: center;\"><em>Monenmoisia maalauksia<\/em><\/p>\n<p style=\"text-align: center;\"><a href=\"\/blog\/wp-content\/uploads\/2011\/east_side_gallery25.jpg\"><img decoding=\"async\" style=\"border: 0px none; margin: 5px;\" src=\"\/blog\/wp-content\/uploads\/2011\/thumbs\/thumbs_east_side_gallery25.jpg\" alt=\"\" \/><\/a><a href=\"\/blog\/wp-content\/uploads\/2011\/east_side_gallery24.jpg\"><img decoding=\"async\" style=\"border: 0px none; margin: 5px;\" src=\"\/blog\/wp-content\/uploads\/2011\/thumbs\/thumbs_east_side_gallery24.jpg\" alt=\"\" \/><\/a><a href=\"\/blog\/wp-content\/uploads\/2011\/east_side_gallery26.jpg\"><img decoding=\"async\" style=\"border: 0px none; margin: 5px;\" src=\"\/blog\/wp-content\/uploads\/2011\/thumbs\/thumbs_east_side_gallery26.jpg\" alt=\"\" \/><\/a><\/p>\n<p style=\"text-align: center;\"><em>Hypnotisoiva osa muuria<\/em><\/p>\n<p style=\"text-align: justify;\">Maalaukset on maalattu alunperin vuonna 1990, mutta vuosien saatossa ne ovat k\u00e4rsineet pahasta vandalismista ja my\u00f6s s\u00e4\u00e4 on haalistanut niit\u00e4. Vuonna 2000 ryhm\u00e4 vapaaehtoisia aloitti joidenkin maalausten restauroinnin, mutta vuoteen 2007 menness\u00e4 suurin osa maalauksista oli j\u00e4lleen t\u00e4g\u00e4tty melkein tunnistamattomiksi. Koska ulkoilmagalleria on kuitenkin <a title=\"Liikaa turisteja?\" href=\"https:\/\/www.vuosiamaailmalla.fi\/?p=1019\">Berliiniss\u00e4 vierailevien turistien<\/a> suosima, p\u00e4\u00e4tettiin se kunnostaa kauttaaltaan. T\u00e4m\u00e4 ty\u00f6 valmistui vuonna 2009.<\/p>\n<p style=\"text-align: center;\"><a href=\"\/blog\/wp-content\/uploads\/2011\/east_side_gallery20.jpg\"><img decoding=\"async\" style=\"border: 0px none; margin: 5px;\" src=\"\/blog\/wp-content\/uploads\/2011\/thumbs\/thumbs_east_side_gallery20.jpg\" alt=\"\" \/><\/a><a href=\"\/blog\/wp-content\/uploads\/2011\/east_side_gallery_vandalismia.jpg\"><img decoding=\"async\" style=\"border: 0px none; margin: 5px;\" src=\"\/blog\/wp-content\/uploads\/2011\/thumbs\/thumbs_east_side_gallery_vandalismia.jpg\" alt=\"\" \/><\/a><\/p>\n<p style=\"text-align: center;\"><em>Vandalistien j\u00e4lki\u00e4<\/em><\/p>\n<p style=\"text-align: justify;\">Nyt kaksi vuotta my\u00f6hemmin Berliiniss\u00e4 kovin <a title=\"Berliinin huonot puolet\" href=\"https:\/\/www.vuosiamaailmalla.fi\/?p=1405\">yleinen vandalismi<\/a> on j\u00e4lleen kohdellut gallerian maalauksia kaltoin, mutta suurin osa oli edelleen kohtuullisen hyv\u00e4ss\u00e4 kunnossa ikuistaa valokuvaan. Kuvani k\u00e4sitt\u00e4v\u00e4t vain osan muurin 105:st\u00e4 maalauksesta, sill\u00e4 mielest\u00e4ni osa on t\u00e4ysin turhia ja melko mit\u00e4\u00e4nsanomattomia. Itse asiassa muurin l\u00e4hist\u00f6ll\u00e4 sijaitsee my\u00f6s muutamia tyylikk\u00e4it\u00e4 ja hauskoja maalauksia, muun muassa viereisen matkamuistomyym\u00e4l\u00e4n luona. \ud83d\ude44<\/p>\n<p style=\"text-align: center;\"><a href=\"\/blog\/wp-content\/uploads\/2011\/maalauksia_east_side_galleryn_lahella2.jpg\"><img decoding=\"async\" style=\"border: 0px none; margin: 5px;\" src=\"\/blog\/wp-content\/uploads\/2011\/thumbs\/thumbs_maalauksia_east_side_galleryn_lahella2.jpg\" alt=\"\" \/><\/a><a href=\"\/blog\/wp-content\/uploads\/2011\/maalauksia_east_side_galleryn_lahella1.jpg\"><img decoding=\"async\" style=\"border: 0px none; margin: 5px;\" src=\"\/blog\/wp-content\/uploads\/2011\/thumbs\/thumbs_maalauksia_east_side_galleryn_lahella1.jpg\" alt=\"\" \/><\/a><\/p>\n<p style=\"text-align: center;\"><em>Graffitteja l\u00e4hettyvill\u00e4<\/em><\/p>\n<p style=\"text-align: center;\"><a href=\"\/blog\/wp-content\/uploads\/2011\/matkamuistomyymala1.jpg\"><img decoding=\"async\" style=\"border: 0px none; margin: 5px;\" src=\"\/blog\/wp-content\/uploads\/2011\/thumbs\/thumbs_matkamuistomyymala1.jpg\" alt=\"\" \/><\/a><a href=\"\/blog\/wp-content\/uploads\/2011\/matkamuistomyymala3.jpg\"><img decoding=\"async\" style=\"border: 0px none; margin: 5px;\" src=\"\/blog\/wp-content\/uploads\/2011\/thumbs\/thumbs_matkamuistomyymala3.jpg\" alt=\"\" \/><\/a><a href=\"\/blog\/wp-content\/uploads\/2011\/matkamuistomyymala4.jpg\"><img decoding=\"async\" style=\"border: 0px none; margin: 5px;\" src=\"\/blog\/wp-content\/uploads\/2011\/thumbs\/thumbs_matkamuistomyymala4.jpg\" alt=\"\" \/><\/a><\/p>\n<p style=\"text-align: center;\">Matkamuistomyym\u00e4l\u00e4n koristukset<\/p>\n<p style=\"text-align: center;\"><a href=\"\/blog\/wp-content\/uploads\/2011\/matkamuistomyymala2.jpg\"><img decoding=\"async\" style=\"border: 0px none; margin: 5px;\" src=\"\/blog\/wp-content\/uploads\/2011\/matkamuistomyymala2.jpg\" alt=\"\" \/><\/a><\/p>\n<p style=\"text-align: justify;\">Suosiostaan huolimatta muurigallerian tulevaisuus on ep\u00e4varma, sill\u00e4 ymp\u00e4r\u00f6iv\u00e4 alue on ollut viime vuosina suuren rakennusbuumin keski\u00f6ss\u00e4. O2 Worldia varten muuriin jouduttiin jo avaamaan 40 metri\u00e4 leve\u00e4 aukko ja vuonna 2013 joen rantaan nouseva uusi asuinrakennus aiheutti 23 metrin mittaisen osan purkamisen. Kuinka kauan EastSide Gallery pysyy paikallaan onkin arvoitus, sill\u00e4 Berliiniss\u00e4 rakennetaan kovaa vauhtia umpeen muurin keskustaan j\u00e4tt\u00e4m\u00e4\u00e4 valtavaa maa-aluetta, joka sijaitsee monin paikoin kaupungin arvokkaimmilla alueilla. T\u00e4m\u00e4n vuoksi East Side Gallery onkin hyv\u00e4 n\u00e4hd\u00e4 nyt kun se on viel\u00e4 siell\u00e4 ja vain v\u00e4h\u00e4n vandalisoitu. \ud83d\udca1<\/p>\n","protected":false},"excerpt":{"rendered":"<p>Vuonna 1961 alkunsa saanut ja lopulta vuonna 1989 murentunut Berliinin muuri oli 28 vuoden ajan kylm\u00e4n sodan keskeinen symboli ja konkreettinen osoitus Saksojen jaosta. Eritt\u00e4inen todellinen asia t\u00e4m\u00e4 155 kilometri\u00e4 pitk\u00e4 harmaa betonimuuri oli Berliiniss\u00e4, jossa se ymp\u00e4r\u00f6i sis\u00e4\u00e4ns\u00e4 koko L\u00e4nsi-Berliinin. Monestihan Berliinin muurin ajatellaan sulkeneen sis\u00e4lleen it\u00e4saksalaiset ja n\u00e4in toki olikin hengellisess\u00e4 mieless\u00e4, mutta &hellip; <a href=\"https:\/\/www.vuosiamaailmalla.fi\/blog\/2011\/east-side-gallery\/\" class=\"more-link\">Jatka lukemista<span class=\"screen-reader-text\"> &#8221;East Side Gallery&#8221;<\/span><\/a><\/p>\n","protected":false},"author":1,"featured_media":10065,"comment_status":"open","ping_status":"open","sticky":false,"template":"","format":"standard","meta":{"_jetpack_memberships_contains_paid_content":false,"footnotes":""},"categories":[18,3],"tags":[49,819,52,820,139,262,304,190],"class_list":["post-3410","post","type-post","status-publish","format-standard","has-post-thumbnail","hentry","category-arki-saksassa","category-arki-ulkomailla","tag-berliini","tag-berliinin-muuri","tag-berlin-friedrichshain","tag-east-side-gallery","tag-historiaa-2","tag-o2-world","tag-oberbaumbrucke","tag-saksa"],"jetpack_featured_media_url":"https:\/\/www.vuosiamaailmalla.fi\/blog\/wp-content\/uploads\/east_side_gallery_banner.jpg","jetpack_sharing_enabled":true,"_links":{"self":[{"href":"https:\/\/www.vuosiamaailmalla.fi\/blog\/wp-json\/wp\/v2\/posts\/3410","targetHints":{"allow":["GET"]}}],"collection":[{"href":"https:\/\/www.vuosiamaailmalla.fi\/blog\/wp-json\/wp\/v2\/posts"}],"about":[{"href":"https:\/\/www.vuosiamaailmalla.fi\/blog\/wp-json\/wp\/v2\/types\/post"}],"author":[{"embeddable":true,"href":"https:\/\/www.vuosiamaailmalla.fi\/blog\/wp-json\/wp\/v2\/users\/1"}],"replies":[{"embeddable":true,"href":"https:\/\/www.vuosiamaailmalla.fi\/blog\/wp-json\/wp\/v2\/comments?post=3410"}],"version-history":[{"count":0,"href":"https:\/\/www.vuosiamaailmalla.fi\/blog\/wp-json\/wp\/v2\/posts\/3410\/revisions"}],"wp:featuredmedia":[{"embeddable":true,"href":"https:\/\/www.vuosiamaailmalla.fi\/blog\/wp-json\/wp\/v2\/media\/10065"}],"wp:attachment":[{"href":"https:\/\/www.vuosiamaailmalla.fi\/blog\/wp-json\/wp\/v2\/media?parent=3410"}],"wp:term":[{"taxonomy":"category","embeddable":true,"href":"https:\/\/www.vuosiamaailmalla.fi\/blog\/wp-json\/wp\/v2\/categories?post=3410"},{"taxonomy":"post_tag","embeddable":true,"href":"https:\/\/www.vuosiamaailmalla.fi\/blog\/wp-json\/wp\/v2\/tags?post=3410"}],"curies":[{"name":"wp","href":"https:\/\/api.w.org\/{rel}","templated":true}]}}