{"id":3718,"date":"2014-11-28T18:24:19","date_gmt":"2014-11-29T02:24:19","guid":{"rendered":"http:\/\/13.53.127.146\/?p=3718"},"modified":"2017-11-13T11:16:16","modified_gmt":"2017-11-13T19:16:16","slug":"vihreiden-miesten-viimeinen-kausi","status":"publish","type":"post","link":"https:\/\/www.vuosiamaailmalla.fi\/blog\/2014\/vihreiden-miesten-viimeinen-kausi\/","title":{"rendered":"Vihreiden Miesten viimeinen kausi"},"content":{"rendered":"<p style=\"text-align: justify;\">Vancouverissa kohahdettiin viime viime viikolla, kun kaupungin kenties tunnetuimmat j\u00e4\u00e4kiekkofanit <em>Green Men<\/em> (suom. Vihre\u00e4t Miehet) eli Sully ja Force ilmoittivat, ett\u00e4 kuluva kausi on parin viimeinen. Samalla p\u00e4\u00e4ttyy viiden vuoden mittaiseksi venynyt jo legendaariseksi muodostunut Vihreiden Miesten j\u00e4\u00e4kiekon seuraajia kujeillaan hauskuuttanut show.<\/p>\n<p style=\"text-align: justify;\">Kaikki l\u00e4hti liikkeelle <a href=\"http:\/\/www.imdb.com\/title\/tt0472954\/\"><em>It&#8217;s Always Sunny in Philadelphia<\/em><\/a> televisio-sarjan innoittamana viisi vuotta sitten, kun kahdesta vihreisiin pukuihin sonnustautuneesta j\u00e4\u00e4kiekkohullusta tuli v\u00e4litt\u00f6m\u00e4sti <em>Vancouver Canucksin<\/em> fanien rakastama parivaljakko.<\/p>\n<p><!--more--><\/p>\n<p style=\"text-align: center;\"><iframe loading=\"lazy\" src=\"\/\/www.youtube-nocookie.com\/embed\/gGApYfC-7_A?rel=0\" width=\"640\" height=\"360\" frameborder=\"0\" allowfullscreen=\"allowfullscreen\"><\/iframe><\/p>\n<p style=\"text-align: justify;\">Vihreiden Miesten vakiopaikat sijaitsevat <em><a title=\"Canucks sai nokkiinsa\" href=\"https:\/\/www.vuosiamaailmalla.fi\/?p=3534\">Rogers Arenalla<\/a><\/em> aivan vastustajan j\u00e4\u00e4hyaition vieress\u00e4. Kaksikon tarkoituksena onkin yritt\u00e4\u00e4 h\u00e4irit\u00e4 j\u00e4\u00e4hyll\u00e4 istuvaa pelaajaa ja p\u00e4\u00e4st\u00e4 t\u00e4m\u00e4n mieleen niin, ettei t\u00e4m\u00e4 pysty en\u00e4\u00e4 keskittym\u00e4\u00e4n itse peliin. Keskittyminen voikin olla vaikeaa, sill\u00e4 niin moninaisia kujeita parivaljakko on vuosien varrella keksinytkin.<\/p>\n<p style=\"text-align: justify;\">Maine on kuitenkin rankkaa ja siksi vihre\u00e4t miehet ovat nyt ilmoittaneet kuluvan kauden olevan viimeinen. Lupausten mukaan ura tullaan kuitenkin lopettamaan isoilla tempauksilla, joten me j\u00e4\u00e4kiekkofanit odotammekin innolla mit\u00e4 tuleman pit\u00e4\u00e4. \ud83d\ude42<\/p>\n<p style=\"text-align: center;\"><iframe loading=\"lazy\" src=\"\/\/www.youtube-nocookie.com\/embed\/QqeoXk6jpBE?rel=0\" width=\"640\" height=\"360\" frameborder=\"0\" allowfullscreen=\"allowfullscreen\"><\/iframe><\/p>\n","protected":false},"excerpt":{"rendered":"<p>Vancouverissa kohahdettiin viime viime viikolla, kun kaupungin kenties tunnetuimmat j\u00e4\u00e4kiekkofanit Green Men (suom. Vihre\u00e4t Miehet) eli Sully ja Force ilmoittivat, ett\u00e4 kuluva kausi on parin viimeinen. Samalla p\u00e4\u00e4ttyy viiden vuoden mittaiseksi venynyt jo legendaariseksi muodostunut Vihreiden Miesten j\u00e4\u00e4kiekon seuraajia kujeillaan hauskuuttanut show. Kaikki l\u00e4hti liikkeelle It&#8217;s Always Sunny in Philadelphia televisio-sarjan innoittamana viisi vuotta sitten, &hellip; <a href=\"https:\/\/www.vuosiamaailmalla.fi\/blog\/2014\/vihreiden-miesten-viimeinen-kausi\/\" class=\"more-link\">Jatka lukemista<span class=\"screen-reader-text\"> &#8221;Vihreiden Miesten viimeinen kausi&#8221;<\/span><\/a><\/p>\n","protected":false},"author":1,"featured_media":0,"comment_status":"open","ping_status":"open","sticky":false,"template":"","format":"standard","meta":{"_jetpack_memberships_contains_paid_content":false,"footnotes":""},"categories":[17,3],"tags":[25,822,133,296,935,155,939,466],"class_list":["post-3718","post","type-post","status-publish","format-standard","hentry","category-arki-kanadassa","category-arki-ulkomailla","tag-ajankohtaista","tag-green-men","tag-hassua","tag-jaakiekko","tag-kanada","tag-kanadalainen-juttu","tag-vancouver","tag-vancouver-canucks"],"jetpack_featured_media_url":"","jetpack_sharing_enabled":true,"_links":{"self":[{"href":"https:\/\/www.vuosiamaailmalla.fi\/blog\/wp-json\/wp\/v2\/posts\/3718","targetHints":{"allow":["GET"]}}],"collection":[{"href":"https:\/\/www.vuosiamaailmalla.fi\/blog\/wp-json\/wp\/v2\/posts"}],"about":[{"href":"https:\/\/www.vuosiamaailmalla.fi\/blog\/wp-json\/wp\/v2\/types\/post"}],"author":[{"embeddable":true,"href":"https:\/\/www.vuosiamaailmalla.fi\/blog\/wp-json\/wp\/v2\/users\/1"}],"replies":[{"embeddable":true,"href":"https:\/\/www.vuosiamaailmalla.fi\/blog\/wp-json\/wp\/v2\/comments?post=3718"}],"version-history":[{"count":0,"href":"https:\/\/www.vuosiamaailmalla.fi\/blog\/wp-json\/wp\/v2\/posts\/3718\/revisions"}],"wp:attachment":[{"href":"https:\/\/www.vuosiamaailmalla.fi\/blog\/wp-json\/wp\/v2\/media?parent=3718"}],"wp:term":[{"taxonomy":"category","embeddable":true,"href":"https:\/\/www.vuosiamaailmalla.fi\/blog\/wp-json\/wp\/v2\/categories?post=3718"},{"taxonomy":"post_tag","embeddable":true,"href":"https:\/\/www.vuosiamaailmalla.fi\/blog\/wp-json\/wp\/v2\/tags?post=3718"}],"curies":[{"name":"wp","href":"https:\/\/api.w.org\/{rel}","templated":true}]}}