{"id":3824,"date":"2014-12-13T21:20:44","date_gmt":"2014-12-14T05:20:44","guid":{"rendered":"http:\/\/13.53.127.146\/?p=3824"},"modified":"2019-12-18T17:24:17","modified_gmt":"2019-12-19T01:24:17","slug":"pineapple-express-ja-noreaster-kiusana","status":"publish","type":"post","link":"https:\/\/www.vuosiamaailmalla.fi\/blog\/2014\/pineapple-express-ja-noreaster-kiusana\/","title":{"rendered":"Kiusana Pineapple Express ja nor&#8217;easter"},"content":{"rendered":"<p style=\"text-align: justify;\">Mennyt syksy ja alkava talvi on ollut t\u00e4\u00e4ll\u00e4 l\u00e4nsirannikolla poikkeuksellisen sateinen. Kun kaksi edellist\u00e4 syksy\u00e4 olivat mielest\u00e4ni yll\u00e4tt\u00e4v\u00e4n kuivia, on t\u00e4n\u00e4 syksyn\u00e4 saatu runsaasti pitki\u00e4 ja rankkojakin sateita. Sateet ovat kuitenkin tulleet l\u00e4hinn\u00e4 veten\u00e4, sill\u00e4 l\u00e4mp\u00f6tilat ovat pysyneet Vancouverin keskustassa +5 ja +12 asteen v\u00e4limaastossa. Vuorilla on saatu lunta vain ajoittain, mutta pieni\u00e4 pakkasjaksoja on seurannut aina sateita, mik\u00e4 on tehnyt paikallisvuorten alkukaudesta vaikean. Ainoastaan Whistler on p\u00e4rj\u00e4nnyt hyvin ja <a title=\"Whistlerin avautuminen l\u00e4hestyy\" href=\"https:\/\/www.vuosiamaailmalla.fi\/?p=3379\">kausi avautui<\/a> viikon etuajassa marraskuun 22. p\u00e4iv\u00e4.<\/p>\n<p><!--more--><\/p>\n<p style=\"text-align: justify;\">Syy l\u00e4mpimiin sadekeleihin on tyynen valtameren tuottamissa l\u00e4mpimiss\u00e4 ilmamassoissa, jotka ovat vy\u00f6ryneet l\u00e4nsirannikolle yksi toisensa j\u00e4lkeen. T\u00e4m\u00e4 <em>Pineapple Expressin\u00e4<\/em> (suom. ananaspikajuna) tunnettu s\u00e4\u00e4ilmi\u00f6 saa alkunsa Havajin seudulta, jossa poikkeuksellisen l\u00e4mmin ilma nostattaa valtavia m\u00e4\u00e4ri\u00e4 kosteutta, joka sitten iskeytyy Kaliforniasta t\u00e4nne British Columbiaan ulottuvalle alueelle, tuoden mukanaan rankkoja sateita.<\/p>\n<p style=\"text-align: center;\"><a href=\"\/blog\/wp-content\/uploads\/2014\/pineapple_express.jpg\"><img decoding=\"async\" style=\"border: 0px none; margin: 5px;\" src=\"\/blog\/wp-content\/uploads\/2014\/pineapple_express.jpg\" alt=\"\" \/><\/a><\/p>\n<p style=\"text-align: center;\"><em>L\u00e4mmin ja kostea Pineapple Express<\/em><\/p>\n<p style=\"text-align: justify;\">Viimeisin juna koettiin juuri t\u00e4ll\u00e4 viikolla, kun viikon aikana rannikolle iskeytyi per\u00e4j\u00e4lkeen per\u00e4ti nelj\u00e4 myrsky\u00e4, tuoden mukanaan Vancouverin alueelle jopa 200 millimetri\u00e4 vett\u00e4. Vancouver Islandin pohjoisosissa sadetta kertyi per\u00e4ti yli 400 millimetri\u00e4 ja esimerkiksi Comox Laken pinta l\u00e4hell\u00e4 Courtenayn kaupunkia kohosi yhden p\u00e4iv\u00e4n aikana 1,5 metri\u00e4, kun j\u00e4rveen virtasi kovimpien sateiden aikana olympiauima-altaan verran vett\u00e4 joka toinen sekunti. \ud83d\ude2f Vesim\u00e4\u00e4r\u00e4 aiheuttikin l\u00e4hialueella pahoja tulvia sek\u00e4 s\u00e4hk\u00f6katkoksia.<\/p>\n<p style=\"text-align: justify;\">Sade piiskasi Vancouveria my\u00f6s voimakkaan tuulen kera ja ainakin kahtena y\u00f6n\u00e4 asuntomme ikkunat paukkuivat melkoisesti myrskytuulen voimasta. Kymmenettuhannet ihmiset olivat ilman s\u00e4hk\u00f6 myrkyjen v\u00e4liss\u00e4, kun s\u00e4hk\u00f6laitoksen ty\u00f6ntekij\u00e4t korjasivat kaatuneita puita linjoilta.<\/p>\n<p style=\"text-align: justify;\">Kaunistakin keli\u00e4 on silti mahtunut menneeseen syksyyn ja esimerkiksi kaksi viikkoa sitten elohopea pysytteli jopa t\u00e4\u00e4ll\u00e4 Vancouverin keskustassa pakkasen puolella per\u00e4ti viiden vuorokauden ajan. T\u00e4t\u00e4 kylm\u00e4\u00e4 kautta kaunisti my\u00f6s samaan aikaan satanut hentoinen lumihuntu, joka pysyi maassa melkein viikon ajan.<\/p>\n<p style=\"text-align: justify;\">Kun l\u00e4nsirannikolla on k\u00e4rvistelty l\u00e4mpimien sadekuurojen kanssa, on it\u00e4rannikolla saanut lapioida lunta urakalla. Siell\u00e4 syyn\u00e4 on <em>nor&#8217;easterina<\/em> tunnettu s\u00e4\u00e4ilmi\u00f6, jossa Meksikonlahdella kehittyv\u00e4t voimakkaat matalapaineet kulkevat it\u00e4rannikon yli kohti koillista (mist\u00e4 ilmi\u00f6n nimi). New Englandin seudulla matalapaine t\u00f6rm\u00e4\u00e4 Kanadan pohjoisosista laskeutuvaan arktiseen ilmavirtaan, mink\u00e4 seurauksena saadaan toisinaan voimakkaita lumisateita.<\/p>\n<p style=\"text-align: center;\"><a href=\"\/blog\/wp-content\/uploads\/2014\/nor-easter.jpg\"><img decoding=\"async\" style=\"border: 0px none; margin: 5px;\" src=\"\/blog\/wp-content\/uploads\/2014\/nor-easter.jpg\" alt=\"\" \/><\/a><\/p>\n<p style=\"text-align: center;\"><em>Nor&#8217;easter it\u00e4rannikon yll\u00e4<\/em><\/p>\n<p style=\"text-align: justify;\">Suurin isku kohdistui t\u00e4ll\u00e4 viikolla New Brunswickiss\u00e4 sijaitsevan Bathurstin kaupungin alueelle, jossa satoi yhdess\u00e4 vuorokaudessa 80 senttimetri\u00e4 lunta. My\u00f6s esimerkiksi Montrealissa lunta kertyi l\u00e4hemm\u00e4s 30 sentti\u00e4 ja <a title=\"Taivaisiin kasvanut Toronto\" href=\"https:\/\/www.vuosiamaailmalla.fi\/?p=3097\">Torontossakin<\/a> reilu 15 sentti\u00e4, tehden n\u00e4ist\u00e4 Kanadan it\u00e4rannikon suurkaupungeista valkeita talviparatiiseja.<\/p>\n<p style=\"text-align: justify;\">Onneksi oikukas keli on ainakin t\u00e4lt\u00e4 er\u00e4\u00e4 ohitse ja ensi viikolla on tiedossa maltillisempia talvisateita, jotka tulevat varmaan viimein my\u00f6s t\u00e4ss\u00e4 paikallisilla vuorilla lumena, aloittaen todellisen talven t\u00e4\u00e4ll\u00e4 Vancouverissa. Sit\u00e4 odotellessa. \ud83d\ude42<\/p>\n","protected":false},"excerpt":{"rendered":"<p>Mennyt syksy ja alkava talvi on ollut t\u00e4\u00e4ll\u00e4 l\u00e4nsirannikolla poikkeuksellisen sateinen. Kun kaksi edellist\u00e4 syksy\u00e4 olivat mielest\u00e4ni yll\u00e4tt\u00e4v\u00e4n kuivia, on t\u00e4n\u00e4 syksyn\u00e4 saatu runsaasti pitki\u00e4 ja rankkojakin sateita. Sateet ovat kuitenkin tulleet l\u00e4hinn\u00e4 veten\u00e4, sill\u00e4 l\u00e4mp\u00f6tilat ovat pysyneet Vancouverin keskustassa +5 ja +12 asteen v\u00e4limaastossa. Vuorilla on saatu lunta vain ajoittain, mutta pieni\u00e4 pakkasjaksoja on &hellip; <a href=\"https:\/\/www.vuosiamaailmalla.fi\/blog\/2014\/pineapple-express-ja-noreaster-kiusana\/\" class=\"more-link\">Jatka lukemista<span class=\"screen-reader-text\"> &#8221;Kiusana Pineapple Express ja nor&#8217;easter&#8221;<\/span><\/a><\/p>\n","protected":false},"author":1,"featured_media":10425,"comment_status":"open","ping_status":"open","sticky":false,"template":"","format":"standard","meta":{"_jetpack_memberships_contains_paid_content":false,"footnotes":""},"categories":[17,3],"tags":[25,34,935,825,824,299,270,202,939],"class_list":["post-3824","post","type-post","status-publish","format-standard","has-post-thumbnail","hentry","category-arki-kanadassa","category-arki-ulkomailla","tag-ajankohtaista","tag-arki","tag-kanada","tag-noreaster","tag-pineapple-express","tag-syksy","tag-saa","tag-talvi","tag-vancouver"],"jetpack_featured_media_url":"https:\/\/www.vuosiamaailmalla.fi\/blog\/wp-content\/uploads\/pineapple_express_banner-1.jpg","jetpack_sharing_enabled":true,"_links":{"self":[{"href":"https:\/\/www.vuosiamaailmalla.fi\/blog\/wp-json\/wp\/v2\/posts\/3824","targetHints":{"allow":["GET"]}}],"collection":[{"href":"https:\/\/www.vuosiamaailmalla.fi\/blog\/wp-json\/wp\/v2\/posts"}],"about":[{"href":"https:\/\/www.vuosiamaailmalla.fi\/blog\/wp-json\/wp\/v2\/types\/post"}],"author":[{"embeddable":true,"href":"https:\/\/www.vuosiamaailmalla.fi\/blog\/wp-json\/wp\/v2\/users\/1"}],"replies":[{"embeddable":true,"href":"https:\/\/www.vuosiamaailmalla.fi\/blog\/wp-json\/wp\/v2\/comments?post=3824"}],"version-history":[{"count":0,"href":"https:\/\/www.vuosiamaailmalla.fi\/blog\/wp-json\/wp\/v2\/posts\/3824\/revisions"}],"wp:featuredmedia":[{"embeddable":true,"href":"https:\/\/www.vuosiamaailmalla.fi\/blog\/wp-json\/wp\/v2\/media\/10425"}],"wp:attachment":[{"href":"https:\/\/www.vuosiamaailmalla.fi\/blog\/wp-json\/wp\/v2\/media?parent=3824"}],"wp:term":[{"taxonomy":"category","embeddable":true,"href":"https:\/\/www.vuosiamaailmalla.fi\/blog\/wp-json\/wp\/v2\/categories?post=3824"},{"taxonomy":"post_tag","embeddable":true,"href":"https:\/\/www.vuosiamaailmalla.fi\/blog\/wp-json\/wp\/v2\/tags?post=3824"}],"curies":[{"name":"wp","href":"https:\/\/api.w.org\/{rel}","templated":true}]}}