{"id":3889,"date":"2014-12-22T03:29:46","date_gmt":"2014-12-22T11:29:46","guid":{"rendered":"http:\/\/13.53.127.146\/?p=3889"},"modified":"2020-03-02T18:41:04","modified_gmt":"2020-03-03T02:41:04","slug":"kaksi-vuotta-poissa-suomesta","status":"publish","type":"post","link":"https:\/\/www.vuosiamaailmalla.fi\/blog\/2014\/kaksi-vuotta-poissa-suomesta\/","title":{"rendered":"Kaksi vuotta poissa Suomesta"},"content":{"rendered":"<p style=\"text-align: justify;\">Huh huh, olipahan j\u00e4lleen pitk\u00e4 matka lent\u00e4\u00e4 perjantaina Vancouverista t\u00e4nne Suomeen joulun viettoon. <a title=\"Tunnin l\u00e4hemp\u00e4n\u00e4 Suomea\" href=\"https:\/\/www.vuosiamaailmalla.fi\/?p=194\">Aikaero<\/a> onkin painanut ensimm\u00e4isten p\u00e4ivien aikana melkoisesti, mutta siit\u00e4 tulee toivottavasti tokeennuttua jouluaattoon menness\u00e4. Onpahan kiva olla taas Suomessa, sill\u00e4 edellisest\u00e4 kerrasta on per\u00e4ti <strong>kaksi vuotta<\/strong>. Perinteisestih\u00e4n viet\u00e4mme aina joulun Suomessa, mutta viime vuonna oma jouluni meni <a title=\"Joulu Amerikassa\" href=\"https:\/\/www.vuosiamaailmalla.fi\/?p=2622\">Amerikassa<\/a> pikkuveljeni kanssa reissatessa, mink\u00e4 vuoksi olen ollut Suomessa viimeeksi vuonna 2012. \ud83d\ude2f<\/p>\n<p><!--more--><\/p>\n<p style=\"text-align: justify;\">N\u00e4in pitk\u00e4n ajan j\u00e4lkeen ensimm\u00e4inen silmiinpist\u00e4v\u00e4 asia on ollut, ett\u00e4 onpas t\u00e4\u00e4ll\u00e4 <a title=\"Kaamea kaamos\" href=\"https:\/\/www.vuosiamaailmalla.fi\/?p=7610\">synkk\u00e4\u00e4 ja pime\u00e4\u00e4<\/a>! Paraikaa elet\u00e4\u00e4n toki vuoden pimeint\u00e4 aikaa eik\u00e4 maassa ole viel\u00e4 lunta, mutta jotenkin p\u00e4iv\u00e4 tuntuu niin mahdottoman lyhyelt\u00e4. Eron selitt\u00e4\u00e4 <a title=\"Turistina Helsingiss\u00e4\" href=\"https:\/\/www.vuosiamaailmalla.fi\/?p=10528\">Helsingin<\/a> sijaitseminen 60. leveyspiirill\u00e4, Vancouverin sijaitessa huomattavasti alempana 49. leveyspiirin tasolla, mik\u00e4 vastaa noin M\u00fcnchenin korkeutta. Se tekee jo melkoisen eron p\u00e4iv\u00e4n pituudessa.<\/p>\n<p style=\"text-align: justify;\">Ihmisaivot tekev\u00e4t joskus hassuja temppuja ja er\u00e4s t\u00e4llainen muutos havaitussa perspektiiviss\u00e4. Amerikassa kaikki on tietysti aina isompaa, mutta on aivan pakko sanoa, ett\u00e4 minua oikein h\u00e4iritsi ensimm\u00e4iset p\u00e4iv\u00e4t miten pieni\u00e4 omakoti- ja kerrostalot t\u00e4\u00e4ll\u00e4 Suomessa ovat ja miten harvaan kaikki on sijoitettu! Kaikkialla tuntuu olevan niin paljon tilaa, ett\u00e4 se oikein h\u00e4mment\u00e4\u00e4. Aivoni ovat kahden vuoden aikana niin tottuneet korkeisiin rakennuksiin ja tiiviiseen kaupunkiymp\u00e4rist\u00f6\u00f6n, ett\u00e4 vanha mielikuva kotiseudun mittasuhteista ei vastannut en\u00e4\u00e4 todellisuutta.<\/p>\n<p style=\"text-align: justify;\">Sama voi k\u00e4yd\u00e4 kyll\u00e4 muuallakin matkatessa, sill\u00e4 muistan hyvin Berliinin rakennusten tuntuneen lilliputeilta <a title=\"Uskomaton Dubai\" href=\"https:\/\/www.vuosiamaailmalla.fi\/?p=1842\">Dubain matkan<\/a> j\u00e4lkeen. Samoin Vancouverin korkeatkin rakennukset tuntuivat viikon ajan mit\u00e4tt\u00f6milt\u00e4 <a title=\"Taivaisiin kasvanut Toronto\" href=\"https:\/\/www.vuosiamaailmalla.fi\/?p=3097\">Torontosta<\/a> palattuani.<\/p>\n<p style=\"text-align: justify;\">Jos rakennukset tuntuvat pienilt\u00e4, niin autoliikenne tuntuu lis\u00e4\u00e4ntyneen voimakkaasti. Suomen ruuhkat ja liikennem\u00e4\u00e4r\u00e4t eiv\u00e4t toki tunnu kovin suurilta Vancouveriin verrattuna, mutta on pakko sanoa, ett\u00e4 autoliikenteen m\u00e4\u00e4r\u00e4 on lis\u00e4\u00e4ntynyt paljon t\u00e4\u00e4ll\u00e4 L\u00e4nsi-Uudellamaalla. En muista alkuunkaan t\u00e4llaisia autom\u00e4\u00e4ri\u00e4 niilt\u00e4 ajoilta kun itse asuin t\u00e4\u00e4ll\u00e4 (yli 13 vuotta sitten).<\/p>\n<p style=\"text-align: justify;\">Suomalainen autokanta on my\u00f6s silmiinpist\u00e4v\u00e4n vanhaa ja &#8221;premium-autoja&#8221; n\u00e4kyy hyvin harvakseltaan. Ero Vancouveriin on todella merkitt\u00e4v\u00e4 sek\u00e4 autojen i\u00e4ss\u00e4 ett\u00e4 hintaluokassa.<\/p>\n<p style=\"text-align: justify;\">Hieman yll\u00e4tt\u00e4en Suomen hintataso ei ole ainakaan viel\u00e4 shokeerannut meik\u00e4l\u00e4ist\u00e4, vaan euro-hinnat ovat tuntuneet ajoittain jopa edullisilta. Tosin jos hintoja alkaa muuntamaan <a title=\"Muovirahaa\" href=\"https:\/\/www.vuosiamaailmalla.fi\/?p=558\">Kanadan dollareiksi<\/a>, voi mieli kuitenkin muuttua \u00e4kki\u00e4, joten paras ehk\u00e4 olla muuntamatta hintoja. \ud83d\ude44<\/p>\n<p style=\"text-align: justify;\">T\u00e4st\u00e4 huolimatta on mukava olla kotimaassa taas pitk\u00e4st\u00e4 aikaa. Olemme Suomessa nyt kahden ja puolen viikon ajan, ja paluu Vancouveriin on edess\u00e4 vasta 5. tammikuuta. Joulun aika meneekin melko perinteisiss\u00e4 merkeiss\u00e4 tuttuja tavatessa ja kuulumisia vaihdellessa. Se on mukavaa puuhaa, mutta on pakko my\u00f6nt\u00e4\u00e4 ett\u00e4 enenev\u00e4t vuodet tekev\u00e4t Suomesta joka vierailulla aina hieman vieraamman tuntuisen. Niin se aika poissa vain muuttaa mielt\u00e4.<\/p>\n","protected":false},"excerpt":{"rendered":"<p>Huh huh, olipahan j\u00e4lleen pitk\u00e4 matka lent\u00e4\u00e4 perjantaina Vancouverista t\u00e4nne Suomeen joulun viettoon. Aikaero onkin painanut ensimm\u00e4isten p\u00e4ivien aikana melkoisesti, mutta siit\u00e4 tulee toivottavasti tokeennuttua jouluaattoon menness\u00e4. Onpahan kiva olla taas Suomessa, sill\u00e4 edellisest\u00e4 kerrasta on per\u00e4ti kaksi vuotta. Perinteisestih\u00e4n viet\u00e4mme aina joulun Suomessa, mutta viime vuonna oma jouluni meni Amerikassa pikkuveljeni kanssa reissatessa, mink\u00e4 &hellip; <a href=\"https:\/\/www.vuosiamaailmalla.fi\/blog\/2014\/kaksi-vuotta-poissa-suomesta\/\" class=\"more-link\">Jatka lukemista<span class=\"screen-reader-text\"> &#8221;Kaksi vuotta poissa Suomesta&#8221;<\/span><\/a><\/p>\n","protected":false},"author":1,"featured_media":0,"comment_status":"open","ping_status":"open","sticky":false,"template":"","format":"standard","meta":{"_jetpack_memberships_contains_paid_content":false,"footnotes":""},"categories":[7,12,885],"tags":[25,264,935,198,939],"class_list":["post-3889","post","type-post","status-publish","format-standard","hentry","category-matkakertomukset","category-matkalla-kerrottua","category-suomi","tag-ajankohtaista","tag-joulu","tag-kanada","tag-suomi","tag-vancouver"],"jetpack_featured_media_url":"","jetpack_sharing_enabled":true,"_links":{"self":[{"href":"https:\/\/www.vuosiamaailmalla.fi\/blog\/wp-json\/wp\/v2\/posts\/3889","targetHints":{"allow":["GET"]}}],"collection":[{"href":"https:\/\/www.vuosiamaailmalla.fi\/blog\/wp-json\/wp\/v2\/posts"}],"about":[{"href":"https:\/\/www.vuosiamaailmalla.fi\/blog\/wp-json\/wp\/v2\/types\/post"}],"author":[{"embeddable":true,"href":"https:\/\/www.vuosiamaailmalla.fi\/blog\/wp-json\/wp\/v2\/users\/1"}],"replies":[{"embeddable":true,"href":"https:\/\/www.vuosiamaailmalla.fi\/blog\/wp-json\/wp\/v2\/comments?post=3889"}],"version-history":[{"count":0,"href":"https:\/\/www.vuosiamaailmalla.fi\/blog\/wp-json\/wp\/v2\/posts\/3889\/revisions"}],"wp:attachment":[{"href":"https:\/\/www.vuosiamaailmalla.fi\/blog\/wp-json\/wp\/v2\/media?parent=3889"}],"wp:term":[{"taxonomy":"category","embeddable":true,"href":"https:\/\/www.vuosiamaailmalla.fi\/blog\/wp-json\/wp\/v2\/categories?post=3889"},{"taxonomy":"post_tag","embeddable":true,"href":"https:\/\/www.vuosiamaailmalla.fi\/blog\/wp-json\/wp\/v2\/tags?post=3889"}],"curies":[{"name":"wp","href":"https:\/\/api.w.org\/{rel}","templated":true}]}}