{"id":3904,"date":"2014-12-25T22:02:20","date_gmt":"2014-12-26T06:02:20","guid":{"rendered":"http:\/\/13.53.127.146\/?p=3904"},"modified":"2020-02-23T15:46:50","modified_gmt":"2020-02-23T23:46:50","slug":"valkea-joulu","status":"publish","type":"post","link":"https:\/\/www.vuosiamaailmalla.fi\/blog\/2014\/valkea-joulu\/","title":{"rendered":"Valkea joulu"},"content":{"rendered":"<p style=\"text-align: justify;\">Kyll\u00e4p\u00e4s on mukavaa, ett\u00e4 t\u00e4n\u00e4 jouluna saatiin lunta my\u00f6s t\u00e4\u00e4ll\u00e4 Etel\u00e4-Suomessakin ja oli oikein perinteinen valkoinen joulu. T\u00e4ss\u00e4 sit\u00e4 on nyt sy\u00f6ty kinkkua ja laatikoita kaksi p\u00e4iv\u00e4\u00e4 perhepiiriss\u00e4, lahjaksi saatuja kirjoja iltaisin lukien. T\u00e4n\u00e4\u00e4n Tapaninp\u00e4iv\u00e4n\u00e4 matkaan kuitenkin iltap\u00e4iv\u00e4ll\u00e4 Joensuuhun, jossa Niina on viett\u00e4nyt joulun oman perheens\u00e4 piiriss\u00e4. Olemme <a title=\"Joululoma nostalgisissa merkeiss\u00e4\" href=\"https:\/\/www.vuosiamaailmalla.fi\/?p=10512\">Joensuun seudulla<\/a> aina uudenvuodenaattoon saakka, jolloin palaamme viel\u00e4 yhdess\u00e4 t\u00e4nne L\u00e4nsi-Uudellemaalle muutamaksi p\u00e4iv\u00e4ksi. Pitk\u00e4 paluumatka Vancouveriin on j\u00e4lleen edess\u00e4 5. tammikuuta ja mieless\u00e4 h\u00e4\u00e4m\u00f6tt\u00e4v\u00e4tkin jo Whistlerin valkeat rinteet&#8230; \ud83d\ude42<\/p>\n","protected":false},"excerpt":{"rendered":"<p>Kyll\u00e4p\u00e4s on mukavaa, ett\u00e4 t\u00e4n\u00e4 jouluna saatiin lunta my\u00f6s t\u00e4\u00e4ll\u00e4 Etel\u00e4-Suomessakin ja oli oikein perinteinen valkoinen joulu. T\u00e4ss\u00e4 sit\u00e4 on nyt sy\u00f6ty kinkkua ja laatikoita kaksi p\u00e4iv\u00e4\u00e4 perhepiiriss\u00e4, lahjaksi saatuja kirjoja iltaisin lukien. T\u00e4n\u00e4\u00e4n Tapaninp\u00e4iv\u00e4n\u00e4 matkaan kuitenkin iltap\u00e4iv\u00e4ll\u00e4 Joensuuhun, jossa Niina on viett\u00e4nyt joulun oman perheens\u00e4 piiriss\u00e4. Olemme Joensuun seudulla aina uudenvuodenaattoon saakka, jolloin palaamme &hellip; <a href=\"https:\/\/www.vuosiamaailmalla.fi\/blog\/2014\/valkea-joulu\/\" class=\"more-link\">Jatka lukemista<span class=\"screen-reader-text\"> &#8221;Valkea joulu&#8221;<\/span><\/a><\/p>\n","protected":false},"author":1,"featured_media":0,"comment_status":"open","ping_status":"open","sticky":false,"template":"","format":"standard","meta":{"_jetpack_memberships_contains_paid_content":false,"footnotes":""},"categories":[7,12,885],"tags":[34,264,198],"class_list":["post-3904","post","type-post","status-publish","format-standard","hentry","category-matkakertomukset","category-matkalla-kerrottua","category-suomi","tag-arki","tag-joulu","tag-suomi"],"jetpack_featured_media_url":"","jetpack_sharing_enabled":true,"_links":{"self":[{"href":"https:\/\/www.vuosiamaailmalla.fi\/blog\/wp-json\/wp\/v2\/posts\/3904","targetHints":{"allow":["GET"]}}],"collection":[{"href":"https:\/\/www.vuosiamaailmalla.fi\/blog\/wp-json\/wp\/v2\/posts"}],"about":[{"href":"https:\/\/www.vuosiamaailmalla.fi\/blog\/wp-json\/wp\/v2\/types\/post"}],"author":[{"embeddable":true,"href":"https:\/\/www.vuosiamaailmalla.fi\/blog\/wp-json\/wp\/v2\/users\/1"}],"replies":[{"embeddable":true,"href":"https:\/\/www.vuosiamaailmalla.fi\/blog\/wp-json\/wp\/v2\/comments?post=3904"}],"version-history":[{"count":0,"href":"https:\/\/www.vuosiamaailmalla.fi\/blog\/wp-json\/wp\/v2\/posts\/3904\/revisions"}],"wp:attachment":[{"href":"https:\/\/www.vuosiamaailmalla.fi\/blog\/wp-json\/wp\/v2\/media?parent=3904"}],"wp:term":[{"taxonomy":"category","embeddable":true,"href":"https:\/\/www.vuosiamaailmalla.fi\/blog\/wp-json\/wp\/v2\/categories?post=3904"},{"taxonomy":"post_tag","embeddable":true,"href":"https:\/\/www.vuosiamaailmalla.fi\/blog\/wp-json\/wp\/v2\/tags?post=3904"}],"curies":[{"name":"wp","href":"https:\/\/api.w.org\/{rel}","templated":true}]}}