{"id":3938,"date":"2015-01-10T20:16:50","date_gmt":"2015-01-11T04:16:50","guid":{"rendered":"http:\/\/13.53.127.146\/?p=3938"},"modified":"2019-12-17T20:22:12","modified_gmt":"2019-12-18T04:22:12","slug":"kauden-korkkaus","status":"publish","type":"post","link":"https:\/\/www.vuosiamaailmalla.fi\/blog\/2015\/kauden-korkkaus\/","title":{"rendered":"Laskettelukauden korkkaus"},"content":{"rendered":"<p style=\"text-align: justify;\">Laskettelukauden avausta on saanut odottaa t\u00e4n\u00e4 vuonna normaalia pidemp\u00e4\u00e4n, sill\u00e4 <a title=\"Kiusana Pineapple Express ja nor\u2019easter\" href=\"https:\/\/www.vuosiamaailmalla.fi\/?p=3824\">l\u00e4mmin alkutalvi<\/a> on ollut hankala paikallisille laskettelukeskuksille. Whistlerin kuitenkin onnistui <a title=\"Whistlerin avautuminen l\u00e4hestyy\" href=\"https:\/\/www.vuosiamaailmalla.fi\/?p=3379\">avata rinteens\u00e4<\/a> jopa hieman etuajassa marraskuun 22. p\u00e4iv\u00e4, mutta kovin kaksinen lumitilanne ei ole ollut siell\u00e4k\u00e4\u00e4n ennen tammikuun alkua. Noin viikko sitten lunta kuitenkin tuli runsaasti ja koko kauden lumim\u00e4\u00e4r\u00e4 Whistleriss\u00e4 on noussut jo 3,4 metriin <em>basen<\/em> ollessa 124cm korkeudella.<\/p>\n<p><!--more--><\/p>\n<p style=\"text-align: justify;\">N\u00e4iden tietojen rohkaisemana l\u00e4hdimmekin t\u00e4n\u00e4\u00e4n korkkaamaan laskettelukautemme Whistlerin lumilla. Ajomatka Whistleriin oli sumuisten sadepilvien t\u00e4ytt\u00e4m\u00e4, mik\u00e4 meinasi vied\u00e4 uskon perill\u00e4 odottavasta parhaudesta. Mutta siell\u00e4 se kuitenkin taas odotti, Whistlerin taika. \ud83d\ude1b Vaikka keli vaihtelikin p\u00e4iv\u00e4n aikana kauniista aina paksuun lumisadepilveen, oli meill\u00e4 aivan mahtava p\u00e4iv\u00e4. Kerkesimme laskea per\u00e4ti 14 m\u00e4ke\u00e4 ja sukset liukuivat p\u00e4iv\u00e4n aikana 63 kilometrin matkan.<\/p>\n<p style=\"text-align: center;\"><a href=\"\/blog\/wp-content\/uploads\/2015\/kauden_korkkaus2.jpg\"><img decoding=\"async\" style=\"border: 0px none; margin: 5px;\" src=\"\/blog\/wp-content\/uploads\/2015\/thumbs\/thumbs_kauden_korkkaus2.jpg\" alt=\"\" \/><\/a><a href=\"\/blog\/wp-content\/uploads\/2015\/kauden_korkkaus3.jpg\"><img decoding=\"async\" style=\"border: 0px none; margin: 5px;\" src=\"\/blog\/wp-content\/uploads\/2015\/thumbs\/thumbs_kauden_korkkaus3.jpg\" alt=\"\" \/><\/a><a href=\"\/blog\/wp-content\/uploads\/2015\/kauden_korkkaus1.jpg\"><img decoding=\"async\" style=\"border: 0px none; margin: 5px;\" src=\"\/blog\/wp-content\/uploads\/2015\/thumbs\/thumbs_kauden_korkkaus1.jpg\" alt=\"\" \/><\/a><\/p>\n<p style=\"text-align: center;\"><em>Mahtava kauden korkkaus!<\/em><\/p>\n<p style=\"text-align: justify;\">Vietimme koko p\u00e4iv\u00e4n Blackcombin puolella ja huipulla sijaitseva <a title=\"Seitsem\u00e4nness\u00e4 taivaassa\" href=\"https:\/\/www.vuosiamaailmalla.fi\/?p=2686\">Seitsem\u00e4s taivas<\/a> oli j\u00e4lleen nimens\u00e4 veroinen. Uusi suosikkimme on kuitenkin hieman alempana sijaitseva <em>Crystal Ridgen<\/em> alue, jossa on valtavasti leveit\u00e4 ja kiintoisalla profiililla varustettuja rinteit\u00e4. Laskimme alueella koko iltap\u00e4iv\u00e4n, mutta sinne pit\u00e4\u00e4 ehdottomasti palata seuraavalla keralla. <em>Edge Cardillamme<\/em> on viel\u00e4 kaksi laskettelup\u00e4iv\u00e4\u00e4, joten Whistleriin tulee kyll\u00e4 palattua taas piakkoin. \ud83d\ude42<\/p>\n<p style=\"text-align: center;\"><a href=\"\/blog\/wp-content\/uploads\/2015\/kauden_korkkaus_panoraama.jpg\"><img decoding=\"async\" style=\"border: 0px none; margin: 5px;\" src=\"\/blog\/wp-content\/uploads\/2015\/kauden_korkkaus_panoraama_pieni.jpg\" alt=\"\" \/><\/a><\/p>\n<p style=\"text-align: center;\"><em>Pilvien peitt\u00e4m\u00e4 laakso<\/em><\/p>\n","protected":false},"excerpt":{"rendered":"<p>Laskettelukauden avausta on saanut odottaa t\u00e4n\u00e4 vuonna normaalia pidemp\u00e4\u00e4n, sill\u00e4 l\u00e4mmin alkutalvi on ollut hankala paikallisille laskettelukeskuksille. Whistlerin kuitenkin onnistui avata rinteens\u00e4 jopa hieman etuajassa marraskuun 22. p\u00e4iv\u00e4, mutta kovin kaksinen lumitilanne ei ole ollut siell\u00e4k\u00e4\u00e4n ennen tammikuun alkua. Noin viikko sitten lunta kuitenkin tuli runsaasti ja koko kauden lumim\u00e4\u00e4r\u00e4 Whistleriss\u00e4 on noussut jo 3,4 &hellip; <a href=\"https:\/\/www.vuosiamaailmalla.fi\/blog\/2015\/kauden-korkkaus\/\" class=\"more-link\">Jatka lukemista<span class=\"screen-reader-text\"> &#8221;Laskettelukauden korkkaus&#8221;<\/span><\/a><\/p>\n","protected":false},"author":1,"featured_media":10410,"comment_status":"open","ping_status":"open","sticky":false,"template":"","format":"standard","meta":{"_jetpack_memberships_contains_paid_content":false,"footnotes":""},"categories":[17,3,778,774],"tags":[25,34,935,173,202,218],"class_list":["post-3938","post","type-post","status-publish","format-standard","has-post-thumbnail","hentry","category-arki-kanadassa","category-arki-ulkomailla","category-laskettelu-ulkoilu","category-ulkoilu","tag-ajankohtaista","tag-arki","tag-kanada","tag-laskettelu","tag-talvi","tag-whistler"],"jetpack_featured_media_url":"https:\/\/www.vuosiamaailmalla.fi\/blog\/wp-content\/uploads\/kauden_korkkaus_banner-1.jpg","jetpack_sharing_enabled":true,"_links":{"self":[{"href":"https:\/\/www.vuosiamaailmalla.fi\/blog\/wp-json\/wp\/v2\/posts\/3938","targetHints":{"allow":["GET"]}}],"collection":[{"href":"https:\/\/www.vuosiamaailmalla.fi\/blog\/wp-json\/wp\/v2\/posts"}],"about":[{"href":"https:\/\/www.vuosiamaailmalla.fi\/blog\/wp-json\/wp\/v2\/types\/post"}],"author":[{"embeddable":true,"href":"https:\/\/www.vuosiamaailmalla.fi\/blog\/wp-json\/wp\/v2\/users\/1"}],"replies":[{"embeddable":true,"href":"https:\/\/www.vuosiamaailmalla.fi\/blog\/wp-json\/wp\/v2\/comments?post=3938"}],"version-history":[{"count":0,"href":"https:\/\/www.vuosiamaailmalla.fi\/blog\/wp-json\/wp\/v2\/posts\/3938\/revisions"}],"wp:featuredmedia":[{"embeddable":true,"href":"https:\/\/www.vuosiamaailmalla.fi\/blog\/wp-json\/wp\/v2\/media\/10410"}],"wp:attachment":[{"href":"https:\/\/www.vuosiamaailmalla.fi\/blog\/wp-json\/wp\/v2\/media?parent=3938"}],"wp:term":[{"taxonomy":"category","embeddable":true,"href":"https:\/\/www.vuosiamaailmalla.fi\/blog\/wp-json\/wp\/v2\/categories?post=3938"},{"taxonomy":"post_tag","embeddable":true,"href":"https:\/\/www.vuosiamaailmalla.fi\/blog\/wp-json\/wp\/v2\/tags?post=3938"}],"curies":[{"name":"wp","href":"https:\/\/api.w.org\/{rel}","templated":true}]}}