{"id":4118,"date":"2008-04-27T14:48:26","date_gmt":"2008-04-27T21:48:26","guid":{"rendered":"http:\/\/13.53.127.146\/?p=4118"},"modified":"2019-06-23T18:16:14","modified_gmt":"2019-06-24T01:16:14","slug":"kevatta-ilmassa-grunewaldissa","status":"publish","type":"post","link":"https:\/\/www.vuosiamaailmalla.fi\/blog\/2008\/kevatta-ilmassa-grunewaldissa\/","title":{"rendered":"Kev\u00e4tt\u00e4 ilmassa Grunewaldissa"},"content":{"rendered":"<p style=\"text-align: justify;\">Grunewald on vehre\u00e4 12 000 asukkaan asuinalue Berliinin lounaisosissa matkalla <a href=\"https:\/\/www.vuosiamaailmalla.fi\/?p=7667\">Potsdamiin<\/a>. Alue on tunnettu aina paremman luokan asuinalueena ja alueella asuukin monia kulttuuriel\u00e4m\u00e4n ja politiikan vaikuttajia. Alue on saanut nimens\u00e4 suuresta mets\u00e4st\u00e4 joka verhoaa alueen l\u00e4nsiosia ja on suosittu berliinil\u00e4isten ulkoilualue. Toisen maailmansodan aikana berliinil\u00e4iset kaatoivat suuren osan mets\u00e4st\u00e4 polttopuiksi, mutta sittemmin mets\u00e4 on kasvanut takaisin. Mets\u00e4n keskell\u00e4 sijaitsee my\u00f6s <a href=\"https:\/\/www.vuosiamaailmalla.fi\/?p=7374\">Teufelsbergin korkea kukkula<\/a>, joka n\u00e4kyy Berliinin keskustaan saakka.<\/p>\n<p><!--more--><\/p>\n<p style=\"text-align: center;\"><a href=\"\/blog\/wp-content\/uploads\/2008\/grunewaldin_puisto1.jpg\"><img decoding=\"async\" style=\"border: 0px none; margin: 5px;\" src=\"\/blog\/wp-content\/uploads\/2008\/grunewaldin_puisto1.jpg\" alt=\"\" \/><\/a><\/p>\n<p style=\"text-align: center;\"><em>Vehreit\u00e4 polkuja<\/em><\/p>\n<p style=\"text-align: justify;\">Kaunis kev\u00e4inen keli sai meid\u00e4t l\u00e4htem\u00e4\u00e4n katsomaan aluetta t\u00e4n\u00e4\u00e4n sunnuntaina ja kev\u00e4\u00e4n etenemist\u00e4 siell\u00e4. Grunewaldiin on helppo saapua <em>S-Bahnilla<\/em> Berliinin keskustasta. Pienell\u00e4 juna-asemalla on kuitenkin synkk\u00e4 historia, sill\u00e4 siell\u00e4 natsit lastasivat junavaunuihin yli 50 000 Berliinin juutalaista, jotka kuljetettiin Varsovan ja Lodzin ghettoihin tai suoraan Auschwitzin ja Theresianstadtin keskitysleireille. Tapahtuneesta muistuttaa muistomerkki asemarakennuksen kupeessa.<\/p>\n<p style=\"text-align: center;\"><a href=\"\/blog\/wp-content\/uploads\/2008\/grunewaldin_asema.jpg\"><img decoding=\"async\" style=\"border: 0px none; margin: 5px;\" src=\"\/blog\/wp-content\/uploads\/2008\/grunewaldin_asema.jpg\" alt=\"\" \/><\/a><\/p>\n<p style=\"text-align: center;\"><em>Synk\u00e4n historian juna-asema<\/em><\/p>\n<p style=\"text-align: center;\"><a href=\"\/blog\/wp-content\/uploads\/2008\/grunewaldin_taloja3.jpg\"><img decoding=\"async\" style=\"border: 0px none; margin: 5px;\" src=\"\/blog\/wp-content\/uploads\/2008\/grunewaldin_taloja3.jpg\" alt=\"\" \/><\/a><\/p>\n<p style=\"text-align: center;\"><em>Vehre\u00e4\u00e4 kadunviert\u00e4<\/em><\/p>\n<p style=\"text-align: justify;\">Grunewaldin alueella sijaitsee my\u00f6s monen maan suurl\u00e4hetyst\u00f6 vanhoissa suurissa kivirakennuksissa. Alueella olevat asuintalot ovat muutenkin sangen suuria ja paikoin hulppeita kivilinnoja. Uuttakin rakennetaan paljon ja monet uudisrakennukset edustavatkin modernia pelkistetty\u00e4 arkkitehtuuria.<\/p>\n<p style=\"text-align: center;\"><a href=\"\/blog\/wp-content\/uploads\/2008\/grunewaldin_taloja1.jpg\"><img decoding=\"async\" style=\"border: 0px none; margin: 5px;\" src=\"\/blog\/wp-content\/uploads\/2008\/thumbs\/thumbs_grunewaldin_taloja1.jpg\" alt=\"\" \/><\/a><a href=\"\/blog\/wp-content\/uploads\/2008\/grunewaldin_taloja4.jpg\"><img decoding=\"async\" style=\"border: 0px none; margin: 5px;\" src=\"\/blog\/wp-content\/uploads\/2008\/thumbs\/thumbs_grunewaldin_taloja4.jpg\" alt=\"\" \/><\/a><a href=\"\/blog\/wp-content\/uploads\/2008\/grunewaldin_taloja10.jpg\"><img decoding=\"async\" style=\"border: 0px none; margin: 5px;\" src=\"\/blog\/wp-content\/uploads\/2008\/thumbs\/thumbs_grunewaldin_taloja10.jpg\" alt=\"\" \/><\/a><\/p>\n<p style=\"text-align: center;\"><em>Isoja huviloita ja asuintaloja<\/em><\/p>\n<p style=\"text-align: center;\"><a href=\"\/blog\/wp-content\/uploads\/2008\/grunewaldin_taloja6.jpg\"><img decoding=\"async\" style=\"border: 0px none; margin: 5px;\" src=\"\/blog\/wp-content\/uploads\/2008\/grunewaldin_taloja6.jpg\" alt=\"\" \/><\/a><\/p>\n<p style=\"text-align: center;\"><em>Suurl\u00e4hetyst\u00f6 Grunewaldissa<\/em><\/p>\n<p style=\"text-align: center;\"><a href=\"\/blog\/wp-content\/uploads\/2008\/grunewaldin_taloja7.jpg\"><img decoding=\"async\" style=\"border: 0px none; margin: 5px;\" src=\"\/blog\/wp-content\/uploads\/2008\/thumbs\/thumbs_grunewaldin_taloja7.jpg\" alt=\"\" \/><\/a><a href=\"\/blog\/wp-content\/uploads\/2008\/grunewaldin_taloja8.jpg\"><img decoding=\"async\" style=\"border: 0px none; margin: 5px;\" src=\"\/blog\/wp-content\/uploads\/2008\/thumbs\/thumbs_grunewaldin_taloja8.jpg\" alt=\"\" \/><\/a><a href=\"\/blog\/wp-content\/uploads\/2008\/grunewaldin_taloja11.jpg\"><img decoding=\"async\" style=\"border: 0px none; margin: 5px;\" src=\"\/blog\/wp-content\/uploads\/2008\/thumbs\/thumbs_grunewaldin_taloja11.jpg\" alt=\"\" \/><\/a><a href=\"\/blog\/wp-content\/uploads\/2008\/kirkko_grunewaldissa.jpg\"><img decoding=\"async\" style=\"border: 0px none; margin: 5px;\" src=\"\/blog\/wp-content\/uploads\/2008\/thumbs\/thumbs_kirkko_grunewaldissa.jpg\" alt=\"\" \/><\/a><\/p>\n<p style=\"text-align: center;\"><em>Monenlaisia kivilinnoja<\/em><\/p>\n<p style=\"text-align: center;\"><a href=\"\/blog\/wp-content\/uploads\/2008\/grunewaldin_taloja2.jpg\"><img decoding=\"async\" style=\"border: 0px none; margin: 5px;\" src=\"\/blog\/wp-content\/uploads\/2008\/thumbs\/thumbs_grunewaldin_taloja2.jpg\" alt=\"\" \/><\/a><a href=\"\/blog\/wp-content\/uploads\/2008\/grunewaldin_taloja9.jpg\"><img decoding=\"async\" style=\"border: 0px none; margin: 5px;\" src=\"\/blog\/wp-content\/uploads\/2008\/thumbs\/thumbs_grunewaldin_taloja9.jpg\" alt=\"\" \/><\/a><\/p>\n<p style=\"text-align: center;\"><em>Uutta rakennuskantaa<\/em><\/p>\n<p style=\"text-align: justify;\">P\u00e4iv\u00e4 oli kaunis ja muutaman kilometrin mittainen k\u00e4velymatkamme halki Grunewaldin asuinalueen oli mukavan kev\u00e4inen aamup\u00e4iv\u00e4. Grunewaldia ja varsinkin sen pienten lampien t\u00e4plitt\u00e4m\u00e4\u00e4 mets\u00e4ist\u00e4 aluetta olisikin kiinnostavaa tulla tutkimaan my\u00f6hemm\u00e4ss\u00e4 vaiheessa hieman paremmin. \ud83d\ude42<\/p>\n<p style=\"text-align: center;\"><a href=\"\/blog\/wp-content\/uploads\/2008\/grunewaldin_taloja5.jpg\"><img decoding=\"async\" style=\"border: 0px none; margin: 5px;\" src=\"\/blog\/wp-content\/uploads\/2008\/grunewaldin_taloja5.jpg\" alt=\"\" \/><\/a><\/p>\n<p style=\"text-align: center;\"><em><a title=\"Berliinin kes\u00e4keitaat\" href=\"https:\/\/www.vuosiamaailmalla.fi\/?p=10141\">Uimaranta<\/a> l\u00e4heisell\u00e4 rannalla<\/em><\/p>\n","protected":false},"excerpt":{"rendered":"<p>Grunewald on vehre\u00e4 12 000 asukkaan asuinalue Berliinin lounaisosissa matkalla Potsdamiin. Alue on tunnettu aina paremman luokan asuinalueena ja alueella asuukin monia kulttuuriel\u00e4m\u00e4n ja politiikan vaikuttajia. Alue on saanut nimens\u00e4 suuresta mets\u00e4st\u00e4 joka verhoaa alueen l\u00e4nsiosia ja on suosittu berliinil\u00e4isten ulkoilualue. Toisen maailmansodan aikana berliinil\u00e4iset kaatoivat suuren osan mets\u00e4st\u00e4 polttopuiksi, mutta sittemmin mets\u00e4 on kasvanut &hellip; <a href=\"https:\/\/www.vuosiamaailmalla.fi\/blog\/2008\/kevatta-ilmassa-grunewaldissa\/\" class=\"more-link\">Jatka lukemista<span class=\"screen-reader-text\"> &#8221;Kev\u00e4tt\u00e4 ilmassa Grunewaldissa&#8221;<\/span><\/a><\/p>\n","protected":false},"author":1,"featured_media":10161,"comment_status":"open","ping_status":"open","sticky":false,"template":"","format":"standard","meta":{"_jetpack_memberships_contains_paid_content":false,"footnotes":""},"categories":[18,3],"tags":[21,34,49,835,139,160,522,190],"class_list":["post-4118","post","type-post","status-publish","format-standard","has-post-thumbnail","hentry","category-arki-saksassa","category-arki-ulkomailla","tag-2-maailmansota","tag-arki","tag-berliini","tag-berlin-grunewald","tag-historiaa-2","tag-kevat","tag-natsi-saksa","tag-saksa"],"jetpack_featured_media_url":"https:\/\/www.vuosiamaailmalla.fi\/blog\/wp-content\/uploads\/grunewald_banner.jpg","jetpack_sharing_enabled":true,"_links":{"self":[{"href":"https:\/\/www.vuosiamaailmalla.fi\/blog\/wp-json\/wp\/v2\/posts\/4118","targetHints":{"allow":["GET"]}}],"collection":[{"href":"https:\/\/www.vuosiamaailmalla.fi\/blog\/wp-json\/wp\/v2\/posts"}],"about":[{"href":"https:\/\/www.vuosiamaailmalla.fi\/blog\/wp-json\/wp\/v2\/types\/post"}],"author":[{"embeddable":true,"href":"https:\/\/www.vuosiamaailmalla.fi\/blog\/wp-json\/wp\/v2\/users\/1"}],"replies":[{"embeddable":true,"href":"https:\/\/www.vuosiamaailmalla.fi\/blog\/wp-json\/wp\/v2\/comments?post=4118"}],"version-history":[{"count":0,"href":"https:\/\/www.vuosiamaailmalla.fi\/blog\/wp-json\/wp\/v2\/posts\/4118\/revisions"}],"wp:featuredmedia":[{"embeddable":true,"href":"https:\/\/www.vuosiamaailmalla.fi\/blog\/wp-json\/wp\/v2\/media\/10161"}],"wp:attachment":[{"href":"https:\/\/www.vuosiamaailmalla.fi\/blog\/wp-json\/wp\/v2\/media?parent=4118"}],"wp:term":[{"taxonomy":"category","embeddable":true,"href":"https:\/\/www.vuosiamaailmalla.fi\/blog\/wp-json\/wp\/v2\/categories?post=4118"},{"taxonomy":"post_tag","embeddable":true,"href":"https:\/\/www.vuosiamaailmalla.fi\/blog\/wp-json\/wp\/v2\/tags?post=4118"}],"curies":[{"name":"wp","href":"https:\/\/api.w.org\/{rel}","templated":true}]}}