{"id":4695,"date":"2015-03-20T20:08:02","date_gmt":"2015-03-21T03:08:02","guid":{"rendered":"http:\/\/13.53.127.146\/?p=4695"},"modified":"2015-06-29T17:33:49","modified_gmt":"2015-06-30T00:33:49","slug":"aikainen-kevat","status":"publish","type":"post","link":"https:\/\/www.vuosiamaailmalla.fi\/blog\/2015\/aikainen-kevat\/","title":{"rendered":"Aikainen kev\u00e4t"},"content":{"rendered":"<p style=\"text-align: justify;\">Viime vuonna en tehnytk\u00e4\u00e4n kirjausta kev\u00e4\u00e4n tulosta ja lehtien ilmestymisest\u00e4 puuhun, mutta kahtena aiempana vuotena pistin p\u00e4iv\u00e4n yl\u00f6s: <a title=\"Lehtivihre\u00e4\u00e4\" href=\"https:\/\/www.vuosiamaailmalla.fi\/?p=1813\">huhtikuun 4.<\/a> (2013) ja <a title=\"Lehtivihre\u00e4\u00e4\" href=\"https:\/\/www.vuosiamaailmalla.fi\/?p=1813\">huhtikuun 11.<\/a> p\u00e4iv\u00e4 (2012). T\u00e4n\u00e4 vuonna kev\u00e4t onkin per\u00e4ti pari viikkoa etuajassa, sill\u00e4 t\u00e4n\u00e4\u00e4n 20. maaliskuuta ensimm\u00e4iset lehdet ovat avautuneet keskustan puihin. Loputkin puut seurannevat l\u00e4hiviikkoina, sill\u00e4 hiirenkorvia on joka puolella.<\/p>\n<p style=\"text-align: justify;\">Koko mennyt talvi on ollut hyvin <a title=\"Kiusana Pineapple Express ja nor\u2019easter\" href=\"https:\/\/www.vuosiamaailmalla.fi\/?p=3824\">lauha ja sateinen<\/a>, mik\u00e4 on auttanut kev\u00e4\u00e4n aikaista tuloa. Maaliskuun alun kaksi <a href=\"https:\/\/www.vuosiamaailmalla.fi\/?p=5754\">aurinkoista viikkoa<\/a> saivatkin puihin vauhtia ja t\u00e4m\u00e4n viikon sateet sitten viimeisteliv\u00e4t urakan. Tulevana viikonloppuna onkin mukava katsella joka p\u00e4iv\u00e4 entisest\u00e4\u00e4n vihertyv\u00e4\u00e4 kaupunkia. \ud83d\ude42<\/p>\n","protected":false},"excerpt":{"rendered":"<p>Viime vuonna en tehnytk\u00e4\u00e4n kirjausta kev\u00e4\u00e4n tulosta ja lehtien ilmestymisest\u00e4 puuhun, mutta kahtena aiempana vuotena pistin p\u00e4iv\u00e4n yl\u00f6s: huhtikuun 4. (2013) ja huhtikuun 11. p\u00e4iv\u00e4 (2012). T\u00e4n\u00e4 vuonna kev\u00e4t onkin per\u00e4ti pari viikkoa etuajassa, sill\u00e4 t\u00e4n\u00e4\u00e4n 20. maaliskuuta ensimm\u00e4iset lehdet ovat avautuneet keskustan puihin. Loputkin puut seurannevat l\u00e4hiviikkoina, sill\u00e4 hiirenkorvia on joka puolella. Koko mennyt &hellip; <a href=\"https:\/\/www.vuosiamaailmalla.fi\/blog\/2015\/aikainen-kevat\/\" class=\"more-link\">Jatka lukemista<span class=\"screen-reader-text\"> &#8221;Aikainen kev\u00e4t&#8221;<\/span><\/a><\/p>\n","protected":false},"author":1,"featured_media":0,"comment_status":"open","ping_status":"open","sticky":false,"template":"","format":"standard","meta":{"_jetpack_memberships_contains_paid_content":false,"footnotes":""},"categories":[17,3],"tags":[25,34,935,160,939],"class_list":["post-4695","post","type-post","status-publish","format-standard","hentry","category-arki-kanadassa","category-arki-ulkomailla","tag-ajankohtaista","tag-arki","tag-kanada","tag-kevat","tag-vancouver"],"jetpack_featured_media_url":"","jetpack_sharing_enabled":true,"_links":{"self":[{"href":"https:\/\/www.vuosiamaailmalla.fi\/blog\/wp-json\/wp\/v2\/posts\/4695","targetHints":{"allow":["GET"]}}],"collection":[{"href":"https:\/\/www.vuosiamaailmalla.fi\/blog\/wp-json\/wp\/v2\/posts"}],"about":[{"href":"https:\/\/www.vuosiamaailmalla.fi\/blog\/wp-json\/wp\/v2\/types\/post"}],"author":[{"embeddable":true,"href":"https:\/\/www.vuosiamaailmalla.fi\/blog\/wp-json\/wp\/v2\/users\/1"}],"replies":[{"embeddable":true,"href":"https:\/\/www.vuosiamaailmalla.fi\/blog\/wp-json\/wp\/v2\/comments?post=4695"}],"version-history":[{"count":0,"href":"https:\/\/www.vuosiamaailmalla.fi\/blog\/wp-json\/wp\/v2\/posts\/4695\/revisions"}],"wp:attachment":[{"href":"https:\/\/www.vuosiamaailmalla.fi\/blog\/wp-json\/wp\/v2\/media?parent=4695"}],"wp:term":[{"taxonomy":"category","embeddable":true,"href":"https:\/\/www.vuosiamaailmalla.fi\/blog\/wp-json\/wp\/v2\/categories?post=4695"},{"taxonomy":"post_tag","embeddable":true,"href":"https:\/\/www.vuosiamaailmalla.fi\/blog\/wp-json\/wp\/v2\/tags?post=4695"}],"curies":[{"name":"wp","href":"https:\/\/api.w.org\/{rel}","templated":true}]}}