{"id":5052,"date":"2015-05-13T18:52:06","date_gmt":"2015-05-14T01:52:06","guid":{"rendered":"http:\/\/13.53.127.146\/?p=5052"},"modified":"2019-12-17T20:38:40","modified_gmt":"2019-12-18T04:38:40","slug":"vaelluskauden-avaus-petgill-lakella","status":"publish","type":"post","link":"https:\/\/www.vuosiamaailmalla.fi\/blog\/2015\/vaelluskauden-avaus-petgill-lakella\/","title":{"rendered":"Vaelluskauden avaus Petgill Lakella"},"content":{"rendered":"<p style=\"text-align: justify;\">Vancouverissa elet\u00e4\u00e4n jo kaunista alkukes\u00e4\u00e4, mutta t\u00e4st\u00e4 huolimatta emme ole oikein p\u00e4\u00e4sseet uuden vaelluskauden makuun. Asiaan piti saada muutos ja niinp\u00e4 p\u00e4\u00e4timme l\u00e4hte\u00e4 nyt menneen\u00e4 lauantaina Squamishin suunnalle valloittamaan Petgill Laken pienelle vuoristolammelle johtava vaelluspolku. \ud83d\ude42<\/p>\n<p><!--more--><\/p>\n<p style=\"text-align: center;\"><a href=\"\/blog\/wp-content\/uploads\/2015\/petgill_lake_polku1.jpg\"><img decoding=\"async\" style=\"border: 0px none; margin: 5px;\" src=\"\/blog\/wp-content\/uploads\/2015\/petgill_lake_polku1.jpg\" alt=\"\" \/><\/a><\/p>\n<p style=\"text-align: center;\"><em>Polku Petgill Lakelle<\/em><\/p>\n<p>Polku alkaa <em>Sea to Sky Highwayn<\/em> varrelta, aivan <em>Murrin Provincial Parkin<\/em> suositun picnic-alueen parkkipaikalta. Polku ottaa heti alkumatkasta vaeltajalta luulot pois, sill\u00e4 varsinaiseen mets\u00e4\u00e4n p\u00e4\u00e4st\u00e4kseen on ensiksi kivuttava suurten lohkareiden ylitse. Mets\u00e4\u00e4n p\u00e4\u00e4sty\u00e4 maasto muuttuu onneksi helpommaksi kulkea, vaikka jatkaakin tasaista nousuaan aina yl\u00f6s saakka. Tielt\u00e4 kuuluva liikenteen melu j\u00e4\u00e4 kuitenkin taakse pian ensimm\u00e4isen notkelman j\u00e4lkeen ja ymp\u00e4r\u00f6iv\u00e4 \u00e4\u00e4nimaailma vaihtuu mets\u00e4n hiljaisuuteen.<\/p>\n<p style=\"text-align: center;\"><a href=\"\/blog\/wp-content\/uploads\/2015\/petgill_lake_polku3.jpg\"><img decoding=\"async\" style=\"border: 0px none; margin: 5px;\" src=\"\/blog\/wp-content\/uploads\/2015\/thumbs\/thumbs_petgill_lake_polku3.jpg\" alt=\"\" \/><\/a><a href=\"\/blog\/wp-content\/uploads\/2015\/petgill_lake_polku2.jpg\"><img decoding=\"async\" style=\"border: 0px none; margin: 5px;\" src=\"\/blog\/wp-content\/uploads\/2015\/thumbs\/thumbs_petgill_lake_polku2.jpg\" alt=\"\" \/><\/a><\/p>\n<p style=\"text-align: center;\"><em>Alun vehre\u00e4 maasto vaihtuu nopeasti synkk\u00e4\u00e4n mets\u00e4maisemaan<\/em><\/p>\n<p style=\"text-align: center;\"><a href=\"\/blog\/wp-content\/uploads\/2015\/petgill_lake_polku4.jpg\"><img decoding=\"async\" style=\"border: 0px none; margin: 5px;\" src=\"\/blog\/wp-content\/uploads\/2015\/thumbs\/thumbs_petgill_lake_polku4.jpg\" alt=\"\" \/><\/a><a href=\"\/blog\/wp-content\/uploads\/2015\/petgill_lake_polku5.jpg\"><img decoding=\"async\" style=\"border: 0px none; margin: 5px;\" src=\"\/blog\/wp-content\/uploads\/2015\/thumbs\/thumbs_petgill_lake_polku5.jpg\" alt=\"\" \/><\/a><a href=\"\/blog\/wp-content\/uploads\/2015\/petgill_lake_polku6.jpg\"><img decoding=\"async\" style=\"border: 0px none; margin: 5px;\" src=\"\/blog\/wp-content\/uploads\/2015\/thumbs\/thumbs_petgill_lake_polku6.jpg\" alt=\"\" \/><\/a><\/p>\n<p style=\"text-align: justify;\">Vaikka viikonloppuisin polulla onkin todella hiljaista ja kulkijoita eritt\u00e4in v\u00e4h\u00e4n, on tilanne viikolla hyvin erilainen. Vuoren rinteell\u00e4 tehd\u00e4\u00e4n nimitt\u00e4in paraikaa isoa mets\u00e4hakkuuta ja ty\u00f6maa on toiminnassa arkip\u00e4ivin\u00e4 (tuolloin itse polku on suljettu). Mets\u00e4koneille raivatut mets\u00e4tiet mutkittelevatkin pitkin keskivaiheen mets\u00e4maisemaa ja tekev\u00e4t reitin seuraamisen hankalaksi. Onneksi kuitenkin netist\u00e4 on tulostettavissa kunnon ohjeet, sill\u00e4 ilman niit\u00e4 on helppo k\u00e4vell\u00e4 polun ohitse.<\/p>\n<p style=\"text-align: center;\"><a href=\"\/blog\/wp-content\/uploads\/2015\/hakkuualue.jpg\"><img decoding=\"async\" style=\"border: 0px none; margin: 5px;\" src=\"\/blog\/wp-content\/uploads\/2015\/hakkuualue.jpg\" alt=\"\" \/><\/a><\/p>\n<p style=\"text-align: center;\"><em>Varoitus mets\u00e4hakkuusta<\/em><\/p>\n<p style=\"text-align: center;\"><a href=\"\/blog\/wp-content\/uploads\/2015\/raivattua_metsaa1.jpg\"><img decoding=\"async\" style=\"border: 0px none; margin: 5px;\" src=\"\/blog\/wp-content\/uploads\/2015\/thumbs\/thumbs_raivattua_metsaa1.jpg\" alt=\"\" \/><\/a><a href=\"\/blog\/wp-content\/uploads\/2015\/raivattua_metsaa2.jpg\"><img decoding=\"async\" style=\"border: 0px none; margin: 5px;\" src=\"\/blog\/wp-content\/uploads\/2015\/thumbs\/thumbs_raivattua_metsaa2.jpg\" alt=\"\" \/><\/a><\/p>\n<p style=\"text-align: center;\"><em>Rikki revitty mets\u00e4<\/em><\/p>\n<p style=\"text-align: center;\"><a href=\"\/blog\/wp-content\/uploads\/2015\/raivattua_metsaa3.jpg\"><img decoding=\"async\" style=\"border: 0px none; margin: 5px;\" src=\"\/blog\/wp-content\/uploads\/2015\/thumbs\/thumbs_raivattua_metsaa3.jpg\" alt=\"\" \/><\/a><a href=\"\/blog\/wp-content\/uploads\/2015\/raivattua_metsaa4.jpg\"><img decoding=\"async\" style=\"border: 0px none; margin: 5px;\" src=\"\/blog\/wp-content\/uploads\/2015\/thumbs\/thumbs_raivattua_metsaa4.jpg\" alt=\"\" \/><\/a><\/p>\n<p style=\"text-align: center;\"><em>Hakkuualueet n\u00e4kyv\u00e4t ylh\u00e4\u00e4lt\u00e4kin k\u00e4sin<\/em><\/p>\n<p style=\"text-align: justify;\">Mets\u00e4hakkuu on ik\u00e4v\u00e4 n\u00e4ky, mutta l\u00e4nsirannikon vuoristoisillakin alueilla sangen yleist\u00e4. Kaivinkoneisiin ja dumppereihin perustuvat mets\u00e4koneet p\u00e4rj\u00e4\u00e4v\u00e4t jyrk\u00e4ss\u00e4kin rinteess\u00e4 ja teit\u00e4 pitkin puut saadaan kuljetettua alemmas tukkirekkojen ulottuville. Hakattu mets\u00e4 on ankea n\u00e4ky, mutta onneksi luonto alkaa peitt\u00e4m\u00e4\u00e4n alueita jo muutaman vuoden sis\u00e4ll\u00e4.<\/p>\n<p style=\"text-align: center;\"><a href=\"\/blog\/wp-content\/uploads\/2015\/metsakone2.jpg\"><img decoding=\"async\" style=\"border: 0px none; margin: 5px;\" src=\"\/blog\/wp-content\/uploads\/2015\/thumbs\/thumbs_metsakone2.jpg\" alt=\"\" \/><\/a><a href=\"\/blog\/wp-content\/uploads\/2015\/metsakone1.jpg\"><img decoding=\"async\" style=\"border: 0px none; margin: 5px;\" src=\"\/blog\/wp-content\/uploads\/2015\/thumbs\/thumbs_metsakone1.jpg\" alt=\"\" \/><\/a><\/p>\n<p style=\"text-align: center;\"><em>Mets\u00e4koneita reitin varrella<\/em><\/p>\n<p style=\"text-align: justify;\">Loppumatkalla j\u00e4rvelle hakkuut eiv\u00e4t kuitenkaan en\u00e4\u00e4 maisemassa n\u00e4y ja polku kulkee kallioiden saartamana paikoin synke\u00e4ss\u00e4 mets\u00e4ss\u00e4. Lopulta vaiva kuitenkin palkitaan Petgill Laken pienell\u00e4 lammella keskell\u00e4 vehre\u00e4\u00e4 mets\u00e4\u00e4. Lammen luota ei kuitenkaan aukea mink\u00e4\u00e4nlaista maisemaa, joten siit\u00e4 kannattaa jatkaa viel\u00e4 puolisen kilometri\u00e4 ylemm\u00e4lle n\u00e4k\u00f6alapaikalle. Sielt\u00e4 aukeava maisema kattaa koko Howe Soundin upean vuonon ja Squamishin leipeill\u00e4 kohoava <a title=\"Stawamus Chief\" href=\"https:\/\/www.vuosiamaailmalla.fi\/?p=2952\">Stawamus Chiefin<\/a> vuorikin n\u00e4kyy hyvin. Pienet hakkuuaukot n\u00e4k\u00f6alapaikan alapuolella antavat puolestaan osviittaa mist\u00e4 reitti yl\u00f6s kulkee.<\/p>\n<p style=\"text-align: center;\"><a href=\"\/blog\/wp-content\/uploads\/2015\/petgill_lake.jpg\"><img decoding=\"async\" style=\"border: 0px none; margin: 5px;\" src=\"\/blog\/wp-content\/uploads\/2015\/petgill_lake.jpg\" alt=\"\" \/><\/a><\/p>\n<p style=\"text-align: center;\"><em>Pieni Petgill Lake<\/em><\/p>\n<p style=\"text-align: center;\"><a href=\"\/blog\/wp-content\/uploads\/2015\/squamish_ja_chief3.jpg\"><img decoding=\"async\" style=\"border: 0px none; margin: 5px;\" src=\"\/blog\/wp-content\/uploads\/2015\/thumbs\/thumbs_squamish_ja_chief3.jpg\" alt=\"\" \/><\/a><a href=\"\/blog\/wp-content\/uploads\/2015\/squamish_ja_chief1.jpg\"><img decoding=\"async\" style=\"border: 0px none; margin: 5px;\" src=\"\/blog\/wp-content\/uploads\/2015\/thumbs\/thumbs_squamish_ja_chief1.jpg\" alt=\"\" \/><\/a><\/p>\n<p style=\"text-align: center;\"><em>Squamish vierell\u00e4\u00e4n kuuluisa Stawamus Chief<\/em><\/p>\n<p style=\"text-align: center;\"><a href=\"\/blog\/wp-content\/uploads\/2015\/squamish_ja_chief2.jpg\"><img decoding=\"async\" style=\"border: 0px none; margin: 5px;\" src=\"\/blog\/wp-content\/uploads\/2015\/squamish_ja_chief2.jpg\" alt=\"\" \/><\/a><\/p>\n<p style=\"text-align: center;\"><em>Chief ja valkeahuippuinen Mount Garibaldi<\/em><\/p>\n<p style=\"text-align: justify;\">Ylh\u00e4\u00e4ll\u00e4 oli kaunista sy\u00f6d\u00e4 ev\u00e4st\u00e4 ja huilata upeaa maisemaa l\u00e4mpim\u00e4ss\u00e4 auringonpaisteessa katsellen. Paluumatkalla polvet joutuvat sitten todelliselle koetukselle, sill\u00e4 vertikaalia laskua on 650 metri\u00e4. Kokonaispituudeltaan reitti on hieman alle 12 kilometri\u00e4, mihin meilt\u00e4 kului noin viisi tuntia. Vaikka kyse ei ollutkaan parhaasta vaelluksestamme, olimme kuitenkin tyytyv\u00e4isi\u00e4 saavutukseemme ja ainakin vaelluskausi on nyt virallisesti avattu. Jatkoa onkin tiedossa jo tulevana viikonloppuna, kun suuntaamme nelip\u00e4iv\u00e4iseksi viikonlopuksi <a title=\"Kauniilla Sunshine Coastilla\" href=\"https:\/\/www.vuosiamaailmalla.fi\/?p=8152\">Sunshine Coastin er\u00e4maisemiin<\/a>. \ud83d\ude42<\/p>\n<p style=\"text-align: center;\"><a href=\"\/blog\/wp-content\/uploads\/2015\/petgill_lake_huipulla1.jpg\"><img decoding=\"async\" style=\"border: 0px none; margin: 5px;\" src=\"\/blog\/wp-content\/uploads\/2015\/thumbs\/thumbs_petgill_lake_huipulla1.jpg\" alt=\"\" \/><\/a><a href=\"\/blog\/wp-content\/uploads\/2015\/petgill_lake_huipulla3.jpg\"><img decoding=\"async\" style=\"border: 0px none; margin: 5px;\" src=\"\/blog\/wp-content\/uploads\/2015\/thumbs\/thumbs_petgill_lake_huipulla3.jpg\" alt=\"\" \/><\/a><a href=\"\/blog\/wp-content\/uploads\/2015\/petgill_lake_huipulla2.jpg\"><img decoding=\"async\" style=\"border: 0px none; margin: 5px;\" src=\"\/blog\/wp-content\/uploads\/2015\/thumbs\/thumbs_petgill_lake_huipulla2.jpg\" alt=\"\" \/><\/a><\/p>\n<p style=\"text-align: center;\"><em>Kaunis maisema ev\u00e4shetkelle<\/em><\/p>\n<p style=\"text-align: center;\"><a href=\"\/blog\/wp-content\/uploads\/2015\/petgill_lake_huippu_panoraama.jpg\"><img decoding=\"async\" style=\"border: 0px none; margin: 5px;\" src=\"\/blog\/wp-content\/uploads\/2015\/petgill_lake_huippu_panoraama_pieni.jpg\" alt=\"\" \/><\/a><\/p>\n<p style=\"text-align: center;\"><em>Howe Soundin upea vuono<\/em><\/p>\n","protected":false},"excerpt":{"rendered":"<p>Vancouverissa elet\u00e4\u00e4n jo kaunista alkukes\u00e4\u00e4, mutta t\u00e4st\u00e4 huolimatta emme ole oikein p\u00e4\u00e4sseet uuden vaelluskauden makuun. Asiaan piti saada muutos ja niinp\u00e4 p\u00e4\u00e4timme l\u00e4hte\u00e4 nyt menneen\u00e4 lauantaina Squamishin suunnalle valloittamaan Petgill Laken pienelle vuoristolammelle johtava vaelluspolku. \ud83d\ude42<\/p>\n","protected":false},"author":1,"featured_media":10416,"comment_status":"open","ping_status":"open","sticky":false,"template":"","format":"standard","meta":{"_jetpack_memberships_contains_paid_content":false,"footnotes":""},"categories":[17,3,774,15],"tags":[34,935,848,612,734,938],"class_list":["post-5052","post","type-post","status-publish","format-standard","has-post-thumbnail","hentry","category-arki-kanadassa","category-arki-ulkomailla","category-ulkoilu","category-vaeltaminen","tag-arki","tag-kanada","tag-petgill-lake","tag-squamish","tag-stawamus-chief","tag-vaellus"],"jetpack_featured_media_url":"https:\/\/www.vuosiamaailmalla.fi\/blog\/wp-content\/uploads\/petgill_lake_huippu_banner-1.jpg","jetpack_sharing_enabled":true,"_links":{"self":[{"href":"https:\/\/www.vuosiamaailmalla.fi\/blog\/wp-json\/wp\/v2\/posts\/5052","targetHints":{"allow":["GET"]}}],"collection":[{"href":"https:\/\/www.vuosiamaailmalla.fi\/blog\/wp-json\/wp\/v2\/posts"}],"about":[{"href":"https:\/\/www.vuosiamaailmalla.fi\/blog\/wp-json\/wp\/v2\/types\/post"}],"author":[{"embeddable":true,"href":"https:\/\/www.vuosiamaailmalla.fi\/blog\/wp-json\/wp\/v2\/users\/1"}],"replies":[{"embeddable":true,"href":"https:\/\/www.vuosiamaailmalla.fi\/blog\/wp-json\/wp\/v2\/comments?post=5052"}],"version-history":[{"count":0,"href":"https:\/\/www.vuosiamaailmalla.fi\/blog\/wp-json\/wp\/v2\/posts\/5052\/revisions"}],"wp:featuredmedia":[{"embeddable":true,"href":"https:\/\/www.vuosiamaailmalla.fi\/blog\/wp-json\/wp\/v2\/media\/10416"}],"wp:attachment":[{"href":"https:\/\/www.vuosiamaailmalla.fi\/blog\/wp-json\/wp\/v2\/media?parent=5052"}],"wp:term":[{"taxonomy":"category","embeddable":true,"href":"https:\/\/www.vuosiamaailmalla.fi\/blog\/wp-json\/wp\/v2\/categories?post=5052"},{"taxonomy":"post_tag","embeddable":true,"href":"https:\/\/www.vuosiamaailmalla.fi\/blog\/wp-json\/wp\/v2\/tags?post=5052"}],"curies":[{"name":"wp","href":"https:\/\/api.w.org\/{rel}","templated":true}]}}