{"id":5121,"date":"2015-06-18T15:53:55","date_gmt":"2015-06-18T22:53:55","guid":{"rendered":"http:\/\/13.53.127.146\/?p=5121"},"modified":"2019-12-17T20:54:18","modified_gmt":"2019-12-18T04:54:18","slug":"sairaalarumba-katkenneen-ranteen-vuoksi","status":"publish","type":"post","link":"https:\/\/www.vuosiamaailmalla.fi\/blog\/2015\/sairaalarumba-katkenneen-ranteen-vuoksi\/","title":{"rendered":"Sairaalarumba katkenneen ranteen vuoksi"},"content":{"rendered":"<p style=\"text-align: justify;\">Viime viikot ovat tarjonneet meille runsaasti omakohtaista kokemusta kanadalaisesta julkisesta terveydenhuollosta. Toukokuun alussa juhlitun <em>Victoria Dayn <\/em>pitk\u00e4n\u00e4 viikonloppuna Niinalle nimitt\u00e4in sattui <a title=\"Kauniilla Sunshine Coastilla\" href=\"https:\/\/www.vuosiamaailmalla.fi\/?p=8152\">Sunshine Coastilla<\/a> py\u00f6r\u00e4ilyonnettomuus, jonka seuraukset ovat aiheuttaneet paljon murhetta ja huolta, sek\u00e4 vaatineet meilt\u00e4 viisi sairaalareissua . \ud83d\ude15<\/p>\n<p><!--more--><\/p>\n<p style=\"text-align: justify;\">Onnettomuus tapahtui lomamatkallamme Vancouverista noin 50 kilometri\u00e4 l\u00e4nteen sijaitsevalla upealla Sunshine Coastin rannikolla. Olimme ajaneet my\u00f6h\u00e4\u00e4n torstai-iltana hotellillemme Egmontiin ja perjantaina aloimme tutkia ymp\u00e4r\u00f6iv\u00e4\u00e4 seutua <a href=\"https:\/\/www.vuosiamaailmalla.fi\/?p=3051\">mukanamme olevilla<\/a> polkupy\u00f6rill\u00e4mme. Aamup\u00e4iv\u00e4 meni mukavasti rauhallisesta luonnosta nauttien ja iltap\u00e4iv\u00e4st\u00e4 p\u00e4\u00e4timme py\u00f6r\u00e4ill\u00e4 aivan Egmontin l\u00e4hist\u00f6ll\u00e4 sijaitseville Skookumchuck Narrowsille, joka ovat mielenkiintoinen luonnonilmi\u00f6.<\/p>\n<p style=\"text-align: justify;\">Matka alkoi hyvin ja hiekkapolkua oli sangen helppo py\u00f6r\u00e4ill\u00e4. Polun lopussa on kuitenkin alam\u00e4ki, jossa Niina kaatui liiallisen vauhdin vuoksi mutkassa oikealle kyljelleen ja juuri polun vieress\u00e4 ollutta tukkia vasten. Autoin Niinan yl\u00f6s, mutta h\u00e4n tiesi heti ett\u00e4 jotain oli tapahtunut, sill\u00e4 h\u00e4nen ranteessaan oli kova s\u00e4rky. Teimme paidastani h\u00e4nelle tilap\u00e4isen kantositeen ja l\u00e4hdimme v\u00e4litt\u00f6m\u00e4sti takaisin autolle. K\u00e4velymatkaa autolle oli kuitenkin noin tunnin verran, eik\u00e4 alueella ollut edes matkapuhelinverkkoa. Autolle p\u00e4\u00e4sty\u00e4mme ajoimme \u00e4kki\u00e4 hotellillemme, josta saimme mukaamme pussillissen j\u00e4it\u00e4 kivun lievitt\u00e4miseksi.<\/p>\n<p style=\"text-align: center;\"><a href=\"\/blog\/wp-content\/uploads\/2015\/hetki_ennen_onnettomuutta.jpg\"><img decoding=\"async\" style=\"border: 0px none; margin: 5px;\" src=\"\/blog\/wp-content\/uploads\/2015\/thumbs\/thumbs_hetki_ennen_onnettomuutta.jpg\" alt=\"\" \/><\/a><a href=\"\/blog\/wp-content\/uploads\/2015\/onnettomuuspaikka.jpg\"><img decoding=\"async\" style=\"border: 0px none; margin: 5px;\" src=\"\/blog\/wp-content\/uploads\/2015\/thumbs\/thumbs_onnettomuuspaikka.jpg\" alt=\"\" \/><\/a><\/p>\n<p style=\"text-align: center;\"><em>Hetki ennen onnettomuutta ja onnettomuuspaikka<\/em><\/p>\n<p style=\"text-align: justify;\">Sunshine Coastin ainoa sairaala sijaitsee Secheltiss\u00e4, noin 60 kilometri\u00e4 Egmontista takaisin kohti Vancouveria. Ajomatka kesti tunnin, mutta perill\u00e4 p\u00e4\u00e4simme nopeasti ensiapuun ja r\u00f6ntgenkuvat vahvistivat ett\u00e4 pienempi ranteen kahdesta luusta oli todellakin napsahtanut kokonaan poikki. Todenn\u00e4k\u00f6isesti kaatuessa <a href=\"https:\/\/www.vuosiamaailmalla.fi\/?p=1884\">rannekello<\/a> oli painanut luuta ja aiheuttanut luun t\u00e4ydellisen katkeamisen. \ud83d\udca1<\/p>\n<p style=\"text-align: center;\"><a href=\"\/blog\/wp-content\/uploads\/2015\/rontgenkuva.jpg\"><img decoding=\"async\" style=\"border: 0px none; margin: 5px;\" src=\"\/blog\/wp-content\/uploads\/2015\/thumbs\/thumbs_rontgenkuva.jpg\" alt=\"\" \/><\/a><\/p>\n<p style=\"text-align: center;\"><em>R\u00f6ntgenkuva ranteesta<\/em><\/p>\n<p style=\"text-align: justify;\">L\u00e4\u00e4k\u00e4ri laittoi Niinalle ranteen mittaisen kipsin ja kertoi ett\u00e4 luut kyll\u00e4 parantuisivat asentoonsa 4-6 viikossa. Tieto oli rauhoittava ja luulimme pahimman olevan jo takanamme. Onneksemme saimme ottaa r\u00f6ntgenkuvasta valokuvan, jonka Niina laittoi illalla <em>Facebookiin<\/em>. Siell\u00e4 Suomessa asuva l\u00e4\u00e4k\u00e4rituttava kuitenkin totesi, ett\u00e4 kyseisen luun parantuminen vaatisi h\u00e4nen mielest\u00e4\u00e4n paljon pidemm\u00e4n kipsin ja ett\u00e4 Suomessa yleens\u00e4 viel\u00e4 ranneleikkauksen, jotta voitaisiin varmistua siit\u00e4 ett\u00e4 ranne tosiaan luutuu oikealla tavalla.<\/p>\n<p style=\"text-align: center;\"><a href=\"\/blog\/wp-content\/uploads\/2015\/eka_kipsi.jpg\"><img decoding=\"async\" style=\"border: 0px none; margin: 5px;\" src=\"\/blog\/wp-content\/uploads\/2015\/eka_kipsi.jpg\" alt=\"\" \/><\/a><\/p>\n<p style=\"text-align: center;\"><em>Ensimm\u00e4inen kipsi<\/em><\/p>\n<p style=\"text-align: justify;\">Kommentti sai meid\u00e4t miettim\u00e4\u00e4n toisen mielipiteen kysymist\u00e4 ja niinp\u00e4 maanantaina paluumatkallamme kotiin ajoimme <a title=\"Kes\u00e4p\u00e4iv\u00e4 North Vancouverissa\" href=\"https:\/\/www.vuosiamaailmalla.fi\/?p=7861\">North Vancouverin<\/a> keskussairaalalle. Valitsimme sairaalan ihan vain helpomman pys\u00e4k\u00f6innin vuoksi sek\u00e4 koska arvelimme heill\u00e4 olevan paljon kokemusta North Shore Mountainseilla itsens\u00e4 telovien vaeltajien paikkauksesta.<\/p>\n<p style=\"text-align: center;\"><a href=\"\/blog\/wp-content\/uploads\/2015\/urheana_seuraavana_paivana.jpg\"><img decoding=\"async\" style=\"border: 0px none; margin: 5px;\" src=\"\/blog\/wp-content\/uploads\/2015\/thumbs\/thumbs_urheana_seuraavana_paivana.jpg\" alt=\"\" \/><\/a><\/p>\n<p style=\"text-align: center;\"><em>Urheana onnettomuuden j\u00e4lkeisen\u00e4 aamuna<\/em><\/p>\n<p style=\"text-align: justify;\">Pitk\u00e4n viikonlopun maanantai oli todella kiireinen ja sairaalalla valtavasti potilaita. Jouduimme odottamaan vuoroamme viisi tuntia, koska Niina luokiteltiin ihan aiheellisesti ei-kiireelliseksi potilaaksi. Meit\u00e4 hoitanut l\u00e4\u00e4k\u00e4ri oli oikein mukava ja hauska, ja laittoi Niinan uusiin r\u00f6ntgenkuviin. Niiden perusteella k\u00e4den ja olkap\u00e4\u00e4n muissa luissa ei ollut murtumia, joten diagnoosi oli vain vaihtaa kipsi pidemp\u00e4\u00e4n koko k\u00e4den muumioivaan versioon. L\u00e4\u00e4k\u00e4ri my\u00f6s l\u00e4hetti kuvat ortopedin katsottavaksi, joka ilmoittaisi arvionsa muutaman p\u00e4iv\u00e4n sis\u00e4ll\u00e4.<\/p>\n<p style=\"text-align: center;\"><a href=\"\/blog\/wp-content\/uploads\/2015\/pidempi_kipsi.jpg\"><img decoding=\"async\" style=\"border: 0px none; margin: 5px;\" src=\"\/blog\/wp-content\/uploads\/2015\/pidempi_kipsi.jpg\" alt=\"\" \/><\/a><\/p>\n<p style=\"text-align: center;\"><em>Pidempi muumiokipsi<\/em><\/p>\n<p style=\"text-align: justify;\">Olimme j\u00e4lleen tyytyv\u00e4isi\u00e4 saatuamme ranteen tueksi pidemm\u00e4n kipsin, mutta keskiviikkona saimme huonoja uutisia. Ortopedin arvio oli ett\u00e4 ranne t\u00e4ytyisi leikata ja tukea ihon alle asennettavalla metallilevyll\u00e4. Leikkaus tapahtuisi loppuviikosta ja lauantaiaamuna olimme takaisin sairaalalla.<\/p>\n<p style=\"text-align: justify;\">Emme ole kumpikaan olleet leikkauksessa oikeastaan koskaan, joten kokemus oli meille ensimm\u00e4inen. Leikkaus toteutettiin potilaan nukutuksella, joten Niina nukkui koko operaation l\u00e4vitse ja her\u00e4si vasta kun h\u00e4nt\u00e4 kuljetettiin toipumistilaan. Lauantai-ilta meni vahvoista nukutus- ja kipul\u00e4\u00e4kkeist\u00e4 toipuessa, mutta jo maanantaina Niina meni normaalisti t\u00f6ihin.<\/p>\n<p style=\"text-align: center;\"><a href=\"\/blog\/wp-content\/uploads\/2015\/ennen_leikkausta.jpg\"><img decoding=\"async\" style=\"border: 0px none; margin: 5px;\" src=\"\/blog\/wp-content\/uploads\/2015\/thumbs\/thumbs_ennen_leikkausta.jpg\" alt=\"\" \/><\/a><\/p>\n<p style=\"text-align: center;\"><em>Muodikkaana odotushuoneessa<\/em><\/p>\n<p style=\"text-align: justify;\">T\u00e4ss\u00e4 vaiheessa uskoimme pahimman olevan jo viimein takana ja kaksi viikkoa my\u00f6hemmin oli tarkoitus palata sairaalalle tarkastusk\u00e4ynnille, joka oli viime viikon tiistaina. Kaikki vaikutti etenev\u00e4n hyvin ja leikkaushaava olikin alkanut parantua erinomaisesti. Niinan ranne oli viel\u00e4 j\u00e4ykk\u00e4, mink\u00e4 on kuitenkin normaalia ennen kuntoutuksen aloittamista. Olimme tyytyv\u00e4isi\u00e4 uutisista, mutta meit\u00e4 ihmetytti p\u00e4ivyst\u00e4v\u00e4n ortopedin arvio ettei r\u00f6ntgenkuvia tarvitsisi ottaa kuin vasta nelj\u00e4n viikon p\u00e4\u00e4st\u00e4 lopullisen tarkastuksen aikaan. Pyysimme kuitenkin ett\u00e4 r\u00f6ntgenkuvat otettaisiin mielenrauhamme vuoksi ja ne paljastivatkin ett\u00e4 metallilevy oli p\u00e4\u00e4ssyt irtoamaan (tai l\u00f6ystym\u00e4\u00e4n) ja ranne pit\u00e4isi leikata uudelleen! \ud83d\ude41<\/p>\n<p style=\"text-align: justify;\">T\u00e4m\u00e4 oli tietenkin kaikkea muuta kuin olimme halunneet kuulla, mutta asiassa ei ollut vaihtoehtoja. Niinp\u00e4 olimme heti seuraavana p\u00e4iv\u00e4n\u00e4 takaisin sairaalalla odottamassa toista leikkausta. Leikkauksen suoritti toinen ortopedi ja levy kiinnitettiin paremmin paikalleen. Leikkaus oli kuitenkin vaikeampi ja kesti kaksi tuntia (ensimm\u00e4inen kesti tunnin) ja Niinan tokeentuminen l\u00e4\u00e4kkeist\u00e4 sek\u00e4 kovasta s\u00e4ryst\u00e4 kesti sekin nelj\u00e4 tuntia.<\/p>\n<p style=\"text-align: center;\"><a href=\"\/blog\/wp-content\/uploads\/2015\/leikkauksen_uuvuttama.jpg\"><img decoding=\"async\" style=\"border: 0px none; margin: 5px;\" src=\"\/blog\/wp-content\/uploads\/2015\/leikkauksen_uuvuttama.jpg\" alt=\"\" \/><\/a><\/p>\n<p style=\"text-align: center;\"><em>Leikkauksen j\u00e4lkeen v\u00e4sytt\u00e4\u00e4<\/em><\/p>\n<p style=\"text-align: justify;\">T\u00e4st\u00e4 on nyt kulunut viikko ja l\u00e4\u00e4kekuurit on sy\u00f6ty loppuun. N\u00e4in monen koettelemuksen j\u00e4lkeen odotamme hermostuneina ensi viikolla olevaa uutta tarkastusk\u00e4ynti\u00e4, jossa pit\u00e4isi nyt viimein kuulua hyvi\u00e4 uutisia. Jo olisi sen aika! \ud83d\ude2e<\/p>\n<p style=\"text-align: justify;\">Miksi ensimm\u00e4inen leikkaus sitten ep\u00e4onnistui? On todenn\u00e4k\u00f6ist\u00e4 ett\u00e4 itse leikkaus ei ep\u00e4onnistunut, mutta levyn kiinnitys luuhun oli sen verran heikko ettei se pit\u00e4nyt luita t\u00e4ysin paikallaan. Nyt kiinnitys toivottavasti pit\u00e4\u00e4, mutta valitettavasti levy pit\u00e4\u00e4 viel\u00e4 joskus my\u00f6hemmin poistaa kolmannessa leikkauksessa, kunhan luu on ensiksi parantunut.<\/p>\n<p style=\"text-align: justify;\">Vaikka kuukauden ajanjaksoon onkin mahtunut paljon valitettavia k\u00e4\u00e4nteit\u00e4, on kuitenkin pakko sanoa ett\u00e4 olemme saaneet hyv\u00e4\u00e4 hoitoa. Kyseisen luun katkeaminen on kuulemma hieman poikkeuksellista ja sit\u00e4 voidaan hoitaa monellakin tavalla. T\u00e4ten ensimm\u00e4isen l\u00e4\u00e4k\u00e4rin arvio ei ollut t\u00e4ysin v\u00e4\u00e4rin, vaan eritt\u00e4in optimistinen sen suhteen ett\u00e4 luutuminen tapahtuisi ilman ongelmia. Siksi olikin onni ett\u00e4 laitoimme kuvan Facebookiin ja saimme kimmokkeen toisen l\u00e4\u00e4k\u00e4rin mielipiteen kysymiseksi.<\/p>\n<p style=\"text-align: justify;\">North Vancouverissa sijaitsevan <em>Lions Gate Hospitalin<\/em> palvelu sek\u00e4 ensiavussa ett\u00e4 leikkausten aikana on ollut mielest\u00e4mme hyv\u00e4\u00e4 ja on enemm\u00e4nkin huonoa tuuria ettei ensimm\u00e4inen kiinnitys pit\u00e4nyt odotetulla tavalla. Oli j\u00e4lleen onnekasta pyyt\u00e4\u00e4 ensimm\u00e4isell\u00e4 tarkastusk\u00e4ynnill\u00e4 r\u00f6ntgenkuvia, koska l\u00e4\u00e4k\u00e4rit eiv\u00e4t m\u00e4\u00e4r\u00e4\u00e4 niit\u00e4 jos kokevat tilanteen muuten normaaliksi. T\u00e4ss\u00e4 tilanteessa se kuitenkin pelasti meid\u00e4t pitk\u00e4lt\u00e4 harmilta ja toivottavasti toinen leikkaus oli nyt t\u00e4ydellinen.<\/p>\n<p style=\"text-align: justify;\">Mit\u00e4 t\u00e4m\u00e4 kaikki on sitten maksanut meille?<span style=\"color: #008000;\"><strong> Ei mit\u00e4\u00e4n.<\/strong><\/span> Kaikki l\u00e4\u00e4k\u00e4rik\u00e4ynnit sairaalassa sek\u00e4 kaksi ranneleikkausta ovat olleet meille t\u00e4ysin ilmaisia, sill\u00e4 ne on kattanut kokonaan provinssin oma julkinen terveydenhuoltoj\u00e4rjestelm\u00e4, joka tunnetaan nimell\u00e4 <em>Medical Services Plan <\/em>(MSP). Sille operaatioista on kuitenkin kertynyt maksettavaa ainakin $10 000 dollaria, mutta meille niist\u00e4 ei ole kertynyt mink\u00e4\u00e4nlaisia kuluja.<\/p>\n<p style=\"text-align: justify;\">Ainoa asia mist\u00e4 olemme joutuneet maksamaan parikymppi\u00e4 oli laadukkaampi kantoside sek\u00e4 lasikuitukipsi. Nekin olisivat olleet ilmaiset jos olisimme tyytyneet halvimpaan vaihtoehtoon. L\u00e4\u00e4kkeidenkin hinnan saamme laskutettua lis\u00e4vakuutuksemme vakuutuksen piikkiin, mutta MSP:n ansiosta l\u00e4\u00e4kkeet maksavat vain muutaman kympin ilman vakuutustakin. \ud83d\ude2e<\/p>\n<p style=\"text-align: justify;\">T\u00e4ss\u00e4 valossa voikin sanoa ett\u00e4 kokemuksemme kanalaisesta julkisesta terveydenhuollosta on ollut eritt\u00e4in positiivinen. Amerikassa t\u00e4llainen vahinko voisi nimitt\u00e4in vied\u00e4 vakuuttamattoman ihmisen syv\u00e4\u00e4n velkaan, mutta Kanadassa t\u00e4llaisesta ei ole vaaraa ja siksi Kanada on mielest\u00e4mme <a href=\"https:\/\/www.vuosiamaailmalla.fi\/?p=2163\">parempi paikka asua<\/a>. Kanadassakin ty\u00f6ss\u00e4k\u00e4yvill\u00e4 on yleens\u00e4 MSP:n lis\u00e4ksi viel\u00e4 ty\u00f6nantajan kustantama lis\u00e4vakuutus erikoissairaanhoidon varalle, mutta t\u00e4lle ei ollut t\u00e4ss\u00e4 tapauksessa mit\u00e4\u00e4n tarvetta.<\/p>\n<p style=\"text-align: justify;\">Mutta kuten aina, pienest\u00e4 vahingosta on silti ollut merkitt\u00e4v\u00e4 harmi ja vaiva, mutta ehk\u00e4p\u00e4 viimeinkin alamme olla voiton puolella ja Niina palautuu normaaliin kuntoon hein\u00e4kuun aikana. Eik\u00e4 vahinko pilannut t\u00e4ysin edes pitk\u00e4\u00e4 viikonloppuamme Sunshine Coastilla, vaan vietimme siell\u00e4 olosuhteisiin n\u00e4hden sangen rentouttavan loman kauniissa maisemissa. Niist\u00e4 tunnelmista kuitenkin <a title=\"Kauniilla Sunshine Coastilla\" href=\"https:\/\/www.vuosiamaailmalla.fi\/?p=8152\">my\u00f6hemmin lis\u00e4\u00e4<\/a>!<\/p>\n","protected":false},"excerpt":{"rendered":"<p>Viime viikot ovat tarjonneet meille runsaasti omakohtaista kokemusta kanadalaisesta julkisesta terveydenhuollosta. Toukokuun alussa juhlitun Victoria Dayn pitk\u00e4n\u00e4 viikonloppuna Niinalle nimitt\u00e4in sattui Sunshine Coastilla py\u00f6r\u00e4ilyonnettomuus, jonka seuraukset ovat aiheuttaneet paljon murhetta ja huolta, sek\u00e4 vaatineet meilt\u00e4 viisi sairaalareissua . \ud83d\ude15<\/p>\n","protected":false},"author":1,"featured_media":10419,"comment_status":"open","ping_status":"open","sticky":false,"template":"","format":"standard","meta":{"_jetpack_memberships_contains_paid_content":false,"footnotes":""},"categories":[3,4],"tags":[34,935,184,271,862],"class_list":["post-5121","post","type-post","status-publish","format-standard","has-post-thumbnail","hentry","category-arki-ulkomailla","category-asuminen-kanadassa","tag-arki","tag-kanada","tag-north-vancouver","tag-sunshine-coast","tag-terveydenhuolto"],"jetpack_featured_media_url":"https:\/\/www.vuosiamaailmalla.fi\/blog\/wp-content\/uploads\/rontgenkuva_banner-1.jpg","jetpack_sharing_enabled":true,"_links":{"self":[{"href":"https:\/\/www.vuosiamaailmalla.fi\/blog\/wp-json\/wp\/v2\/posts\/5121","targetHints":{"allow":["GET"]}}],"collection":[{"href":"https:\/\/www.vuosiamaailmalla.fi\/blog\/wp-json\/wp\/v2\/posts"}],"about":[{"href":"https:\/\/www.vuosiamaailmalla.fi\/blog\/wp-json\/wp\/v2\/types\/post"}],"author":[{"embeddable":true,"href":"https:\/\/www.vuosiamaailmalla.fi\/blog\/wp-json\/wp\/v2\/users\/1"}],"replies":[{"embeddable":true,"href":"https:\/\/www.vuosiamaailmalla.fi\/blog\/wp-json\/wp\/v2\/comments?post=5121"}],"version-history":[{"count":0,"href":"https:\/\/www.vuosiamaailmalla.fi\/blog\/wp-json\/wp\/v2\/posts\/5121\/revisions"}],"wp:featuredmedia":[{"embeddable":true,"href":"https:\/\/www.vuosiamaailmalla.fi\/blog\/wp-json\/wp\/v2\/media\/10419"}],"wp:attachment":[{"href":"https:\/\/www.vuosiamaailmalla.fi\/blog\/wp-json\/wp\/v2\/media?parent=5121"}],"wp:term":[{"taxonomy":"category","embeddable":true,"href":"https:\/\/www.vuosiamaailmalla.fi\/blog\/wp-json\/wp\/v2\/categories?post=5121"},{"taxonomy":"post_tag","embeddable":true,"href":"https:\/\/www.vuosiamaailmalla.fi\/blog\/wp-json\/wp\/v2\/tags?post=5121"}],"curies":[{"name":"wp","href":"https:\/\/api.w.org\/{rel}","templated":true}]}}