{"id":5152,"date":"2015-06-05T17:36:19","date_gmt":"2015-06-06T00:36:19","guid":{"rendered":"http:\/\/13.53.127.146\/?p=5152"},"modified":"2019-12-17T21:02:46","modified_gmt":"2019-12-18T05:02:46","slug":"mnp-tower-valmistui","status":"publish","type":"post","link":"https:\/\/www.vuosiamaailmalla.fi\/blog\/2015\/mnp-tower-valmistui\/","title":{"rendered":"MNP Tower valmistui"},"content":{"rendered":"<p style=\"text-align: justify;\">Tasan vuosi sitten kerroin <a href=\"https:\/\/www.vuosiamaailmalla.fi\/?p=2903\">kirjoituksessani<\/a> Vancouverin keskustaan rakentuvasta solakasta uudesta toimistotornista, joka tunnetaan tulevan p\u00e4\u00e4vuokralaisensa mukaan nimell\u00e4 <em>MNP Tower<\/em>. Rakennus oli tuolloin viel\u00e4 keskener\u00e4inen, mutta ty\u00f6 eteni hyv\u00e4\u00e4 vauhtia kohti 36 kerroksen ja 143 metrin lopullista korkeutta. Ty\u00f6maalla vietettiin loppuvuodesta harjakaisia ja sittemmin rakennuksella on l\u00e4hinn\u00e4 viimeistelty ulkopintoja sek\u00e4 tehty sis\u00e4t\u00f6it\u00e4. Pihaty\u00f6t ovat edelleen hieman kesken, mutta siit\u00e4 huolimatta ensimm\u00e4iset vuokralaiset p\u00e4\u00e4siv\u00e4t muuttamaan toukokuun lopussa sis\u00e4lle t\u00e4h\u00e4n upeaan lasitorniin.<\/p>\n<p><!--more--><\/p>\n<p style=\"text-align: justify;\">K\u00e4vin viime viikolla ottamassa kuvat ulkoa nyt t\u00e4ysin valmiista tornista, joka on t\u00e4ll\u00e4 Vancouverin seitsem\u00e4nneksi korkein rakennus. Lopputulos on mielest\u00e4ni eritt\u00e4in onnistunut ja t\u00e4ydent\u00e4\u00e4 ymp\u00e4r\u00f6iv\u00e4\u00e4 korkeiden toimisto- ja asuinrakennusten katrasta loistavasti. \ud83d\ude42<\/p>\n<p style=\"text-align: center;\"><a href=\"\/blog\/wp-content\/uploads\/2015\/mnp_tower34.jpg\"><img decoding=\"async\" style=\"border: 0px none; margin: 5px;\" src=\"\/blog\/wp-content\/uploads\/2015\/thumbs\/thumbs_mnp_tower34.jpg\" alt=\"\" \/><\/a><a href=\"\/blog\/wp-content\/uploads\/2015\/mnp_tower36.jpg\"><img decoding=\"async\" style=\"border: 0px none; margin: 5px;\" src=\"\/blog\/wp-content\/uploads\/2015\/thumbs\/thumbs_mnp_tower36.jpg\" alt=\"\" \/><\/a><a href=\"\/blog\/wp-content\/uploads\/2015\/mnp_tower37.jpg\"><img decoding=\"async\" style=\"border: 0px none; margin: 5px;\" src=\"\/blog\/wp-content\/uploads\/2015\/thumbs\/thumbs_mnp_tower37.jpg\" alt=\"\" \/><\/a><br \/>\n<a href=\"\/blog\/wp-content\/uploads\/2015\/mnp_tower35.jpg\"><img decoding=\"async\" style=\"border: 0px none; margin: 5px;\" src=\"\/blog\/wp-content\/uploads\/2015\/thumbs\/thumbs_mnp_tower35.jpg\" alt=\"\" \/><\/a><a href=\"\/blog\/wp-content\/uploads\/2015\/mnp_tower32.jpg\"><img decoding=\"async\" style=\"border: 0px none; margin: 5px;\" src=\"\/blog\/wp-content\/uploads\/2015\/thumbs\/thumbs_mnp_tower32.jpg\" alt=\"\" \/><\/a><\/p>\n<p style=\"text-align: center;\"><em>Solakka MNP Tower<\/em><\/p>\n","protected":false},"excerpt":{"rendered":"<p>Tasan vuosi sitten kerroin kirjoituksessani Vancouverin keskustaan rakentuvasta solakasta uudesta toimistotornista, joka tunnetaan tulevan p\u00e4\u00e4vuokralaisensa mukaan nimell\u00e4 MNP Tower. Rakennus oli tuolloin viel\u00e4 keskener\u00e4inen, mutta ty\u00f6 eteni hyv\u00e4\u00e4 vauhtia kohti 36 kerroksen ja 143 metrin lopullista korkeutta. Ty\u00f6maalla vietettiin loppuvuodesta harjakaisia ja sittemmin rakennuksella on l\u00e4hinn\u00e4 viimeistelty ulkopintoja sek\u00e4 tehty sis\u00e4t\u00f6it\u00e4. Pihaty\u00f6t ovat edelleen hieman &hellip; <a href=\"https:\/\/www.vuosiamaailmalla.fi\/blog\/2015\/mnp-tower-valmistui\/\" class=\"more-link\">Jatka lukemista<span class=\"screen-reader-text\"> &#8221;MNP Tower valmistui&#8221;<\/span><\/a><\/p>\n","protected":false},"author":1,"featured_media":10422,"comment_status":"open","ping_status":"open","sticky":false,"template":"","format":"standard","meta":{"_jetpack_memberships_contains_paid_content":false,"footnotes":""},"categories":[17,3],"tags":[229,935,730,939,940],"class_list":["post-5152","post","type-post","status-publish","format-standard","has-post-thumbnail","hentry","category-arki-kanadassa","category-arki-ulkomailla","tag-arkkitehtuuri","tag-kanada","tag-mnp-tower","tag-vancouver","tag-vancouver-downtown"],"jetpack_featured_media_url":"https:\/\/www.vuosiamaailmalla.fi\/blog\/wp-content\/uploads\/mnp_tower_banner-1.jpg","jetpack_sharing_enabled":true,"_links":{"self":[{"href":"https:\/\/www.vuosiamaailmalla.fi\/blog\/wp-json\/wp\/v2\/posts\/5152","targetHints":{"allow":["GET"]}}],"collection":[{"href":"https:\/\/www.vuosiamaailmalla.fi\/blog\/wp-json\/wp\/v2\/posts"}],"about":[{"href":"https:\/\/www.vuosiamaailmalla.fi\/blog\/wp-json\/wp\/v2\/types\/post"}],"author":[{"embeddable":true,"href":"https:\/\/www.vuosiamaailmalla.fi\/blog\/wp-json\/wp\/v2\/users\/1"}],"replies":[{"embeddable":true,"href":"https:\/\/www.vuosiamaailmalla.fi\/blog\/wp-json\/wp\/v2\/comments?post=5152"}],"version-history":[{"count":0,"href":"https:\/\/www.vuosiamaailmalla.fi\/blog\/wp-json\/wp\/v2\/posts\/5152\/revisions"}],"wp:featuredmedia":[{"embeddable":true,"href":"https:\/\/www.vuosiamaailmalla.fi\/blog\/wp-json\/wp\/v2\/media\/10422"}],"wp:attachment":[{"href":"https:\/\/www.vuosiamaailmalla.fi\/blog\/wp-json\/wp\/v2\/media?parent=5152"}],"wp:term":[{"taxonomy":"category","embeddable":true,"href":"https:\/\/www.vuosiamaailmalla.fi\/blog\/wp-json\/wp\/v2\/categories?post=5152"},{"taxonomy":"post_tag","embeddable":true,"href":"https:\/\/www.vuosiamaailmalla.fi\/blog\/wp-json\/wp\/v2\/tags?post=5152"}],"curies":[{"name":"wp","href":"https:\/\/api.w.org\/{rel}","templated":true}]}}