{"id":519,"date":"2012-08-02T19:57:16","date_gmt":"2012-08-03T02:57:16","guid":{"rendered":"http:\/\/13.53.127.146\/?p=519"},"modified":"2021-02-01T19:53:15","modified_gmt":"2021-02-02T03:53:15","slug":"celebration-of-light","status":"publish","type":"post","link":"https:\/\/www.vuosiamaailmalla.fi\/blog\/2012\/celebration-of-light\/","title":{"rendered":"Celebration of Light"},"content":{"rendered":"<p style=\"text-align: justify;\">Vancouver on kes\u00e4tapahtumien kaupunki ja yksi suurimmista on joka vuosi hein\u00e4- ja elokuun vaihteessa j\u00e4rjestett\u00e4v\u00e4 <em>Celebration of Light<\/em>. Tapahtumaa tituleerataan maailman suurimmaksi veden yll\u00e4 j\u00e4rjestett\u00e4v\u00e4ksi ilotulitukseksi, joka kokoaa West Endin kaupunginosaan English Bayn alueelle jokaisena tapahtumailtana jopa 400 000 katsojaa.<\/p>\n<p style=\"text-align: justify;\">T\u00e4ss\u00e4 ilmaistapahtumassa 3-4 eri maata kilpailevat vuoden parhaan ilotulituksen tittelist\u00e4 ja voittajan \u00e4\u00e4nest\u00e4\u00e4 yleis\u00f6. Koska jokaisen maan esitys on pituudeltaan noin 25 minuuttia ja vaatii suuret esivalmistelut, jaksottuu tapahtuma kokonaisen viikon mittaiselle ajanjaksolle. T\u00e4n\u00e4 vuonna kilpailuun osallistuvat tiimit tulevat Vietnamista, Brasiliasta sek\u00e4 Italiasta ja t\u00e4h\u00e4n torstaihin menness\u00e4 kaksi ensimm\u00e4ist\u00e4 ilotulitusta on jo n\u00e4hty. Menneen\u00e4 lauantaina sadattuhannet ker\u00e4\u00e4ntyiv\u00e4t katsomaan vietnamilaisten n\u00e4ytt\u00e4v\u00e4\u00e4 ilotulitusta, joka avasi tapahtuman virallisesti.<\/p>\n<p><!--more--><\/p>\n<p style=\"text-align: center;\"><a href=\"\/blog\/wp-content\/uploads\/2012\/rantapaikkojen_varausta2.jpg\"><img decoding=\"async\" style=\"border: 0px none; margin: 5px;\" src=\"\/blog\/wp-content\/uploads\/2012\/thumbs\/thumbs_rantapaikkojen_varausta2.jpg\" alt=\"\" \/><\/a><a href=\"\/blog\/wp-content\/uploads\/2012\/rantapaikkojen_varausta1.jpg\"><img decoding=\"async\" style=\"border: 0px none; margin: 5px;\" src=\"\/blog\/wp-content\/uploads\/2012\/thumbs\/thumbs_rantapaikkojen_varausta1.jpg\" alt=\"\" \/><\/a><\/p>\n<p style=\"text-align: center;\"><em>Ihmisi\u00e4 alkaa kerty\u00e4 rannoille<\/em><\/p>\n<p style=\"text-align: justify;\">Koska juuri avajaisiin odotettiin suurta katsojam\u00e4\u00e4r\u00e4\u00e4, saavuimme paikalle jo puolitoista tuntia ennen ilotulituksen alkua. Jo tuolloin paikalla oli paljon ihmisi\u00e4 ja lis\u00e4\u00e4 saapui koko ajan. Varsinaisen English Bayn alueelle oli turha edes yritt\u00e4\u00e4 ilman lippuja erikoiskatsomoihin, sill\u00e4 kaikki ilmainen tila rannalla oli tupaten t\u00e4ynn\u00e4 ihmisi\u00e4. Katsomot ovat kuitenkin paras paikka nauttia musiikista, jonka tahtiin raketit ammutaan. Muualla musiikkia ei oikein tahdo kuulla sill\u00e4 yll\u00e4tt\u00e4v\u00e4n harvalla on mukanaan oma radio, jolla esityksen musiikkia voi my\u00f6s kuunnella.<\/p>\n<p style=\"text-align: center;\"><a href=\"\/blog\/wp-content\/uploads\/2012\/auringonlasku_english_bayssa2.jpg\"><img decoding=\"async\" style=\"border: 0px none; margin: 5px;\" src=\"\/blog\/wp-content\/uploads\/2012\/thumbs\/thumbs_auringonlasku_english_bayssa2.jpg\" alt=\"\" \/><\/a><a href=\"\/blog\/wp-content\/uploads\/2012\/auringonlasku_english_bayssa1.jpg\"><img decoding=\"async\" style=\"border: 0px none; margin: 5px;\" src=\"\/blog\/wp-content\/uploads\/2012\/thumbs\/thumbs_auringonlasku_english_bayssa1.jpg\" alt=\"\" \/><\/a><\/p>\n<p style=\"text-align: center;\"><em>N\u00e4ytt\u00e4v\u00e4 auringonlasku vuorten taa<\/em><\/p>\n<p style=\"text-align: justify;\">Me j\u00e4imme suosiolla hieman kauemmas rantaa kulkevan k\u00e4velytien varteen, mik\u00e4 osoittautui hyv\u00e4ksi valinnaksi. Paikalta n\u00e4ki helposti rannan edustalla kelluvalta lautalta ammutut raketit &#8211; esteett\u00e4 ja ilman ymp\u00e4r\u00f6iv\u00e4\u00e4 tungosta. Keli oli lauantai-iltana poutainen ja l\u00e4mmin, mik\u00e4 lupasi hyvi\u00e4 olosuhteita ilotulitukselle. Ennen tapahtuman alkua n\u00e4kynyt auringonlasku vuorten taakse oli kaunis alustus tapahtumalle. Itse ilotulituksesta p\u00e4\u00e4tin ottaa videon, vaikkakaan jo vanha kamerarunkoni ei olekaan hirve\u00e4n herkk\u00e4 h\u00e4m\u00e4r\u00e4ss\u00e4 videokuvaamiseen. Kuitenkin t\u00e4t\u00e4 suuremmaksi ongelmaksi muodostui ilotulituksen pituus, sill\u00e4 reilun kahdenkymmenen minuutin j\u00e4lkeen kamerani ilmoitti yll\u00e4tt\u00e4en, ett\u00e4 muistikortti on t\u00e4ynn\u00e4 ja se oli sitten siin\u00e4. Viisi viimeist\u00e4 minuuttia j\u00e4iv\u00e4t siten valitettavasti pois ensimm\u00e4isen illan spektaakkelista.<\/p>\n<p style=\"text-align: center;\"><iframe loading=\"lazy\" src=\"https:\/\/www.youtube-nocookie.com\/embed\/ESFJnJRVk0c?rel=0&amp;hd=1\" width=\"560\" height=\"315\" frameborder=\"0\"><\/iframe><\/p>\n<p style=\"text-align: center;\"><em>Vietnamilaisten ensimm\u00e4iset 20 minuuttia<\/em><\/p>\n<p style=\"text-align: justify;\">Toinen ilotulitus j\u00e4rjestettiin eilen keskiviikkona. Paikalle oli saapunut j\u00e4lleen runsaasti ihmisi\u00e4, mutta ymm\u00e4rrett\u00e4v\u00e4sti hieman kauempaa saapuavia ihmisi\u00e4 oli n\u00e4in arki-iltana v\u00e4hemm\u00e4n. Ilotulitusta oli kuitenkin saapunut katsomaan lauantain tapaan runsaasti veneit\u00e4 (lehtien mukaan yli 600), jotka t\u00e4plittiv\u00e4t h\u00e4m\u00e4rtyv\u00e4\u00e4 lahden pohjukkaa. Vancouverilaisilla on tuhansia suuria ja viel\u00e4 suurempia veneit\u00e4, jotka suurimman osan vuotta kelluvat satamassa. Celebration of Light kuitenkin eritt\u00e4in suosittu syy ottaa l\u00e4hte\u00e4 ulkoiluttamaan jahtia ulapalle ja sadat tekev\u00e4tkin n\u00e4in jokaisena tapahtumailtana. Veneilt\u00e4 aukeaa kenties kaikkein esteett\u00f6min n\u00e4kym\u00e4 ilotulitukseen, mink\u00e4 vuoksi monilla veneill\u00e4 n\u00e4keekin suuria v\u00e4kijoukkoja.<\/p>\n<p style=\"text-align: center;\"><a href=\"\/blog\/wp-content\/uploads\/2012\/satoja_veneita_panoraama.jpg\"><img decoding=\"async\" style=\"border: 0px none; margin: 5px;\" src=\"\/blog\/wp-content\/uploads\/2012\/satoja_veneita_panoraama_pieni.jpg\" alt=\"\" \/><\/a><\/p>\n<p style=\"text-align: center;\"><em>Satoja veneit\u00e4 English Bayssa<\/em><\/p>\n<p style=\"text-align: justify;\">Katsoimme brasilialaisen tiimin n\u00e4ytt\u00e4v\u00e4n ilotulituksen melkolailla samalta paikkaa kuin aiemmankin. T\u00e4ll\u00e4 kertaa p\u00e4\u00e4tin kokeilla ilotulituksen valokuvausta ensimm\u00e4isen vartin aikana, mink\u00e4 j\u00e4lkeen otin viel\u00e4 viimeisest\u00e4 11 minuutista videokuvaa. Nyt muistikortti ei t\u00e4yttynyt ja sainkin muutaman ihan hyv\u00e4n napsun t\u00e4nne blogiini laitettavaksi. Yleinen mielipide tapahtuman j\u00e4lkeen tuntui olevan, ett\u00e4 brasilialaisten n\u00e4yt\u00f6s oli n\u00e4ist\u00e4 kahdesta n\u00e4ytt\u00e4v\u00e4mpi, mutta italiaanojen vastine olisi viel\u00e4 n\u00e4ht\u00e4v\u00e4 ennen lopullista mielipiteen julistamista.<\/p>\n<p style=\"text-align: center;\"><a href=\"\/blog\/wp-content\/uploads\/2012\/celebration_of_light5.jpg\"><img decoding=\"async\" style=\"border: 0px none; margin: 5px;\" src=\"\/blog\/wp-content\/uploads\/2012\/thumbs\/thumbs_celebration_of_light5.jpg\" alt=\"\" \/><\/a><a href=\"\/blog\/wp-content\/uploads\/2012\/celebration_of_light2.jpg\"><img decoding=\"async\" style=\"border: 0px none; margin: 5px;\" src=\"\/blog\/wp-content\/uploads\/2012\/thumbs\/thumbs_celebration_of_light2.jpg\" alt=\"\" \/><\/a><a href=\"\/blog\/wp-content\/uploads\/2012\/celebration_of_light4.jpg\"><img decoding=\"async\" style=\"border: 0px none; margin: 5px;\" src=\"\/blog\/wp-content\/uploads\/2012\/thumbs\/thumbs_celebration_of_light4.jpg\" alt=\"\" \/><\/a><br \/>\n<a href=\"\/blog\/wp-content\/uploads\/2012\/celebration_of_light6.jpg\"><img decoding=\"async\" style=\"border: 0px none; margin: 5px;\" src=\"\/blog\/wp-content\/uploads\/2012\/thumbs\/thumbs_celebration_of_light6.jpg\" alt=\"\" \/><\/a><a href=\"\/blog\/wp-content\/uploads\/2012\/celebration_of_light3.jpg\"><img decoding=\"async\" style=\"border: 0px none; margin: 5px;\" src=\"\/blog\/wp-content\/uploads\/2012\/thumbs\/thumbs_celebration_of_light3.jpg\" alt=\"\" \/><\/a><a href=\"\/blog\/wp-content\/uploads\/2012\/celebration_of_light1.jpg\"><img decoding=\"async\" style=\"border: 0px none; margin: 5px;\" src=\"\/blog\/wp-content\/uploads\/2012\/thumbs\/thumbs_celebration_of_light1.jpg\" alt=\"\" \/><\/a><\/p>\n<p style=\"text-align: center;\"><em>Brasilialaisten ensimm\u00e4inen vartti<\/em><\/p>\n<p style=\"text-align: justify;\">Kuten arvata saattaa, aiheutti tapahtuma kumpanakin iltana suuret ruuhkat l\u00e4ntisess\u00e4 keskustassa, kun sadattuhannet ihmiset saapuivat ja l\u00e4htiv\u00e4t paikalta muutaman tunnin sis\u00e4ll\u00e4. Alueen l\u00e4hikadut olikin suljettu liikenteelt\u00e4 kumpanakin iltana ja ihmiset saapuivat tapahtumaan joko kotoaan taikka Skytrain-asemilta k\u00e4vellen tai sitten polkupy\u00f6r\u00e4ll\u00e4. Monien ei tarvinnut edes j\u00e4tt\u00e4\u00e4 kotiaan, sill\u00e4 sadoista keskustan tornitalojen asunnoista avautui varmaan kaikkein parhaimmat maisemat ihailla ilotulitusta. Meid\u00e4n asunnosta maisema olisi korkeuden puolesta t\u00e4ydellinen, mutta laajasta maisemastamme huolimatta ilotulituksen pitopaikka on aivan pienesti n\u00e4kym\u00e4mme ulkopuolella. Eip\u00e4 silti, tapahtumaa oli hauska l\u00e4hte\u00e4 katsomaan paikan p\u00e4\u00e4lle.<\/p>\n<p style=\"text-align: center;\"><iframe loading=\"lazy\" src=\"https:\/\/www.youtube-nocookie.com\/embed\/TurPpOphaHk?rel=0&amp;hd=1\" width=\"560\" height=\"315\" frameborder=\"0\"><\/iframe><\/p>\n<p style=\"text-align: center;\"><em>Brasilian spektaakkelin huipennus<\/em><\/p>\n<p style=\"text-align: justify;\">Meist\u00e4 Celebration of Light on hieno koko perheen tapahtuma, jota kannattaa tulla katsomaan kauempaakin. Tapahtuman henki on iloinen ja niin mink\u00e4\u00e4nlaista r\u00e4hin\u00e4\u00e4 taikka r\u00e4hj\u00e4\u00e4mist\u00e4 ei ollut havaittavissa. Kun Suomessa t\u00e4m\u00e4n kaltainen kes\u00e4tapahtuma tarkoittaisi monelle kosteaa iltaa ja porttikongeihin virtsaamista, ei Vancouverissa n\u00e4kynyt kumpanakaan iltana edes pienesti humahtunutta ihmist\u00e4 &#8211; ei edes nuorison parissa! Olikin v\u00e4hint\u00e4\u00e4nkin h\u00e4mment\u00e4v\u00e4 kokemus, miten ihmiset n\u00e4yttiv\u00e4t tulleen paikalle suurella joukolla katsomaan ilotulitusta p\u00e4mpp\u00e4\u00e4misen sijaan. Ja kun ilotulitus oli ohi, l\u00e4htiv\u00e4t kaikki kotiin, mit\u00e4 nyt lauantaina jotkut jatkoivat iltaa varmasti keskustan ravintoloissa. T\u00e4ss\u00e4 jos jossain on suuri ero kanadalaisten ja suomalaisten v\u00e4lill\u00e4, mink\u00e4 pistimme molemmat merkille.<\/p>\n<p style=\"text-align: justify;\">Todella hieno ilmaistapahtuma ja kannattaa ehdottomasti harkita jos sattuu olemaan Vancouverissa t\u00e4m\u00e4n hienon kes\u00e4tapahtuman aikaan! Meill\u00e4 viimeinen kolmas ilotulitus j\u00e4\u00e4 valitettavasti v\u00e4liin tulevan Whistlerin matkamme takia, mutta <a title=\"Ilotulitusjuhla Vancouverin yll\u00e4\" href=\"http:\/\/www.vuosiamaailmalla.fi\/blog\/2016\/ilotulitusjuhla-vancouverin-ylla\/\">ensi vuonna<\/a> kyll\u00e4 ehdottomasti uudestaan!<\/p>\n","protected":false},"excerpt":{"rendered":"<p>Vancouver on kes\u00e4tapahtumien kaupunki ja yksi suurimmista on joka vuosi hein\u00e4- ja elokuun vaihteessa j\u00e4rjestett\u00e4v\u00e4 Celebration of Light. Tapahtumaa tituleerataan maailman suurimmaksi veden yll\u00e4 j\u00e4rjestett\u00e4v\u00e4ksi ilotulitukseksi, joka kokoaa West Endin kaupunginosaan English Bayn alueelle jokaisena tapahtumailtana jopa 400 000 katsojaa. T\u00e4ss\u00e4 ilmaistapahtumassa 3-4 eri maata kilpailevat vuoden parhaan ilotulituksen tittelist\u00e4 ja voittajan \u00e4\u00e4nest\u00e4\u00e4 yleis\u00f6. Koska &hellip; <a href=\"https:\/\/www.vuosiamaailmalla.fi\/blog\/2012\/celebration-of-light\/\" class=\"more-link\">Jatka lukemista<span class=\"screen-reader-text\"> &#8221;Celebration of Light&#8221;<\/span><\/a><\/p>\n","protected":false},"author":1,"featured_media":11523,"comment_status":"open","ping_status":"open","sticky":false,"template":"","format":"standard","meta":{"_jetpack_memberships_contains_paid_content":false,"footnotes":""},"categories":[17,3],"tags":[25,34,240,241,239,935,939,238],"class_list":["post-519","post","type-post","status-publish","format-standard","has-post-thumbnail","hentry","category-arki-kanadassa","category-arki-ulkomailla","tag-ajankohtaista","tag-arki","tag-celebration-of-light","tag-english-bay","tag-ilotulitus","tag-kanada","tag-vancouver","tag-vancouver-west-end"],"jetpack_featured_media_url":"https:\/\/www.vuosiamaailmalla.fi\/blog\/wp-content\/uploads\/celebration_of_light_banner-2.jpg","jetpack_sharing_enabled":true,"_links":{"self":[{"href":"https:\/\/www.vuosiamaailmalla.fi\/blog\/wp-json\/wp\/v2\/posts\/519","targetHints":{"allow":["GET"]}}],"collection":[{"href":"https:\/\/www.vuosiamaailmalla.fi\/blog\/wp-json\/wp\/v2\/posts"}],"about":[{"href":"https:\/\/www.vuosiamaailmalla.fi\/blog\/wp-json\/wp\/v2\/types\/post"}],"author":[{"embeddable":true,"href":"https:\/\/www.vuosiamaailmalla.fi\/blog\/wp-json\/wp\/v2\/users\/1"}],"replies":[{"embeddable":true,"href":"https:\/\/www.vuosiamaailmalla.fi\/blog\/wp-json\/wp\/v2\/comments?post=519"}],"version-history":[{"count":2,"href":"https:\/\/www.vuosiamaailmalla.fi\/blog\/wp-json\/wp\/v2\/posts\/519\/revisions"}],"predecessor-version":[{"id":11524,"href":"https:\/\/www.vuosiamaailmalla.fi\/blog\/wp-json\/wp\/v2\/posts\/519\/revisions\/11524"}],"wp:featuredmedia":[{"embeddable":true,"href":"https:\/\/www.vuosiamaailmalla.fi\/blog\/wp-json\/wp\/v2\/media\/11523"}],"wp:attachment":[{"href":"https:\/\/www.vuosiamaailmalla.fi\/blog\/wp-json\/wp\/v2\/media?parent=519"}],"wp:term":[{"taxonomy":"category","embeddable":true,"href":"https:\/\/www.vuosiamaailmalla.fi\/blog\/wp-json\/wp\/v2\/categories?post=519"},{"taxonomy":"post_tag","embeddable":true,"href":"https:\/\/www.vuosiamaailmalla.fi\/blog\/wp-json\/wp\/v2\/tags?post=519"}],"curies":[{"name":"wp","href":"https:\/\/api.w.org\/{rel}","templated":true}]}}