{"id":5266,"date":"2015-06-12T14:57:21","date_gmt":"2015-06-12T21:57:21","guid":{"rendered":"http:\/\/13.53.127.146\/?p=5266"},"modified":"2020-12-13T16:58:20","modified_gmt":"2020-12-14T00:58:20","slug":"wow-arkkitehtuuri-valtasi-vancouverin","status":"publish","type":"post","link":"https:\/\/www.vuosiamaailmalla.fi\/blog\/2015\/wow-arkkitehtuuri-valtasi-vancouverin\/","title":{"rendered":"Wow-arkkitehtuuri valtasi Vancouverin"},"content":{"rendered":"<p style=\"text-align: justify;\">Vancouver on kaunis kaupunki, mutta toisinaan kaupungin arkkitehtuuria on moitittu hieman geneeriseksi ja muodostuvan melkein kokonaan lasitorneista. Paikallinen tosin tiet\u00e4\u00e4 ett\u00e4 kaupungin keskustaan mahtuu monia erilaisia osia, jotka edustavat monien eri aikakausien arkkitehtuuria. On silti totta ett\u00e4 erityisesti lasitorneja on paljon ja useat niist\u00e4 n\u00e4ytt\u00e4v\u00e4t hyvin samanlaisilta.<\/p>\n<p style=\"text-align: justify;\">On kuitenkin syyt\u00e4 muistaa, ett\u00e4 Vancouverinkin keskustassa on torneja satam\u00e4\u00e4rin, eik\u00e4 jokainen voi edustaa erikoisarkkitehtuuria. Suurin osa asuintorneista muodostuu yleens\u00e4 kullekin aikakaudelle tyypillisist\u00e4 elementeist\u00e4 ja n\u00e4in on kaikissa kaupungeissa. Jokainen kaupunki tarvitsee kuitenkin my\u00f6s joukosta <a title=\"Kaaritorni Arc nousi huippuunsa\" href=\"https:\/\/www.vuosiamaailmalla.fi\/?p=10032\">erottuvia maamerkkej\u00e4<\/a> wow-arkkitehtuurisia veistoksia ja sellaisia onkin alkanut viime vuosina kohota t\u00e4nne kotikaupunkiimme.<\/p>\n<p><!--more--><\/p>\n<p style=\"text-align: justify;\">Moderneissa lasitorneissa suuntauksen aloitti vuonna 2001 valmistunut entinen asuintalomme <em>One Wall Centre<\/em>, joka oli kaupungin ensimm\u00e4inen oikea pilvenpiirt\u00e4j\u00e4 sek\u00e4 <a title=\"Kilpailu korkeimmasta pilvenpiirt\u00e4j\u00e4st\u00e4\" href=\"https:\/\/www.vuosiamaailmalla.fi\/?p=11013\">korkein rakennus<\/a> aina vuoteen 2008 saakka. Tuolloin valmistui 201-metrinen <em>Living Shangri-La<\/em>, joka on edelleen Vancouverin korkein torni 62 asuinkerroksellaan. T\u00e4m\u00e4n vuoden lopussa viereen valmistuu my\u00f6s kiertyv\u00e4 <em><a title=\"Asukkaana Trump Towerissa\" href=\"https:\/\/www.vuosiamaailmalla.fi\/?p=9783\">Trump Tower<\/a><\/em>, joka on t\u00e4t\u00e4 kirjoittaessa saavuttanut huippunsa ja siirtynyt sis\u00e4tilojen viimeistelyvaiheeseen. My\u00f6s nyt valmistunut <a href=\"https:\/\/www.vuosiamaailmalla.fi\/?p=5152\"><em>MNP Tower<\/em><\/a> edustaa omanlaistaan wow-arkkitehtuuria kapealla ja kaartuvalla suunnittelullaan.<\/p>\n<p style=\"text-align: center;\"><a href=\"\/blog\/wp-content\/uploads\/2014\/one_wall_centre_ylhaalta.jpg\"><img decoding=\"async\" style=\"border: 0px none; margin: 5px;\" src=\"\/blog\/wp-content\/uploads\/2014\/thumbs\/thumbs_one_wall_centre_ylhaalta.jpg\" alt=\"\" \/><\/a><a href=\"\/blog\/wp-content\/uploads\/2015\/mnp_tower35.jpg\"><img decoding=\"async\" style=\"border: 0px none; margin: 5px;\" src=\"\/blog\/wp-content\/uploads\/2015\/thumbs\/thumbs_mnp_tower35.jpg\" alt=\"\" \/><\/a><a href=\"\/blog\/wp-content\/uploads\/2015\/trump_tower50_pieni.jpg\"><img decoding=\"async\" style=\"border: 0px none; margin: 5px;\" src=\"\/blog\/wp-content\/uploads\/2015\/thumbs\/thumbs_trump_tower50_pieni.jpg\" alt=\"\" \/><\/a><\/p>\n<p style=\"text-align: center;\"><em>One Wall Centre, MNP Tower ja Trump Tower<\/em><\/p>\n<p style=\"text-align: justify;\">Downtown Southin alueella on puolestaan n\u00e4in\u00e4 viikkoina aloitettu rakentamaan hulppeaa ja paljonpuhuttua 52-kerroksista <em>Vancouver Housea<\/em>, jossa kolmionmuotoinen pohja kaartuu matkalla rakennuksen huipulle suorakaiteen muotoon. Kiintoisan rakennuksen maanj\u00e4ristyskest\u00e4vyytt\u00e4 on ehditty jo ep\u00e4ill\u00e4, mutta kuuluisan <em>BIG<\/em> arkkitehtitoimiston p\u00e4\u00e4arkkitehti Bjarke Ingels vakuuttaa laskelmien olevan vakaalla pohjalla. Valmistuessaan rakennuksesta tulee osa kiintoisaa kokonaisuutta, joka tulee ymp\u00e4r\u00f6im\u00e4\u00e4n <a href=\"https:\/\/www.vuosiamaailmalla.fi\/?p=1300\"><em>Granville Bridgen<\/em><\/a> sillan autoramppeja.<\/p>\n<p style=\"text-align: center;\"><a href=\"\/blog\/wp-content\/uploads\/2015\/vancouver_house_render1.jpg\"><img decoding=\"async\" style=\"border: 0px none; margin: 5px;\" src=\"\/blog\/wp-content\/uploads\/2015\/vancouver_house_render1.jpg\" alt=\"\" \/><\/a><\/p>\n<p style=\"text-align: center;\"><em>Vancouver Housen kompleksi<\/em><\/p>\n<p style=\"text-align: justify;\">Ehk\u00e4 kaikkein kiistanalaisin suunnitelma on Gastownin historialliselle alueelle t\u00e4m\u00e4n vuoden maaliskuussa ehdotettu 127-metrinen &#8221;origamitorni&#8221;. T\u00e4m\u00e4 26-kerroksinen lasinen toimistotorni pyrkii kietomaan itsens\u00e4 vuonna 1914 valmistuneen historiallisen keskusrautatieaseman ymp\u00e4rille, mik\u00e4 on her\u00e4tt\u00e4nyt paljon vastustusta. Suunnitelma onkin joutunut takaisin piirustusp\u00f6yd\u00e4lle ja on kiintoisa n\u00e4hd\u00e4 miten kuuluisan <em>B+H Architects<\/em> toimiston suunnittelivat tulevat vastaamaan palautteeseen. \ud83d\ude42<\/p>\n<p style=\"text-align: center;\"><a href=\"\/blog\/wp-content\/uploads\/2015\/origamitorni2.jpg\"><img decoding=\"async\" style=\"border: 0px none; margin: 5px;\" src=\"\/blog\/wp-content\/uploads\/2015\/thumbs\/thumbs_origamitorni2.jpg\" alt=\"\" \/><\/a><a href=\"\/blog\/wp-content\/uploads\/2015\/origamitorni3.jpg\"><img decoding=\"async\" style=\"border: 0px none; margin: 5px;\" src=\"\/blog\/wp-content\/uploads\/2015\/thumbs\/thumbs_origamitorni3.jpg\" alt=\"\" \/><\/a><a href=\"\/blog\/wp-content\/uploads\/2015\/origamitorni1.jpg\"><img decoding=\"async\" style=\"border: 0px none; margin: 5px;\" src=\"\/blog\/wp-content\/uploads\/2015\/thumbs\/thumbs_origamitorni1.jpg\" alt=\"\" \/><\/a><\/p>\n<p style=\"text-align: center;\"><em>Kiistanalainen origamitorni<\/em><\/p>\n<p style=\"text-align: justify;\">Uusin tulokas wow-arkkitehtuuria edustavien rakennusten joukkoon on West Endin alueelle t\u00e4n\u00e4\u00e4n perjantaina ehdotettu <em>1500 West Georgia<\/em> nimell\u00e4 tunnettu 152-metrinen ja 50-kerroksinen asuinpilvenpiirt\u00e4j\u00e4. Rakennus on ensimm\u00e4inen t\u00e4lle tulevaisuudessa merkitt\u00e4v\u00e4lle t\u00e4ydennysrakennusalueelle ehdotettu uusi torni ja se edustaa modernia arkkitehtuuria, jota on viime vuosina n\u00e4hty kansainv\u00e4lisiss\u00e4 piireiss\u00e4 muun muassa <a title=\"Kes\u00e4lomalla New Yorkissa\" href=\"https:\/\/www.vuosiamaailmalla.fi\/?p=9567\">New Yorkissa<\/a> ja Singaporessa.<\/p>\n<p style=\"text-align: center;\"><iframe loading=\"lazy\" src=\"https:\/\/player.vimeo.com\/video\/132439432\" width=\"500\" height=\"281\" frameborder=\"0\" allowfullscreen=\"allowfullscreen\"><\/iframe><\/p>\n<p style=\"text-align: justify;\">Erilaisista &#8221;putkiloista&#8221; muodostuva ep\u00e4symmetrinen rakennus olisi hyv\u00e4ksytt\u00e4ess\u00e4 varma uusi maamerkki alueelle ja tarjoaisi suurilta tasanteiltaan huikeita (ja sangen pelottaviakin) maisemia North Shore Mountainseille, Stanley Parkiin sek\u00e4 English Bayn suuntaan.<\/p>\n<p style=\"text-align: center;\"><a href=\"\/blog\/wp-content\/uploads\/2015\/1500_west_georgia_visio1.jpg\"><img decoding=\"async\" style=\"border: 0px none; margin: 5px;\" src=\"\/blog\/wp-content\/uploads\/2015\/1500_west_georgia_visio1.jpg\" alt=\"\" \/><\/a><\/p>\n<p style=\"text-align: center;\"><em>Uusi maamerkki West Endiin<\/em><\/p>\n<p style=\"text-align: center;\"><a href=\"\/blog\/wp-content\/uploads\/2015\/1500_west_georgia_visio3.jpg\"><img decoding=\"async\" style=\"border: 0px none; margin: 5px;\" src=\"\/blog\/wp-content\/uploads\/2015\/thumbs\/thumbs_1500_west_georgia_visio3.jpg\" alt=\"\" \/><\/a><a href=\"\/blog\/wp-content\/uploads\/2015\/1500_west_georgia_visio4.jpg\"><img decoding=\"async\" style=\"border: 0px none; margin: 5px;\" src=\"\/blog\/wp-content\/uploads\/2015\/thumbs\/thumbs_1500_west_georgia_visio4.jpg\" alt=\"\" \/><\/a><a href=\"\/blog\/wp-content\/uploads\/2015\/1500_west_georgia_visio2.jpg\"><img decoding=\"async\" style=\"border: 0px none; margin: 5px;\" src=\"\/blog\/wp-content\/uploads\/2015\/thumbs\/thumbs_1500_west_georgia_visio2.jpg\" alt=\"\" \/><\/a><\/p>\n<p style=\"text-align: center;\"><em>Futuristisia linjoja<\/em><\/p>\n<p style=\"text-align: center;\"><a href=\"\/blog\/wp-content\/uploads\/2015\/1500_west_georgia_visio5.jpg\"><img decoding=\"async\" style=\"border: 0px none; margin: 5px;\" src=\"\/blog\/wp-content\/uploads\/2015\/thumbs\/thumbs_1500_west_georgia_visio5.jpg\" alt=\"\" \/><\/a><\/p>\n<p style=\"text-align: center;\"><em>Korkealle kurottava visio<\/em><\/p>\n<p style=\"text-align: center;\"><a href=\"\/blog\/wp-content\/uploads\/2015\/1500_west_georgia_visio6.jpg\"><img decoding=\"async\" style=\"border: 0px none; margin: 5px;\" src=\"\/blog\/wp-content\/uploads\/2015\/1500_west_georgia_visio6.jpg\" alt=\"\" \/><\/a><\/p>\n<p style=\"text-align: center;\"><em>Arkkitehdin ajatuksen kulku<\/em><\/p>\n<p style=\"text-align: justify;\">Kyse on t\u00e4ss\u00e4 vaiheessa vasta ehdotuksesta, mutta on hyvin mahdollista ett\u00e4 se menee l\u00e4pi ehdotetussa muodossa. Itse pid\u00e4n rakennuksesta sen erikoisen muodon vuoksi, sill\u00e4 se edustaisi uutta suuntausta ja toisi vaihtelua kauniin kaupunkimme arkkitehtuuriin. Suunnitelma k\u00e4sitt\u00e4\u00e4 my\u00f6s hyv\u00e4nn\u00e4k\u00f6isen julkisen tilan rakennuksen juurella sek\u00e4 useita vesielementtej\u00e4 ja se on ehdottomasti kiintoisa keskustelun avaus t\u00e4lle tulevalle suurelle rakennusalueelle.<\/p>\n<p style=\"text-align: center;\"><a href=\"\/blog\/wp-content\/uploads\/2015\/palais_georgia1.jpg\"><img decoding=\"async\" style=\"border: 0px none; margin: 5px;\" src=\"\/blog\/wp-content\/uploads\/2015\/palais_georgia1_pieni.jpg\" alt=\"\" \/><\/a><\/p>\n<p style=\"text-align: center;\"><em>Alue nykyisin<\/em><\/p>\n<p style=\"text-align: justify;\">Kansainv\u00e4linen wow-arkkitehtuuri on siis todellakin l\u00f6yt\u00e4nyt tiens\u00e4 viime vuosina Vancouveriin ja tulevaisuudessa tullaan varmasti n\u00e4kem\u00e4\u00e4n monia mielenkiintoisia hankkeita, jotka kutkuttavat katsojan mielikuvistusta. \ud83d\ude1b<\/p>\n","protected":false},"excerpt":{"rendered":"<p>Vancouver on kaunis kaupunki, mutta toisinaan kaupungin arkkitehtuuria on moitittu hieman geneeriseksi ja muodostuvan melkein kokonaan lasitorneista. Paikallinen tosin tiet\u00e4\u00e4 ett\u00e4 kaupungin keskustaan mahtuu monia erilaisia osia, jotka edustavat monien eri aikakausien arkkitehtuuria. On silti totta ett\u00e4 erityisesti lasitorneja on paljon ja useat niist\u00e4 n\u00e4ytt\u00e4v\u00e4t hyvin samanlaisilta. On kuitenkin syyt\u00e4 muistaa, ett\u00e4 Vancouverinkin keskustassa on &hellip; <a href=\"https:\/\/www.vuosiamaailmalla.fi\/blog\/2015\/wow-arkkitehtuuri-valtasi-vancouverin\/\" class=\"more-link\">Jatka lukemista<span class=\"screen-reader-text\"> &#8221;Wow-arkkitehtuuri valtasi Vancouverin&#8221;<\/span><\/a><\/p>\n","protected":false},"author":1,"featured_media":10041,"comment_status":"open","ping_status":"open","sticky":false,"template":"","format":"standard","meta":{"_jetpack_memberships_contains_paid_content":false,"footnotes":""},"categories":[17,3],"tags":[850,25,229,935,730,851,301,571,939,849,211,940,492,238,215,442],"class_list":["post-5266","post","type-post","status-publish","format-standard","has-post-thumbnail","hentry","category-arki-kanadassa","category-arki-ulkomailla","tag-1500-west-georgia-street","tag-ajankohtaista","tag-arkkitehtuuri","tag-kanada","tag-mnp-tower","tag-one-wall-centre","tag-rakennustyomaa","tag-trump-international-hotel-tower-vancouver","tag-vancouver","tag-vancouver-house","tag-vancouver-coal-harbour","tag-vancouver-downtown","tag-vancouver-gastown","tag-vancouver-west-end","tag-vancouver-yaletown","tag-visioita"],"jetpack_featured_media_url":"https:\/\/www.vuosiamaailmalla.fi\/blog\/wp-content\/uploads\/1500_west_georgia_banner.jpg","jetpack_sharing_enabled":true,"_links":{"self":[{"href":"https:\/\/www.vuosiamaailmalla.fi\/blog\/wp-json\/wp\/v2\/posts\/5266","targetHints":{"allow":["GET"]}}],"collection":[{"href":"https:\/\/www.vuosiamaailmalla.fi\/blog\/wp-json\/wp\/v2\/posts"}],"about":[{"href":"https:\/\/www.vuosiamaailmalla.fi\/blog\/wp-json\/wp\/v2\/types\/post"}],"author":[{"embeddable":true,"href":"https:\/\/www.vuosiamaailmalla.fi\/blog\/wp-json\/wp\/v2\/users\/1"}],"replies":[{"embeddable":true,"href":"https:\/\/www.vuosiamaailmalla.fi\/blog\/wp-json\/wp\/v2\/comments?post=5266"}],"version-history":[{"count":0,"href":"https:\/\/www.vuosiamaailmalla.fi\/blog\/wp-json\/wp\/v2\/posts\/5266\/revisions"}],"wp:featuredmedia":[{"embeddable":true,"href":"https:\/\/www.vuosiamaailmalla.fi\/blog\/wp-json\/wp\/v2\/media\/10041"}],"wp:attachment":[{"href":"https:\/\/www.vuosiamaailmalla.fi\/blog\/wp-json\/wp\/v2\/media?parent=5266"}],"wp:term":[{"taxonomy":"category","embeddable":true,"href":"https:\/\/www.vuosiamaailmalla.fi\/blog\/wp-json\/wp\/v2\/categories?post=5266"},{"taxonomy":"post_tag","embeddable":true,"href":"https:\/\/www.vuosiamaailmalla.fi\/blog\/wp-json\/wp\/v2\/tags?post=5266"}],"curies":[{"name":"wp","href":"https:\/\/api.w.org\/{rel}","templated":true}]}}