{"id":528,"date":"2012-08-18T17:00:36","date_gmt":"2012-08-19T00:00:36","guid":{"rendered":"http:\/\/13.53.127.146\/?p=528"},"modified":"2021-01-01T17:23:01","modified_gmt":"2021-01-02T01:23:01","slug":"blogi-3-0","status":"publish","type":"post","link":"https:\/\/www.vuosiamaailmalla.fi\/blog\/2012\/blogi-3-0\/","title":{"rendered":"Blogi 3.0"},"content":{"rendered":"<p style=\"text-align: justify;\">Reilu kuukausi siin\u00e4 meni, mutta t\u00e4ss\u00e4 sit\u00e4 taas ollaan! Mit\u00e4 oikein tapahtui? Asiasta ei ole t\u00e4ytt\u00e4 varmuutta, mutta n\u00e4ytt\u00e4isi silt\u00e4 ett\u00e4 kes\u00e4kuun lopussa maailman kelloihin lis\u00e4tty karkaussekunti sekoitti tietokoneita kaikkialla ja onnistui my\u00f6s katkaisemaan s\u00e4hk\u00f6t <em>Vuodatus.netin<\/em> tiloista. T\u00e4m\u00e4 tietenkin pimensi palvelimet, mutta niit\u00e4 uudelleenk\u00e4ynnistett\u00e4ess\u00e4 Vuodatuksen yll\u00e4pito huomasi, ett\u00e4 ryt\u00e4k\u00e4ss\u00e4 oli hajonnut my\u00f6s palvelimen kiintolevyj\u00e4.<\/p>\n<p style=\"text-align: justify;\">Koko Vuodatus.net oli alhaalla nelj\u00e4 p\u00e4iv\u00e4\u00e4, mink\u00e4 j\u00e4lkeen blogit saatiin palautettua luettaviksi. Niit\u00e4 ei kuitenkaan p\u00e4\u00e4ssyt editoimaan, sill\u00e4 Vuodatuksen yll\u00e4pito oli havainnut uusia ongelmia. T\u00e4ydellisen ratkaisun kerrottiinkin vaativan per\u00e4ti <em>nelj\u00e4<\/em> viikkoa, mutta valitettavasti huonot uutiset eiv\u00e4t loppuneet t\u00e4h\u00e4nk\u00e4\u00e4n.<\/p>\n<p><!--more--><\/p>\n<p style=\"text-align: justify;\">Palvelun yll\u00e4pito oli nimitt\u00e4in laiminly\u00f6nyt tietojen varmuuskopioinnin t\u00e4ysin per\u00e4ti kolmen vuoden ajan, mink\u00e4 vuoksi yhden kuvapalvelimen koko sis\u00e4lt\u00f6 menetettiin lopullisesti levyrikossa. T\u00e4m\u00e4 tarkoitti t\u00e4t\u00e4 ominaisuutta k\u00e4ytt\u00e4neille kaiken kes\u00e4n 2009 (!) j\u00e4lkeen nettiin ladatun kuvamateriaalin menetyst\u00e4. K\u00e4vi my\u00f6s ilmi, ett\u00e4 jotkut bloggaajat olivat s\u00e4ilytt\u00e4neet kuvamateriaaliaan vain ja ainoastaan Vuodatuksen palvelimella, joten n\u00e4m\u00e4 henkil\u00f6t menettiv\u00e4t kuvansa lopullisesti bittien taivaaseen. T\u00e4ss\u00e4 yhteydess\u00e4 voi toki syytt\u00e4\u00e4 n\u00e4it\u00e4 bloggaajiakin hieman vastuuttomiksi, kun eiv\u00e4t olleet ottaneet materiaalistaan omia varmuuskopioita, mutta kukapa olisi uskonut t\u00e4llaiseen yll\u00e4tykseen. Kuten arvata saattaa, on tapaus aiheuttanut monille bloggareille suurta mielipahaa, kun jopa vuosien ty\u00f6 on h\u00e4vinnyt lopullisesti.<\/p>\n<p style=\"text-align: justify;\">Itse en onneksi koskaan k\u00e4ytt\u00e4nyt Vuodatuksen kuvapalvelinta, joten minun blogilleni episodista aiheutui vain t\u00e4m\u00e4 nyt p\u00e4\u00e4ttynyt pitk\u00e4 k\u00e4ytt\u00f6katkos. Kuitenkin t\u00e4m\u00e4 tapaus toimi minulle viimeisen\u00e4 katalyyttin\u00e4 toteuttaa jo pitk\u00e4\u00e4n suunnittelemani suuret muutokset blogilleni.<\/p>\n<p style=\"text-align: justify;\">Ensiksikin, olen halunnut jo pitk\u00e4\u00e4n ottaa k\u00e4ytt\u00f6\u00f6ni ihka oman domainin (nettiosoitteen). Valinta oli helppo ja t\u00e4st\u00e4 p\u00e4iv\u00e4st\u00e4 alkaen blogini osoite on yksinkertaisesti ja helposti muistettavasti <strong>www.vuosiamaailmalla.fi<\/strong>.<\/p>\n<p style=\"text-align: justify;\">Toiseksi olen halunnut jo pitk\u00e4\u00e4n parantaa blogiani monilta osin. Olen halunnut eroon Vuodatuksen \u00e4rsytt\u00e4v\u00e4st\u00e4 mainosbannerista sek\u00e4 uudistaa <a title=\"Uusi ulkoasu 2.0\" href=\"http:\/\/www.vuosiamaailmalla.fi\/blog\/2011\/uusi-ulkoasu-2-0\/\">blogini ulkoasua<\/a>. Mietteiss\u00e4 onkin ollut jo pitk\u00e4\u00e4n vaihtaa blogi melkeinp\u00e4 standardin asemassa olevaan WordPress-formaattiin. <em>WordPressin<\/em> hyvi\u00e4 puolia ovat laaja selaintuki, todella laaja muokattavuus (kunhan vain <a title=\"Blogin s\u00e4\u00e4t\u00f6\u00e4\" href=\"http:\/\/www.vuosiamaailmalla.fi\/blog\/2016\/blogin-saatoa\/\">tiet\u00e4\u00e4 mit\u00e4 tekee<\/a>), valtaisa m\u00e4\u00e4r\u00e4 valmiita laajennuksia sek\u00e4 melkeinp\u00e4 loputtomasti tietoutta internetiss\u00e4.<\/p>\n<p style=\"text-align: justify;\">Kolmanneksi halusin blogini puhtaalle ja t\u00e4ysin hallittavissani olevalle alustalle. T\u00e4m\u00e4 tarkoitti webhotellin vuokraamista, mink\u00e4 p\u00e4\u00e4dyin tekem\u00e4\u00e4n suomalaiselta <em>Suncometilta<\/em>. En tied\u00e4 viel\u00e4 miten hyv\u00e4 p\u00e4\u00e4t\u00f6s t\u00e4m\u00e4 oli, sill\u00e4 ainakin t\u00e4\u00e4lt\u00e4 Kanadasta k\u00e4sin t\u00e4m\u00e4 blogi latautuu paikoitellen <a title=\"Vauhtia uusista nimipalvelimista\" href=\"http:\/\/www.vuosiamaailmalla.fi\/blog\/2012\/vauhtia-uusista-nimipalvelimista\/\">v\u00e4h\u00e4n hitaasti<\/a>, mutta t\u00e4t\u00e4 asiaa <a title=\"Blogin viides sukupolvi\" href=\"http:\/\/www.vuosiamaailmalla.fi\/blog\/2021\/blogin-viides-sukupolvi-5-0\/\">pit\u00e4\u00e4 analysoida<\/a> ajan kanssa.<\/p>\n<p style=\"text-align: justify;\">Vaikka tiesin ett\u00e4 mainitut muutokset vaatisivat paljon aikaa ja vaivaa, p\u00e4\u00e4tin ottaa h\u00e4rk\u00e4\u00e4 sarvista. Olihan minulla joka tapauksessa edess\u00e4 monta viikkoa ilman mahdollisuutta p\u00e4ivitt\u00e4\u00e4 blogiani ja t\u00e4ss\u00e4 se tulos nyt on, luet sit\u00e4 juuri paraikaa! Kutsun t\u00e4t\u00e4 <strong>versioksi 3.0<\/strong>, sill\u00e4 t\u00e4m\u00e4 on blogini j\u00e4rjestyksess\u00e4\u00e4n kolmas iteraatio.<\/p>\n<p style=\"text-align: justify;\">Ensimm\u00e4inen versio sijaitsi karusti er\u00e4\u00e4ll\u00e4 internetfoorumilla, mit\u00e4 seurasi versio <a href=\"https:\/\/vuosiamaailmalla.vuodatus.net\/\"><em>Vuodatus.netiss\u00e4<\/em><\/a>. Koska minulta tulee viem\u00e4\u00e4n pitk\u00e4\u00e4n siirt\u00e4\u00e4 kaikki sis\u00e4lt\u00f6 Vuodatuksesta t\u00e4nne uuden blogin puolelle, s\u00e4ilyy vanha blogi t\u00e4m\u00e4n uuden rinnalla viel\u00e4 vuosien ajan. Tulen kopioimaan sielt\u00e4 sis\u00e4lt\u00f6\u00e4 t\u00e4nne tasaiseen tahtiin, mutta en tee en\u00e4\u00e4 mit\u00e4\u00e4n p\u00e4ivityksi\u00e4 vanhalle puolelle. Blogini lukijalla ei ole siten mit\u00e4\u00e4n syyt\u00e4 kurkistaa vanhan blogin puolelle, jollei sitten etsi jotain vanhaa kirjoitustani. Toivon mukaan saan siirretty\u00e4 merkitt\u00e4v\u00e4n osan sis\u00e4ll\u00f6st\u00e4 t\u00e4lle uudelle puolelle t\u00e4m\u00e4n vuoden loppuun menness\u00e4, jonka j\u00e4lkeen tulen varmaan sulkemaan vanhan blogini p\u00e4\u00e4llekk\u00e4isen\u00e4.<\/p>\n<p style=\"text-align: justify;\">Viimeisen kuukauden aikana t\u00e4h\u00e4n uuteen blogiin k\u00e4ytetyt kymmenet tunnit eiv\u00e4t ole kuitenkaan tyystin menneet ulkoasun viilailussa ja vanhan sis\u00e4ll\u00f6n kopioimisessa. Olen my\u00f6s kirjoittanut tasaiseen tahtiin uusia kirjoituksia ajankohtaisista aiheista, jotka l\u00f6ytyv\u00e4t selaamalla kirjoituksia taaksep\u00e4in. Asian helpottamiseksi alla on my\u00f6s listaus vain t\u00e4m\u00e4n uuden blogin puolelta l\u00f6ytyvist\u00e4 uusista kirjoituksista:<\/p>\n<ul style=\"text-align: justify;\">\n<li><a title=\"Celebration of Light\" href=\"https:\/\/www.vuosiamaailmalla.fi\/?p=519\">Celebration of Light<\/a><\/li>\n<li><a title=\"Ei pekonij\u00e4\u00e4tel\u00f6\u00e4 Kanadaan\" href=\"https:\/\/www.vuosiamaailmalla.fi\/?p=514\">Ei pekonij\u00e4\u00e4tel\u00f6\u00e4 Kanadaan<\/a><\/li>\n<li><a title=\"Rice Lake\" href=\"https:\/\/www.vuosiamaailmalla.fi\/?p=419\">Rice Lake<\/a><\/li>\n<li><a title=\"Kanadan 5 kalleinta miljoonakotia\" href=\"https:\/\/www.vuosiamaailmalla.fi\/?p=273\">Kanadan 5 kalleinta miljoonakotia<\/a><\/li>\n<li><a title=\"Kinder-suklaamunien salakuljetusta\" href=\"https:\/\/www.vuosiamaailmalla.fi\/?p=293\">Kinder-suklaamunien salakuljestusta<\/a><\/li>\n<li><a title=\"Samsung Store\" href=\"https:\/\/www.vuosiamaailmalla.fi\/?p=241\">Samsung Store<\/a><\/li>\n<li><a title=\"Siperian mets\u00e4palot\" href=\"https:\/\/www.vuosiamaailmalla.fi\/?p=158\">Siperian mets\u00e4palot<\/a><\/li>\n<li><a title=\"Brothers Creek\" href=\"https:\/\/www.vuosiamaailmalla.fi\/?p=318\">Brothers Creek<\/a><\/li>\n<\/ul>\n<p style=\"text-align: justify;\">Toivon ett\u00e4 uusi blogini on lukijoideni mieleen ja otan mielell\u00e4ni vastaan siihen liittyv\u00e4\u00e4 <a title=\"Pisteytys kirjoituksiin\" href=\"http:\/\/www.vuosiamaailmalla.fi\/blog\/2012\/pisteytys-kirjoituksiin\/\">palautetta<\/a>. Bugejakin saa mainita jos niit\u00e4 l\u00f6ytyy, sill\u00e4 blogin muokkaaminen t\u00e4ysin mieleisekseni on viel\u00e4 osin kesken. Tarkoitukseni on my\u00f6s lokalisoida blogia viel\u00e4 lis\u00e4\u00e4 suomen kielelle, jotta sit\u00e4 olisi mahdollisimman helppo ja miellytt\u00e4v\u00e4 lukea.<\/p>\n<p>Kiitos k\u00e4rsiv\u00e4llisyydest\u00e4 ja tervetuloa blogiin mallia 3.0!<\/p>\n<p style=\"text-align: right;\">Klaus Johansson<br \/>\n18. elokuuta 2012<br \/>\n<a href=\"\/blog\/wp-content\/uploads\/general\/omakuva.jpg\"><img decoding=\"async\" style=\"border: 0px none; margin: 5px;\" src=\"\/blog\/wp-content\/uploads\/general\/thumbs\/thumbs_omakuva.jpg\" alt=\"\" align=\"right\" \/><\/a><\/p>\n","protected":false},"excerpt":{"rendered":"<p>Reilu kuukausi siin\u00e4 meni, mutta t\u00e4ss\u00e4 sit\u00e4 taas ollaan! Mit\u00e4 oikein tapahtui? Asiasta ei ole t\u00e4ytt\u00e4 varmuutta, mutta n\u00e4ytt\u00e4isi silt\u00e4 ett\u00e4 kes\u00e4kuun lopussa maailman kelloihin lis\u00e4tty karkaussekunti sekoitti tietokoneita kaikkialla ja onnistui my\u00f6s katkaisemaan s\u00e4hk\u00f6t Vuodatus.netin tiloista. T\u00e4m\u00e4 tietenkin pimensi palvelimet, mutta niit\u00e4 uudelleenk\u00e4ynnistett\u00e4ess\u00e4 Vuodatuksen yll\u00e4pito huomasi, ett\u00e4 ryt\u00e4k\u00e4ss\u00e4 oli hajonnut my\u00f6s palvelimen kiintolevyj\u00e4. Koko &hellip; <a href=\"https:\/\/www.vuosiamaailmalla.fi\/blog\/2012\/blogi-3-0\/\" class=\"more-link\">Jatka lukemista<span class=\"screen-reader-text\"> &#8221;Blogi 3.0&#8221;<\/span><\/a><\/p>\n","protected":false},"author":1,"featured_media":11188,"comment_status":"open","ping_status":"open","sticky":false,"template":"","format":"standard","meta":{"_jetpack_memberships_contains_paid_content":false,"footnotes":""},"categories":[226],"tags":[],"class_list":["post-528","post","type-post","status-publish","format-standard","has-post-thumbnail","hentry","category-blogista"],"jetpack_featured_media_url":"https:\/\/www.vuosiamaailmalla.fi\/blog\/wp-content\/uploads\/blogi_30_banner.jpg","jetpack_sharing_enabled":true,"_links":{"self":[{"href":"https:\/\/www.vuosiamaailmalla.fi\/blog\/wp-json\/wp\/v2\/posts\/528","targetHints":{"allow":["GET"]}}],"collection":[{"href":"https:\/\/www.vuosiamaailmalla.fi\/blog\/wp-json\/wp\/v2\/posts"}],"about":[{"href":"https:\/\/www.vuosiamaailmalla.fi\/blog\/wp-json\/wp\/v2\/types\/post"}],"author":[{"embeddable":true,"href":"https:\/\/www.vuosiamaailmalla.fi\/blog\/wp-json\/wp\/v2\/users\/1"}],"replies":[{"embeddable":true,"href":"https:\/\/www.vuosiamaailmalla.fi\/blog\/wp-json\/wp\/v2\/comments?post=528"}],"version-history":[{"count":4,"href":"https:\/\/www.vuosiamaailmalla.fi\/blog\/wp-json\/wp\/v2\/posts\/528\/revisions"}],"predecessor-version":[{"id":11203,"href":"https:\/\/www.vuosiamaailmalla.fi\/blog\/wp-json\/wp\/v2\/posts\/528\/revisions\/11203"}],"wp:featuredmedia":[{"embeddable":true,"href":"https:\/\/www.vuosiamaailmalla.fi\/blog\/wp-json\/wp\/v2\/media\/11188"}],"wp:attachment":[{"href":"https:\/\/www.vuosiamaailmalla.fi\/blog\/wp-json\/wp\/v2\/media?parent=528"}],"wp:term":[{"taxonomy":"category","embeddable":true,"href":"https:\/\/www.vuosiamaailmalla.fi\/blog\/wp-json\/wp\/v2\/categories?post=528"},{"taxonomy":"post_tag","embeddable":true,"href":"https:\/\/www.vuosiamaailmalla.fi\/blog\/wp-json\/wp\/v2\/tags?post=528"}],"curies":[{"name":"wp","href":"https:\/\/api.w.org\/{rel}","templated":true}]}}