{"id":5318,"date":"2015-06-15T13:20:41","date_gmt":"2015-06-15T20:20:41","guid":{"rendered":"http:\/\/13.53.127.146\/?p=5318"},"modified":"2021-07-01T17:23:56","modified_gmt":"2021-07-02T00:23:56","slug":"kesaista-marjanpoimintaa","status":"publish","type":"post","link":"https:\/\/www.vuosiamaailmalla.fi\/blog\/2015\/kesaista-marjanpoimintaa\/","title":{"rendered":"Kes\u00e4ist\u00e4 marjanpoimintaa"},"content":{"rendered":"<p style=\"text-align: justify;\">L\u00e4mmin ja toistuvasti helteinenkin kes\u00e4keli on hellinyt Vancouveria aina toukokuun alusta saakka. Kauniita kelej\u00e4 on riitt\u00e4nyt siin\u00e4 m\u00e4\u00e4rin, ett\u00e4 luonto alkaa olla jo sateen tarpeessa ja erilaisia kehoituksia veden s\u00e4\u00e4nn\u00f6stelyst\u00e4 esimerkiksi nurmikon kastelemiseksi on jo annettu. L\u00e4mmin keli on meinannut my\u00f6s ett\u00e4 kes\u00e4n marjasadot ovat etuajassa ja Vancouverissa elet\u00e4\u00e4nkin jo t\u00e4ytt\u00e4 mansikkakautta. Ja seh\u00e4n tarkoittaa tietenkin retke\u00e4 Langleyss\u00e4 sijaitsevalle <em>Krause Berry Farmsille<\/em>.<\/p>\n<p><!--more--><\/p>\n<p style=\"text-align: justify;\">Retki Langleyhyn on jo melkein jokavuotinen juttu ja kirjoitin siit\u00e4 viimeeksi <a href=\"https:\/\/www.vuosiamaailmalla.fi\/?p=2154\">vuonna 2013<\/a>. Paikka on siis meille hyvin tuttu ja se muodostaa mukavan p\u00e4iv\u00e4retken maaseudulle t\u00e4\u00e4lt\u00e4 kaupungin kuumuudesta.<\/p>\n<p style=\"text-align: center;\"><a href=\"\/blog\/wp-content\/uploads\/2015\/krause_berry_farm1.jpg\"><img decoding=\"async\" style=\"border: 0px none; margin: 5px;\" src=\"\/blog\/wp-content\/uploads\/2015\/thumbs\/thumbs_krause_berry_farm1.jpg\" alt=\"\" \/><\/a><a href=\"\/blog\/wp-content\/uploads\/2015\/krause_berry_farm2.jpg\"><img decoding=\"async\" style=\"border: 0px none; margin: 5px;\" src=\"\/blog\/wp-content\/uploads\/2015\/thumbs\/thumbs_krause_berry_farm2.jpg\" alt=\"\" \/><\/a><\/p>\n<p style=\"text-align: center;\"><em>Krause Berry Farms<\/em><\/p>\n<p style=\"text-align: justify;\">Matkaan l\u00e4hti t\u00e4ll\u00e4 kertaa my\u00f6s useita kertoja Vancouverissa ty\u00f6matkalla vieraillut suomalainen tuttumme, joka on paraikaa kaupungissa. Perill\u00e4 tapasimme my\u00f6s Niinan paikallisen ty\u00f6kaverin ja porukassa ihailimme maatilan kaupan herkkuja. Kaupan oli my\u00f6s mit\u00e4 ihmeellisimpi\u00e4 hilavitkuttimia joita voi kuvitella myyt\u00e4v\u00e4n vain Pohjois-Amerikassa. Vai milt\u00e4 kuulostaa mansikan siivutin tai sy\u00f6dyn piirakkapalan sektorin t\u00e4ytt\u00e4v\u00e4 ja j\u00e4ljell\u00e4olevan piirakan kosteana pit\u00e4v\u00e4 vempain? N\u00e4m\u00e4 ja monet muut tuotteet saivat meilt\u00e4 tuomion t\u00e4ysin turhina h\u00f6mp\u00f6tyksin\u00e4, mutta oli niill\u00e4 silti pieni huumoriarvonsa.<\/p>\n<p style=\"text-align: center;\"><a href=\"\/blog\/wp-content\/uploads\/2015\/hilavitkuttimia1.jpg\"><img decoding=\"async\" style=\"border: 0px none; margin: 5px;\" src=\"\/blog\/wp-content\/uploads\/2015\/thumbs\/thumbs_hilavitkuttimia1.jpg\" alt=\"\" \/><\/a><a href=\"\/blog\/wp-content\/uploads\/2015\/hilavitkuttimia2.jpg\"><img decoding=\"async\" style=\"border: 0px none; margin: 5px;\" src=\"\/blog\/wp-content\/uploads\/2015\/thumbs\/thumbs_hilavitkuttimia2.jpg\" alt=\"\" \/><\/a><\/p>\n<p style=\"text-align: center;\"><em>Amerikkalaisia hilavitkuttimia<\/em><\/p>\n<p style=\"text-align: justify;\">Paikanp\u00e4\u00e4ll\u00e4 oli sunnuntaiaamuna valtavasti ihmisi\u00e4 ja tuloksena kaupassa myyt\u00e4v\u00e4t tuoreet marjat olivat loppuneet. Olimme kuitenkin tulleet paikalle juuri makoisat mansikat ja vadelmat mieless\u00e4mme, joten ainoaksi vaihtoehdoksi j\u00e4i <em>U-Pick<\/em> eli poimia itse marjat. Mansikkapuskia oli tonkimassa suuri m\u00e4\u00e4r\u00e4 muita ihmisi\u00e4, mutta l\u00f6ysimme kuitenkin porukassa muutama korillinen herkullisia marjoja. Mansikat olivat hieman pienikokoisia, mutta maistuivat tosi mehukkailta ja melkein yht\u00e4 hyvilt\u00e4 kuin Suomessa myyt\u00e4v\u00e4t mansikat. Kanadassa ja Saksassa kaupoissa myyt\u00e4v\u00e4t kaukomaiden j\u00e4ttimansikat eiv\u00e4t yleens\u00e4 maistu oikein milt\u00e4\u00e4n ja ovat l\u00e4hinn\u00e4 vett\u00e4, mutta n\u00e4m\u00e4 mansikat olivat todella hyvi\u00e4. Makuun vaikutti varmasti my\u00f6s oman ty\u00f6n j\u00e4lki.<\/p>\n<p style=\"text-align: center;\"><a href=\"\/blog\/wp-content\/uploads\/2015\/marjanpoimintaa_krausella1.jpg\"><img decoding=\"async\" style=\"border: 0px none; margin: 5px;\" src=\"\/blog\/wp-content\/uploads\/2015\/thumbs\/thumbs_marjanpoimintaa_krausella1.jpg\" alt=\"\" \/><\/a><a href=\"\/blog\/wp-content\/uploads\/2015\/marjanpoimintaa_krausella2.jpg\"><img decoding=\"async\" style=\"border: 0px none; margin: 5px;\" src=\"\/blog\/wp-content\/uploads\/2015\/thumbs\/thumbs_marjanpoimintaa_krausella2.jpg\" alt=\"\" \/><\/a><a href=\"\/blog\/wp-content\/uploads\/2015\/marjanpoimintaa_krausella4.jpg\"><img decoding=\"async\" style=\"border: 0px none; margin: 5px;\" src=\"\/blog\/wp-content\/uploads\/2015\/thumbs\/thumbs_marjanpoimintaa_krausella4.jpg\" alt=\"\" \/><\/a><\/p>\n<p style=\"text-align: center;\"><em>Ruuhkaa mansikkapellolla<\/em><\/p>\n<p style=\"text-align: center;\"><a href=\"\/blog\/wp-content\/uploads\/2015\/marjanpoimintaa_krausella3.jpg\"><img decoding=\"async\" style=\"border: 0px none; margin: 5px;\" src=\"\/blog\/wp-content\/uploads\/2015\/thumbs\/thumbs_marjanpoimintaa_krausella3.jpg\" alt=\"\" \/><\/a><\/p>\n<p style=\"text-align: center;\"><em>Keruuty\u00f6n tulosta<\/em><\/p>\n<p style=\"text-align: justify;\">Vadelmien poimiminen oli mansikoita helpompaa hommaa, mutta kuivuus n\u00e4kyi marjojen pienuutena sek\u00e4 niiden kypsyyden suuressa vaihtelussa. Vadelmakausi ei ehk\u00e4 ole ihan viel\u00e4 kuumimmillaan ja paras aika voikin olla parin viikon sis\u00e4ll\u00e4. L\u00f6ysimme kuitenkin sangen pienell\u00e4 vaivalla kaksi korillista punaisia vadelmia.<\/p>\n<p style=\"text-align: center;\"><a href=\"\/blog\/wp-content\/uploads\/2015\/tuoreita_vadelmia1.jpg\"><img decoding=\"async\" style=\"border: 0px none; margin: 5px;\" src=\"\/blog\/wp-content\/uploads\/2015\/tuoreita_vadelmia1.jpg\" alt=\"\" \/><\/a><\/p>\n<p style=\"text-align: center;\"><em>Tuoreita vadelmia<\/em><\/p>\n<p style=\"text-align: justify;\">Kovan poimintaurakan j\u00e4lkeen palkitsimme itsemme tietenkin myym\u00e4l\u00e4n tuoreilla vohveleilla tuoreiden marjojen kera. Koska ihmisi\u00e4 oli paikalla niin mahdottomasti, piti vohveleita jonottaa per\u00e4ti 20 minuuttia, mutta se unohtui heti niihin kiinni p\u00e4\u00e4sty\u00e4\u00e4n. Niit\u00e4 mussuttaessamme kuuntelimme ravintolalla olevaa el\u00e4v\u00e4\u00e4 musiikkia.<\/p>\n<p style=\"text-align: center;\"><a href=\"\/blog\/wp-content\/uploads\/2015\/elavaa_musiikkia.jpg\"><img decoding=\"async\" style=\"border: 0px none; margin: 5px;\" src=\"\/blog\/wp-content\/uploads\/2015\/thumbs\/thumbs_elavaa_musiikkia.jpg\" alt=\"\" \/><\/a><a href=\"\/blog\/wp-content\/uploads\/2015\/tuoreita_vadelmia2.jpg\"><img decoding=\"async\" style=\"border: 0px none; margin: 5px;\" src=\"\/blog\/wp-content\/uploads\/2015\/thumbs\/thumbs_tuoreita_vadelmia2.jpg\" alt=\"\" \/><\/a><\/p>\n<p style=\"text-align: center;\"><em>El\u00e4v\u00e4\u00e4 musiikkia ja vohveleita<\/em><\/p>\n<p style=\"text-align: justify;\">T\u00e4m\u00e4nvuotinen retkemme olikin onnistunut ja nyt meill\u00e4 on j\u00e4\u00e4kaapissa tuoreita marjoja joita mutustaa t\u00e4\u00e4ll\u00e4 kaupungissa t\u00e4m\u00e4nkin viikon <a title=\"Kaikkien aikojen enn\u00e4tyshelle\" href=\"https:\/\/www.vuosiamaailmalla.fi\/blog\/2021\/kaikkien-aikojen-ennatyshelle\/\">hellekeleiss\u00e4 k\u00e4rvistelless\u00e4<\/a>.<\/p>\n","protected":false},"excerpt":{"rendered":"<p>L\u00e4mmin ja toistuvasti helteinenkin kes\u00e4keli on hellinyt Vancouveria aina toukokuun alusta saakka. Kauniita kelej\u00e4 on riitt\u00e4nyt siin\u00e4 m\u00e4\u00e4rin, ett\u00e4 luonto alkaa olla jo sateen tarpeessa ja erilaisia kehoituksia veden s\u00e4\u00e4nn\u00f6stelyst\u00e4 esimerkiksi nurmikon kastelemiseksi on jo annettu. L\u00e4mmin keli on meinannut my\u00f6s ett\u00e4 kes\u00e4n marjasadot ovat etuajassa ja Vancouverissa elet\u00e4\u00e4nkin jo t\u00e4ytt\u00e4 mansikkakautta. Ja seh\u00e4n tarkoittaa &hellip; <a href=\"https:\/\/www.vuosiamaailmalla.fi\/blog\/2015\/kesaista-marjanpoimintaa\/\" class=\"more-link\">Jatka lukemista<span class=\"screen-reader-text\"> &#8221;Kes\u00e4ist\u00e4 marjanpoimintaa&#8221;<\/span><\/a><\/p>\n","protected":false},"author":1,"featured_media":10424,"comment_status":"open","ping_status":"open","sticky":false,"template":"","format":"standard","meta":{"_jetpack_memberships_contains_paid_content":false,"footnotes":""},"categories":[17,3],"tags":[25,34,935,159,572],"class_list":["post-5318","post","type-post","status-publish","format-standard","has-post-thumbnail","hentry","category-arki-kanadassa","category-arki-ulkomailla","tag-ajankohtaista","tag-arki","tag-kanada","tag-kesa","tag-langley"],"jetpack_featured_media_url":"https:\/\/www.vuosiamaailmalla.fi\/blog\/wp-content\/uploads\/marjanpoimintaa_krausella_banner-1.jpg","jetpack_sharing_enabled":true,"_links":{"self":[{"href":"https:\/\/www.vuosiamaailmalla.fi\/blog\/wp-json\/wp\/v2\/posts\/5318","targetHints":{"allow":["GET"]}}],"collection":[{"href":"https:\/\/www.vuosiamaailmalla.fi\/blog\/wp-json\/wp\/v2\/posts"}],"about":[{"href":"https:\/\/www.vuosiamaailmalla.fi\/blog\/wp-json\/wp\/v2\/types\/post"}],"author":[{"embeddable":true,"href":"https:\/\/www.vuosiamaailmalla.fi\/blog\/wp-json\/wp\/v2\/users\/1"}],"replies":[{"embeddable":true,"href":"https:\/\/www.vuosiamaailmalla.fi\/blog\/wp-json\/wp\/v2\/comments?post=5318"}],"version-history":[{"count":2,"href":"https:\/\/www.vuosiamaailmalla.fi\/blog\/wp-json\/wp\/v2\/posts\/5318\/revisions"}],"predecessor-version":[{"id":12320,"href":"https:\/\/www.vuosiamaailmalla.fi\/blog\/wp-json\/wp\/v2\/posts\/5318\/revisions\/12320"}],"wp:featuredmedia":[{"embeddable":true,"href":"https:\/\/www.vuosiamaailmalla.fi\/blog\/wp-json\/wp\/v2\/media\/10424"}],"wp:attachment":[{"href":"https:\/\/www.vuosiamaailmalla.fi\/blog\/wp-json\/wp\/v2\/media?parent=5318"}],"wp:term":[{"taxonomy":"category","embeddable":true,"href":"https:\/\/www.vuosiamaailmalla.fi\/blog\/wp-json\/wp\/v2\/categories?post=5318"},{"taxonomy":"post_tag","embeddable":true,"href":"https:\/\/www.vuosiamaailmalla.fi\/blog\/wp-json\/wp\/v2\/tags?post=5318"}],"curies":[{"name":"wp","href":"https:\/\/api.w.org\/{rel}","templated":true}]}}