{"id":5447,"date":"2015-06-23T14:33:31","date_gmt":"2015-06-23T21:33:31","guid":{"rendered":"http:\/\/13.53.127.146\/?p=5447"},"modified":"2019-12-17T20:49:46","modified_gmt":"2019-12-18T04:49:46","slug":"juhannusretki-rannikkovuorten-ympari","status":"publish","type":"post","link":"https:\/\/www.vuosiamaailmalla.fi\/blog\/2015\/juhannusretki-rannikkovuorten-ympari\/","title":{"rendered":"Juhannusretki rannikkovuorten ymp\u00e4ri"},"content":{"rendered":"<p style=\"text-align: justify;\">Viime viikonloppuna vietettiin j\u00e4lleen keskikes\u00e4n juhlaa ja vuoden pisint\u00e4 p\u00e4iv\u00e4\u00e4 eli juhannusta. Koska juhannusta ei juhlita Kanadassa sen ihmeemmin, p\u00e4\u00e4timme Niinan sek\u00e4 luonamme olevan suomalaisen vieraan kanssa l\u00e4hte\u00e4 nauttimaan kauniista lauantaista vuorten keskelle. Reitiksi valikoitui pitk\u00e4 yli 600 kilometrin mittainen rannikkovuorten kierros, jonka kiersimme Niinan kanssa viimeeksi <a href=\"https:\/\/www.vuosiamaailmalla.fi\/?p=2193\">kaksi vuotta sitten.<\/a><\/p>\n<p><!--more--><\/p>\n<p style=\"text-align: center;\"><iframe loading=\"lazy\" src=\"https:\/\/maps.google.com\/maps?f=d&amp;source=s_d&amp;saddr=W+Georgia+St%2FBC-1A+N&amp;daddr=50.0111065,-121.5185381+to:50.3030142,-122.5740971+to:Stanley+Park+Causeway%2FBC-1A+S&amp;hl=fi&amp;geocode=FUQh8AIdCCep-A%3BFeIb-wIdNsbB-CkJ5Y0NUGuBVDFPZEfOQqxnnQ%3BFSaQ_wId76qx-CkpZlBqa8yAVDGdWhExPAleiQ%3BFUEz8AIdiRap-A&amp;sll=49.696062,-121.734009&amp;sspn=2.147925,5.984802&amp;t=h&amp;mra=dme&amp;mrsp=3&amp;sz=9&amp;via=1,2&amp;ie=UTF8&amp;ll=49.915862,-122.34375&amp;spn=2.476059,4.669189&amp;z=7&amp;output=embed\" width=\"425\" height=\"350\" frameborder=\"0\" marginwidth=\"0\" marginheight=\"0\" scrolling=\"no\"><\/iframe><br \/>\n<small><a style=\"color: #0000ff; text-align: left;\" href=\"https:\/\/maps.google.com\/maps?f=d&amp;source=embed&amp;saddr=W+Georgia+St%2FBC-1A+N&amp;daddr=50.0111065,-121.5185381+to:50.3030142,-122.5740971+to:Stanley+Park+Causeway%2FBC-1A+S&amp;hl=fi&amp;geocode=FUQh8AIdCCep-A%3BFeIb-wIdNsbB-CkJ5Y0NUGuBVDFPZEfOQqxnnQ%3BFSaQ_wId76qx-CkpZlBqa8yAVDGdWhExPAleiQ%3BFUEz8AIdiRap-A&amp;sll=49.696062,-121.734009&amp;sspn=2.147925,5.984802&amp;t=h&amp;mra=dme&amp;mrsp=3&amp;sz=9&amp;via=1,2&amp;ie=UTF8&amp;ll=49.915862,-122.34375&amp;spn=2.476059,4.669189&amp;z=7\">N\u00e4yt\u00e4 suurempi kartta<\/a><\/small><\/p>\n<p style=\"text-align: justify;\">L\u00e4hdimme matkaan aamuyhdeks\u00e4lt\u00e4 ja puolilta p\u00e4ivin olimme Fraser Canyonissa matkalla pohjoiseen. T\u00e4m\u00e4 Fraser Riverin uurtama kanjoni tarjoaa upean ajoreitin vaihtoehtona tyls\u00e4lle <a href=\"https:\/\/www.vuosiamaailmalla.fi\/?p=2735\"><em>Coquihalla Highwaylle<\/em><\/a> ja liikkeell\u00e4 olikin paljon moottoripy\u00f6r\u00e4ilij\u00f6it\u00e4 sek\u00e4 kiireett\u00f6mi\u00e4 asuntoautoilijoita. Vanhaa ykk\u00f6stiet\u00e4 on mukava ajella, sill\u00e4 liikenne on todella rauhallista ja pys\u00e4hdyimmekin taajaan kanjonimaisemia kuvataksemme.<\/p>\n<p style=\"text-align: center;\"><a href=\"\/blog\/wp-content\/uploads\/2015\/fraser_canyon1.jpg\"><img decoding=\"async\" style=\"border: 0px none; margin: 5px;\" src=\"\/blog\/wp-content\/uploads\/2015\/thumbs\/thumbs_fraser_canyon1.jpg\" alt=\"\" \/><\/a><a href=\"\/blog\/wp-content\/uploads\/2015\/fraser_canyon4.jpg\"><img decoding=\"async\" style=\"border: 0px none; margin: 5px;\" src=\"\/blog\/wp-content\/uploads\/2015\/thumbs\/thumbs_fraser_canyon4.jpg\" alt=\"\" \/><\/a><a href=\"\/blog\/wp-content\/uploads\/2015\/fraser_canyon3.jpg\"><img decoding=\"async\" style=\"border: 0px none; margin: 5px;\" src=\"\/blog\/wp-content\/uploads\/2015\/thumbs\/thumbs_fraser_canyon3.jpg\" alt=\"\" \/><\/a><br \/>\n<a href=\"\/blog\/wp-content\/uploads\/2015\/fraser_canyon2.jpg\"><img decoding=\"async\" style=\"border: 0px none; margin: 5px;\" src=\"\/blog\/wp-content\/uploads\/2015\/thumbs\/thumbs_fraser_canyon2.jpg\" alt=\"\" \/><\/a><a href=\"\/blog\/wp-content\/uploads\/2015\/fraser_canyon8.jpg\"><img decoding=\"async\" style=\"border: 0px none; margin: 5px;\" src=\"\/blog\/wp-content\/uploads\/2015\/thumbs\/thumbs_fraser_canyon8.jpg\" alt=\"\" \/><\/a><\/p>\n<p style=\"text-align: center;\"><em>Fraser Canyonin jyrkki\u00e4 sein\u00e4mi\u00e4<\/em><\/p>\n<p style=\"text-align: center;\"><a href=\"\/blog\/wp-content\/uploads\/2015\/fraser_canyon7.jpg\"><img decoding=\"async\" style=\"border: 0px none; margin: 5px;\" src=\"\/blog\/wp-content\/uploads\/2015\/thumbs\/thumbs_fraser_canyon7.jpg\" alt=\"\" \/><\/a><a href=\"\/blog\/wp-content\/uploads\/2015\/fraser_canyon5.jpg\"><img decoding=\"async\" style=\"border: 0px none; margin: 5px;\" src=\"\/blog\/wp-content\/uploads\/2015\/thumbs\/thumbs_fraser_canyon5.jpg\" alt=\"\" \/><\/a><a href=\"\/blog\/wp-content\/uploads\/2015\/fraser_canyon6.jpg\"><img decoding=\"async\" style=\"border: 0px none; margin: 5px;\" src=\"\/blog\/wp-content\/uploads\/2015\/thumbs\/thumbs_fraser_canyon6.jpg\" alt=\"\" \/><\/a><\/p>\n<p style=\"text-align: center;\"><em>Korkealla joen yl\u00e4puolella<\/em><\/p>\n<p style=\"text-align: justify;\">V\u00e4h\u00e4n ennen yht\u00e4 saavuimme <em>Hell&#8217;s Gatelle<\/em>, jossa laskeuduimme kabiinihissill\u00e4 joen rantaan. Kuivuudesta huolimatta Fraser Riverin pinta oli edelliskertaa jopa hieman korkeammalla ja veden syvyys kapeikossa melkein 40 metri\u00e4 (lue paikasta enemm\u00e4n <a href=\"https:\/\/www.vuosiamaailmalla.fi\/?p=2193\">edellisest\u00e4 kirjoituksesta<\/a>). Virtaus oli vuolas ja kosken kohinaa oli mukava kuunnella alhaalla sijaitsevassa ravintolassa sy\u00f6dess\u00e4. Ainoastaan noin puolen tunnin v\u00e4lein kolistelevat pitk\u00e4t tavarajunat peittiv\u00e4t veden \u00e4\u00e4nen alleen, mutta kanjonin pohjaa kiemurtelevia jopa kolmen kilometrin mittaisia junia oli my\u00f6s hauska katsella.<\/p>\n<p style=\"text-align: center;\"><a href=\"\/blog\/wp-content\/uploads\/2015\/hells_gate2.jpg\"><img decoding=\"async\" style=\"border: 0px none; margin: 5px;\" src=\"\/blog\/wp-content\/uploads\/2015\/thumbs\/thumbs_hells_gate2.jpg\" alt=\"\" \/><\/a><a href=\"\/blog\/wp-content\/uploads\/2015\/hells_gate3.jpg\"><img decoding=\"async\" style=\"border: 0px none; margin: 5px;\" src=\"\/blog\/wp-content\/uploads\/2015\/thumbs\/thumbs_hells_gate3.jpg\" alt=\"\" \/><\/a><a href=\"\/blog\/wp-content\/uploads\/2015\/hells_gate1.jpg\"><img decoding=\"async\" style=\"border: 0px none; margin: 5px;\" src=\"\/blog\/wp-content\/uploads\/2015\/thumbs\/thumbs_hells_gate1.jpg\" alt=\"\" \/><\/a><\/p>\n<p style=\"text-align: center;\"><em>J\u00e4lleen kerran helvetin portilla<\/em><\/p>\n<p style=\"text-align: center;\"><a href=\"\/blog\/wp-content\/uploads\/2015\/pitka_tavarajuna.jpg\"><img decoding=\"async\" style=\"border: 0px none; margin: 5px;\" src=\"\/blog\/wp-content\/uploads\/2015\/thumbs\/thumbs_pitka_tavarajuna.jpg\" alt=\"\" \/><\/a><\/p>\n<p style=\"text-align: center;\"><em>Piiiitk\u00e4 tavarajuna<\/em><\/p>\n<p style=\"text-align: justify;\">Kauniista p\u00e4iv\u00e4st\u00e4 huolimatta Hell&#8217;s Gatella ei ollut valtavasti ihmisi\u00e4 ja ruuhkattomuus sek\u00e4 kiireett\u00f6myys ovatkin t\u00e4lle ajoreitille tyypillisi\u00e4. Mahtavista maisemistaan huolimatta kyseinen reitti on kuitenkin sangen harvan mieleen juolahtava ja siksi se onkin niin mahtava tilaisuus ottaa hieman eroa kaupungin vilin\u00e4\u00e4n. \ud83d\udca1<\/p>\n<p style=\"text-align: center;\"><a href=\"\/blog\/wp-content\/uploads\/2015\/hells_gate5.jpg\"><img decoding=\"async\" style=\"border: 0px none; margin: 5px;\" src=\"\/blog\/wp-content\/uploads\/2015\/thumbs\/thumbs_hells_gate5.jpg\" alt=\"\" \/><\/a><a href=\"\/blog\/wp-content\/uploads\/2015\/hells_gate8.jpg\"><img decoding=\"async\" style=\"border: 0px none; margin: 5px;\" src=\"\/blog\/wp-content\/uploads\/2015\/thumbs\/thumbs_hells_gate8.jpg\" alt=\"\" \/><\/a><a href=\"\/blog\/wp-content\/uploads\/2015\/hells_gate6.jpg\"><img decoding=\"async\" style=\"border: 0px none; margin: 5px;\" src=\"\/blog\/wp-content\/uploads\/2015\/thumbs\/thumbs_hells_gate6.jpg\" alt=\"\" \/><\/a><\/p>\n<p style=\"text-align: center;\"><em>K\u00f6ysirata alas<\/em><\/p>\n<p style=\"text-align: center;\"><a href=\"\/blog\/wp-content\/uploads\/2015\/hells_gate7.jpg\"><img decoding=\"async\" style=\"border: 0px none; margin: 5px;\" src=\"\/blog\/wp-content\/uploads\/2015\/hells_gate7.jpg\" alt=\"\" \/><\/a><\/p>\n<p style=\"text-align: center;\"><em>Syv\u00e4 kapeikko<\/em><\/p>\n<p style=\"text-align: center;\"><a href=\"\/blog\/wp-content\/uploads\/2015\/hells_gate4.jpg\"><img decoding=\"async\" style=\"border: 0px none; margin: 5px;\" src=\"\/blog\/wp-content\/uploads\/2015\/thumbs\/thumbs_hells_gate4.jpg\" alt=\"\" \/><\/a><\/p>\n<p style=\"text-align: center;\"><em>Paluumatkaa odottamassa<\/em><\/p>\n<p style=\"text-align: justify;\">Seuraava pys\u00e4hdyspaikkamme oli pieni Lytton, josta matka jatkui pient\u00e4 maantiet\u00e4 pitkin kohti Lillooettia. Lyttonia ymp\u00e4r\u00f6iv\u00e4 laakso on sis\u00e4maalle tyypilliseen tapaan eritt\u00e4in kuivaa seutua ja ymp\u00e4r\u00f6iv\u00e4 maisema siksi aivan erilaista kuin muualla reitin varrella. Kuivuus olikin mahdollistanut mets\u00e4palon syttymisen, joka roihusi edelleen vastap\u00e4isell\u00e4 vuorella. Onneksi joen l\u00e4nsipuoli on harvaanasuttua, joten mets\u00e4palosta ei ole suurempaa vaaraa ihmisasutukselle, eik\u00e4 sit\u00e4 siksi yritet\u00e4 pakolla hallita. Lehtitietojen mukaan Lyttonissa oli saatu loppuviikosta apua kevyest\u00e4 sateesta, joka oli satanut vuorten huipulla jopa <a href=\"https:\/\/www.vuosiamaailmalla.fi\/?p=3047\">lumena<\/a>. Kuitenkin palon t\u00e4ydellinen sammuminen vaatii rankemman sadekuuron iskemist\u00e4 alueelle, mit\u00e4 tulevankin viikon s\u00e4\u00e4ennuste ei alueelle kuitenkaan lupaa.<\/p>\n<p style=\"text-align: center;\"><a href=\"\/blog\/wp-content\/uploads\/2015\/metsapalo_lyttonin_lahella1.jpg\"><img decoding=\"async\" style=\"border: 0px none; margin: 5px;\" src=\"\/blog\/wp-content\/uploads\/2015\/thumbs\/thumbs_metsapalo_lyttonin_lahella1.jpg\" alt=\"\" \/><\/a><a href=\"\/blog\/wp-content\/uploads\/2015\/metsapalo_lyttonin_lahella2.jpg\"><img decoding=\"async\" style=\"border: 0px none; margin: 5px;\" src=\"\/blog\/wp-content\/uploads\/2015\/thumbs\/thumbs_metsapalo_lyttonin_lahella2.jpg\" alt=\"\" \/><\/a><a href=\"\/blog\/wp-content\/uploads\/2015\/metsapalo_lyttonin_lahella3.jpg\"><img decoding=\"async\" style=\"border: 0px none; margin: 5px;\" src=\"\/blog\/wp-content\/uploads\/2015\/thumbs\/thumbs_metsapalo_lyttonin_lahella3.jpg\" alt=\"\" \/><\/a><\/p>\n<p style=\"text-align: center;\"><em>Hallitsematon mets\u00e4palo<\/em><\/p>\n<p style=\"text-align: center;\"><a href=\"\/blog\/wp-content\/uploads\/2015\/junavaunu_lyttonissa.jpg\"><img decoding=\"async\" style=\"border: 0px none; margin: 5px;\" src=\"\/blog\/wp-content\/uploads\/2015\/junavaunu_lyttonissa.jpg\" alt=\"\" \/><\/a><\/p>\n<p style=\"text-align: center;\"><em>Museovaunu Lyttonissa<\/em><\/p>\n<p style=\"text-align: justify;\">Kauniista kelist\u00e4 huolimatta pieni\u00e4 sadekuurojakin oli lauantaina matkalla vuorten ylitse ja matkallamme ajoimme kahden noin viiden minuutin mittaisen rankan sadekuuron halki. Paikoittainen sade ei haitannut meit\u00e4, mutta se verhosi silti taivaan pilvisen harmaaksi.<\/p>\n<p style=\"text-align: center;\"><a href=\"\/blog\/wp-content\/uploads\/2015\/silta_yli_fraserin.jpg\"><img decoding=\"async\" style=\"border: 0px none; margin: 5px;\" src=\"\/blog\/wp-content\/uploads\/2015\/thumbs\/thumbs_silta_yli_fraserin.jpg\" alt=\"\" \/><\/a><a href=\"\/blog\/wp-content\/uploads\/2015\/lyttonin_lahella.jpg\"><img decoding=\"async\" style=\"border: 0px none; margin: 5px;\" src=\"\/blog\/wp-content\/uploads\/2015\/thumbs\/thumbs_lyttonin_lahella.jpg\" alt=\"\" \/><\/a><\/p>\n<p style=\"text-align: center;\"><em>Lyttonin l\u00e4hist\u00f6n maisemia<\/em><\/p>\n<p style=\"text-align: center;\"><a href=\"\/blog\/wp-content\/uploads\/2015\/lytton_aukea.jpg\"><img decoding=\"async\" style=\"border: 0px none; margin: 5px;\" src=\"\/blog\/wp-content\/uploads\/2015\/lytton_aukea_pieni.jpg\" alt=\"\" \/><\/a><\/p>\n<p style=\"text-align: justify;\">Perill\u00e4 Lillooetissa nappasimme mukaamme kahvit, jotka joimme l\u00e4heisen Seton Laken n\u00e4k\u00f6alapaikalla. Kauniin turkoosina kimalteleva vuoristoj\u00e4rvi tarjosi meille rauhallisen kahvihetken. Kahvit juotuamme jatkoimme matkaamme kohti Pembertonia ja ennen sinne saapumista pys\u00e4hdyimme viel\u00e4 kauniilla Joffre Lakella. Pembertonissa olimme iltaseitsem\u00e4n aikoihin ja s\u00f6imme siell\u00e4 illallisen ennen paluuta Vancouveriin.<\/p>\n<p style=\"text-align: center;\"><a href=\"\/blog\/wp-content\/uploads\/2015\/seton_lake_rautatie.jpg\"><img decoding=\"async\" style=\"border: 0px none; margin: 5px;\" src=\"\/blog\/wp-content\/uploads\/2015\/thumbs\/thumbs_seton_lake_rautatie.jpg\" alt=\"\" \/><\/a><a href=\"\/blog\/wp-content\/uploads\/2015\/seton_laken_parkkipaikka.jpg\"><img decoding=\"async\" style=\"border: 0px none; margin: 5px;\" src=\"\/blog\/wp-content\/uploads\/2015\/thumbs\/thumbs_seton_laken_parkkipaikka.jpg\" alt=\"\" \/><\/a><\/p>\n<p style=\"text-align: center;\"><em>Seton Laken jylh\u00e4 ymp\u00e4rist\u00f6<\/em><\/p>\n<p style=\"text-align: center;\"><a href=\"\/blog\/wp-content\/uploads\/2015\/lillooetin_jalkeen1.jpg\"><img decoding=\"async\" style=\"border: 0px none; margin: 5px;\" src=\"\/blog\/wp-content\/uploads\/2015\/thumbs\/thumbs_lillooetin_jalkeen1.jpg\" alt=\"\" \/><\/a><a href=\"\/blog\/wp-content\/uploads\/2015\/lillooetin_jalkeen2.jpg\"><img decoding=\"async\" style=\"border: 0px none; margin: 5px;\" src=\"\/blog\/wp-content\/uploads\/2015\/thumbs\/thumbs_lillooetin_jalkeen2.jpg\" alt=\"\" \/><\/a><\/p>\n<p style=\"text-align: center;\"><em>Matkalla kohti Pembertonia<\/em><\/p>\n<p style=\"text-align: center;\"><a href=\"\/blog\/wp-content\/uploads\/2015\/joffre_lake_iltasella.jpg\"><img decoding=\"async\" style=\"border: 0px none; margin: 5px;\" src=\"\/blog\/wp-content\/uploads\/2015\/joffre_lake_iltasella.jpg\" alt=\"\" \/><\/a><\/p>\n<p style=\"text-align: center;\"><em>Turkoosi Joffre Lake<\/em><\/p>\n<p style=\"text-align: justify;\">Lukuisten pys\u00e4hdysten t\u00e4ytt\u00e4m\u00e4\u00e4n reissuun kului meilt\u00e4 nelj\u00e4toista tuntia ja olimmekin kotona vasta hieman ennen yht\u00e4toista illalla. Matka oli j\u00e4lleen kerran todella upea ja ehdottomasti suosittelemisen arvoinen. Seuraavan kerran kierros olisi kiintoisa kulkea syd\u00e4ntalvella kauniina talvip\u00e4iv\u00e4n\u00e4, mutta se vaatisi <a href=\"https:\/\/www.vuosiamaailmalla.fi\/?p=4259\">lumista talvea<\/a>, mit\u00e4 ei ole koettu t\u00e4\u00e4ll\u00e4 l\u00e4nsirannikolla hetkeen. Ehk\u00e4p\u00e4 seuraava talvi on j\u00e4lleen kunnollinen ja saan laittaa t\u00e4nne blogiin my\u00f6s talvisia kuvia t\u00e4lt\u00e4 kauniilta reitilt\u00e4. \ud83d\ude1b<\/p>\n","protected":false},"excerpt":{"rendered":"<p>Viime viikonloppuna vietettiin j\u00e4lleen keskikes\u00e4n juhlaa ja vuoden pisint\u00e4 p\u00e4iv\u00e4\u00e4 eli juhannusta. Koska juhannusta ei juhlita Kanadassa sen ihmeemmin, p\u00e4\u00e4timme Niinan sek\u00e4 luonamme olevan suomalaisen vieraan kanssa l\u00e4hte\u00e4 nauttimaan kauniista lauantaista vuorten keskelle. Reitiksi valikoitui pitk\u00e4 yli 600 kilometrin mittainen rannikkovuorten kierros, jonka kiersimme Niinan kanssa viimeeksi kaksi vuotta sitten.<\/p>\n","protected":false},"author":1,"featured_media":10418,"comment_status":"open","ping_status":"open","sticky":false,"template":"","format":"standard","meta":{"_jetpack_memberships_contains_paid_content":false,"footnotes":""},"categories":[17,3,9,7],"tags":[578,577,568,149,935,580,863,329,581],"class_list":["post-5447","post","type-post","status-publish","format-standard","has-post-thumbnail","hentry","category-arki-kanadassa","category-arki-ulkomailla","category-kanada","category-matkakertomukset","tag-fraser-canyon","tag-hells-gate","tag-joffre-lake","tag-juhannus","tag-kanada","tag-lillooet","tag-lytton","tag-road-trip","tag-sea-to-sky-highway"],"jetpack_featured_media_url":"https:\/\/www.vuosiamaailmalla.fi\/blog\/wp-content\/uploads\/lytton_aukea_banner-1.jpg","jetpack_sharing_enabled":true,"_links":{"self":[{"href":"https:\/\/www.vuosiamaailmalla.fi\/blog\/wp-json\/wp\/v2\/posts\/5447","targetHints":{"allow":["GET"]}}],"collection":[{"href":"https:\/\/www.vuosiamaailmalla.fi\/blog\/wp-json\/wp\/v2\/posts"}],"about":[{"href":"https:\/\/www.vuosiamaailmalla.fi\/blog\/wp-json\/wp\/v2\/types\/post"}],"author":[{"embeddable":true,"href":"https:\/\/www.vuosiamaailmalla.fi\/blog\/wp-json\/wp\/v2\/users\/1"}],"replies":[{"embeddable":true,"href":"https:\/\/www.vuosiamaailmalla.fi\/blog\/wp-json\/wp\/v2\/comments?post=5447"}],"version-history":[{"count":0,"href":"https:\/\/www.vuosiamaailmalla.fi\/blog\/wp-json\/wp\/v2\/posts\/5447\/revisions"}],"wp:featuredmedia":[{"embeddable":true,"href":"https:\/\/www.vuosiamaailmalla.fi\/blog\/wp-json\/wp\/v2\/media\/10418"}],"wp:attachment":[{"href":"https:\/\/www.vuosiamaailmalla.fi\/blog\/wp-json\/wp\/v2\/media?parent=5447"}],"wp:term":[{"taxonomy":"category","embeddable":true,"href":"https:\/\/www.vuosiamaailmalla.fi\/blog\/wp-json\/wp\/v2\/categories?post=5447"},{"taxonomy":"post_tag","embeddable":true,"href":"https:\/\/www.vuosiamaailmalla.fi\/blog\/wp-json\/wp\/v2\/tags?post=5447"}],"curies":[{"name":"wp","href":"https:\/\/api.w.org\/{rel}","templated":true}]}}