{"id":5546,"date":"2014-06-21T11:54:50","date_gmt":"2014-06-21T18:54:50","guid":{"rendered":"http:\/\/13.53.127.146\/?p=5546"},"modified":"2022-11-11T15:29:29","modified_gmt":"2022-11-11T23:29:29","slug":"viikko-kesaisessa-omahassa","status":"publish","type":"post","link":"https:\/\/www.vuosiamaailmalla.fi\/blog\/2014\/viikko-kesaisessa-omahassa\/","title":{"rendered":"Viikko kes\u00e4isess\u00e4 Omahassa"},"content":{"rendered":"<p style=\"text-align: left;\"><em>Jatkoa <a title=\"Taivaisiin kasvanut Toronto\" href=\"https:\/\/www.vuosiamaailmalla.fi\/?p=3126\">t\u00e4\u00e4lt\u00e4<\/a>. Matkakertomuksen muut osat l\u00f6ytyv\u00e4t <a href=\"https:\/\/www.vuosiamaailmalla.fi\/?tag=matkakertomus-toronto-ja-omaha\">t\u00e4\u00e4lt\u00e4<\/a>.<\/em><\/p>\n<p style=\"text-align: justify;\"><a href=\"https:\/\/www.vuosiamaailmalla.fi\/?p=2969\">Torontossa vietetyn<\/a> viikon j\u00e4lkeen ty\u00f6matkani jatkui perjantaina p\u00e4iv\u00e4lennolla Chicagon kautta Amerikan puolelle, jossa meill\u00e4 on pieni toimisto Nebraskan osavaltion suurimmassa kaupungissa Omahassa. Omaha on v\u00e4h\u00e4n yli 400 000 asukkaan kaupunki keskell\u00e4 Keskil\u00e4nnen maissipeltoja, noin kahdeksan tunnin ajomatkan p\u00e4\u00e4ss\u00e4 Chicagosta l\u00e4nteen. Ollaan siis todellisilla <a href=\"https:\/\/www.vuosiamaailmalla.fi\/?p=2972\">Amerikan syd\u00e4nmailla<\/a> ja kaupungin ulkopuolella maaseutu jatkuu silm\u00e4nkantamattomiin.<\/p>\n<p><!--more--><\/p>\n<p style=\"text-align: center;\"><a href=\"\/blog\/wp-content\/uploads\/2014\/chicagon_kentalla1.jpg\"><img decoding=\"async\" style=\"border: 0px none; margin: 5px;\" src=\"\/blog\/wp-content\/uploads\/2014\/thumbs\/thumbs_chicagon_kentalla1.jpg\" alt=\"\" \/><\/a><a href=\"\/blog\/wp-content\/uploads\/2014\/lake_michiganin_ranta.jpg\"><img decoding=\"async\" style=\"border: 0px none; margin: 5px;\" src=\"\/blog\/wp-content\/uploads\/2014\/thumbs\/thumbs_lake_michiganin_ranta.jpg\" alt=\"\" \/><\/a><\/p>\n<p style=\"text-align: center;\"><em>Lake Michigan ja vaihto Chicagossa<\/em><\/p>\n<p style=\"text-align: justify;\">Jatkolento Chicagosta Omahaan kesti tunnin ja perill\u00e4 otin lentokent\u00e4lt\u00e4 auton alleni. Auto on n\u00e4ill\u00e4 lakeuksilla aivan pakollinen, sill\u00e4 Keskil\u00e4nnen kaupungeille tyypillisesti Omaha on rakennettu eritt\u00e4in v\u00e4lj\u00e4sti. Toimistomme sijaitsee kaukana keskustan ulkopuolella, joten asiasta ei ollut kahta kysymyst\u00e4k\u00e4\u00e4n. Auton saatuani ajelin toimiston l\u00e4hettyvill\u00e4 sijaitsevalle <em>Marriottille<\/em>, jossa majoituin seuraavat viisi y\u00f6t\u00e4.<\/p>\n<p style=\"text-align: center;\"><a href=\"\/blog\/wp-content\/uploads\/2014\/omahan_lahistolla2.jpg\"><img decoding=\"async\" style=\"border: 0px none; margin: 5px;\" src=\"\/blog\/wp-content\/uploads\/2014\/thumbs\/thumbs_omahan_lahistolla2.jpg\" alt=\"\" \/><\/a><a href=\"\/blog\/wp-content\/uploads\/2014\/omahan_lahistolla1.jpg\"><img decoding=\"async\" style=\"border: 0px none; margin: 5px;\" src=\"\/blog\/wp-content\/uploads\/2014\/thumbs\/thumbs_omahan_lahistolla1.jpg\" alt=\"\" \/><\/a><\/p>\n<p style=\"text-align: center;\"><em>Maaseutua Omahan l\u00e4hettyvill\u00e4<\/em><\/p>\n<p style=\"text-align: center;\"><a href=\"\/blog\/wp-content\/uploads\/2014\/big_skies.jpg\"><img decoding=\"async\" style=\"border: 0px none; margin: 5px;\" src=\"\/blog\/wp-content\/uploads\/2014\/big_skies.jpg\" alt=\"\" \/><\/a><\/p>\n<p style=\"text-align: center;\"><em>Loputtomia maissipeltoja<\/em><\/p>\n<p style=\"text-align: justify;\">Hotellissa silmiini iski vierailijoille jaettu varoitus ja toimintaohjeet voimakkaiden myrskyjen varalta. Nebraska on tornadoaluetta, tosin niit\u00e4 n\u00e4hd\u00e4\u00e4n siell\u00e4 harvemmin kuin hieman etel\u00e4mp\u00e4n\u00e4 Kansasissa ja Arkansasissa. Suurempi uhka ovat todella voimakkaat ukkoskuurot jotka saattavat tuoda mukanaan pes\u00e4pallonkin kokoisia raekuuroja. Muutama paikallinen ty\u00f6kaverini kertoikin minulle t\u00e4llaisesta tapauksesta joitain vuosia sitten ja miten se oli aiheuttanut huomattavia peltivaurioita autoille. \ud83d\ude2e<\/p>\n<p style=\"text-align: center;\"><a href=\"\/blog\/wp-content\/uploads\/2014\/vakavan_saan_varoitus.jpg\"><img decoding=\"async\" style=\"border: 0px none; margin: 5px;\" src=\"\/blog\/wp-content\/uploads\/2014\/vakavan_saan_varoitus.jpg\" alt=\"\" \/><\/a><\/p>\n<p style=\"text-align: center;\"><em>Varoitus rankasta s\u00e4\u00e4st\u00e4<\/em><\/p>\n<p style=\"text-align: justify;\">Perjantai kului hotellin l\u00e4heisyydess\u00e4 sijaitsevalla ostoskeskuksella sijaitsevassa <em>Cheesecake Factoryss\u00e4<\/em> ruokaillessa ja v\u00e4h\u00e4n kaupoilla k\u00e4ydess\u00e4. Seuraavana aamuna oli aika l\u00e4hte\u00e4 tutkimaan Omahaa ja otinkin suunnaksi kaupungin keskustan.<\/p>\n<p style=\"text-align: justify;\">Keli oli hyvin vaihteleva ja liikkeell\u00e4 oli hyvin paikallisia voimakkaita sadekuuroja. Niiden kastelemat tiet olivat liukkaat ja er\u00e4\u00e4ss\u00e4 alam\u00e4ess\u00e4 liikennevaloihin pys\u00e4htyess\u00e4ni tunsin \u00e4kki\u00e4 t\u00f6m\u00e4hdyksen autoni per\u00e4\u00e4n. Peilist\u00e4 n\u00e4in miten vanha auto oli kiinni autossani ja mieless\u00e4ni alkoivat vilist\u00e4 ohjeet kolaripaikalla toimimisesta. Vanhaa autoa kuljettanut nuori poika astui autosta ulos ja oli t\u00f6rm\u00e4yksest\u00e4 todella huolissaan. Katsoimme yhdess\u00e4 t\u00f6rm\u00e4yksen j\u00e4lki\u00e4, joita ei kuitenkaan l\u00f6ytynyt kummastakaan autosta. Valkoisen vuokra-autoni muovisessa takapuskurissa ei ollut naarmun naarmua tai edes tahroja t\u00f6rm\u00e4yksest\u00e4, joten p\u00e4\u00e4timme unohtaa tapauksen vahingottomana sattumuksena. Kummatkin meist\u00e4 olivat asiasta ilahtuneita, sill\u00e4 emme joutuneet soittamaan paikalle poliiseja tai miettim\u00e4\u00e4n vakuutustietojen vaihtoa. Minulla oli autossa tietenkin t\u00e4ysvakuutus, mutta siit\u00e4 huolimatta paperity\u00f6 olisi voinut olla tuntien mittainen urakka, joten hyv\u00e4 n\u00e4in.<\/p>\n<p style=\"text-align: justify;\">Jatkoin matkaani Omahan keskustaan jossa suuntasin keskustan vierelt\u00e4 valuvan mahtavan Missouri-joen rantaan. T\u00e4m\u00e4 kuuluisa joki erottaa toisistaan Omahan ja Council Bluffsin kaupungit, joista j\u00e4lkimm\u00e4inen sijaitsee joen vastarannalla Iowan osavaltion puolella. Joen yli kulkee suuri moottoritiesilta sek\u00e4 hieman yl\u00e4juoksun suuntaan pienempi k\u00e4velysilta. Pys\u00e4k\u00f6in auton kadunvarteen ja k\u00e4velin sillalle. T\u00e4st\u00e4 Nebraskan ja Iowan rajalta avautui hieno maisema Omahan keskustaan jossa kohoaa muutama tasaisesta maisemasta hyvin erottuva rakennus. Kaupungin korkein rakennus on 198-metrinen <em>The First National Bank Tower<\/em> pilvenpiirt\u00e4j\u00e4, joka on valmistunut vuonna 2002.<\/p>\n<p style=\"text-align: center;\"><a href=\"\/blog\/wp-content\/uploads\/2014\/silta_yli_missourin4.jpg\"><img decoding=\"async\" style=\"border: 0px none; margin: 5px;\" src=\"\/blog\/wp-content\/uploads\/2014\/thumbs\/thumbs_silta_yli_missourin4.jpg\" alt=\"\" \/><\/a><a href=\"\/blog\/wp-content\/uploads\/2014\/silta_yli_missourin1.jpg\"><img decoding=\"async\" style=\"border: 0px none; margin: 5px;\" src=\"\/blog\/wp-content\/uploads\/2014\/thumbs\/thumbs_silta_yli_missourin1.jpg\" alt=\"\" \/><\/a><a href=\"\/blog\/wp-content\/uploads\/2014\/silta_yli_missourin3.jpg\"><img decoding=\"async\" style=\"border: 0px none; margin: 5px;\" src=\"\/blog\/wp-content\/uploads\/2014\/thumbs\/thumbs_silta_yli_missourin3.jpg\" alt=\"\" \/><\/a><\/p>\n<p style=\"text-align: center;\"><em>K\u00e4velysilta yli Missourin<\/em><\/p>\n<p style=\"text-align: center;\"><a href=\"\/blog\/wp-content\/uploads\/2014\/silta_yli_missourin2.jpg\"><img decoding=\"async\" style=\"border: 0px none; margin: 5px;\" src=\"\/blog\/wp-content\/uploads\/2014\/silta_yli_missourin2.jpg\" alt=\"\" \/><\/a><\/p>\n<p style=\"text-align: center;\"><em>V\u00e4rik\u00e4s sein\u00e4maalaus<\/em><\/p>\n<p style=\"text-align: center;\"><a href=\"\/blog\/wp-content\/uploads\/2014\/nebraska_iowa_rajalla.jpg\"><img decoding=\"async\" style=\"border: 0px none; margin: 5px;\" src=\"\/blog\/wp-content\/uploads\/2014\/nebraska_iowa_rajalla.jpg\" alt=\"\" \/><\/a><\/p>\n<p style=\"text-align: center;\"><em>Rajaviivalla<\/em><\/p>\n<p style=\"text-align: center;\"><a href=\"\/blog\/wp-content\/uploads\/2014\/omaha_panoraama.jpg\"><img decoding=\"async\" style=\"border: 0px none; margin: 5px;\" src=\"\/blog\/wp-content\/uploads\/2014\/omaha_panoraama_pieni.jpg\" alt=\"\" \/><\/a><\/p>\n<p style=\"text-align: center;\"><em>Omaha Iowan puolelta n\u00e4htyn\u00e4<\/em><\/p>\n<p style=\"text-align: justify;\">Hetken aikaa sateista maisemaa ihailtuani jatkoin matkaani takaisin keskustan puolelle, jossa ajelin tyhji\u00e4 katuja. Omaha on periamerikkalainen kaupunki jossa keskusta on l\u00e4hinn\u00e4 ty\u00f6paikka-alue ja ihmiset asuvat omakotitalol\u00e4hi\u00f6iss\u00e4. Keskustassa on siis lauantaiaamuna hyvin hiljaista kun toimistot ovat kiinni.<\/p>\n<p style=\"text-align: center;\"><a href=\"\/blog\/wp-content\/uploads\/2014\/omahan_keskusta1.jpg\"><img decoding=\"async\" style=\"border: 0px none; margin: 5px;\" src=\"\/blog\/wp-content\/uploads\/2014\/omahan_keskusta1.jpg\" alt=\"\" \/><\/a><\/p>\n<p style=\"text-align: center;\"><em>Taideteos Omahan keskustassa<\/em><\/p>\n<p style=\"text-align: center;\"><a href=\"\/blog\/wp-content\/uploads\/2014\/omahan_keskusta4.jpg\"><img decoding=\"async\" style=\"border: 0px none; margin: 5px;\" src=\"\/blog\/wp-content\/uploads\/2014\/thumbs\/thumbs_omahan_keskusta4.jpg\" alt=\"\" \/><\/a><a href=\"\/blog\/wp-content\/uploads\/2014\/omahan_keskusta3.jpg\"><img decoding=\"async\" style=\"border: 0px none; margin: 5px;\" src=\"\/blog\/wp-content\/uploads\/2014\/thumbs\/thumbs_omahan_keskusta3.jpg\" alt=\"\" \/><\/a><a href=\"\/blog\/wp-content\/uploads\/2014\/omahan_keskusta5.jpg\"><img decoding=\"async\" style=\"border: 0px none; margin: 5px;\" src=\"\/blog\/wp-content\/uploads\/2014\/thumbs\/thumbs_omahan_keskusta5.jpg\" alt=\"\" \/><\/a><\/p>\n<p style=\"text-align: center;\"><em>Keskustan hiljaisia katuja<\/em><\/p>\n<p style=\"text-align: center;\"><a href=\"\/blog\/wp-content\/uploads\/2014\/omahan_keskusta6.jpg\"><img decoding=\"async\" style=\"border: 0px none; margin: 5px;\" src=\"\/blog\/wp-content\/uploads\/2014\/thumbs\/thumbs_omahan_keskusta6.jpg\" alt=\"\" \/><\/a><\/p>\n<p style=\"text-align: center;\"><em>Vanhempaa arkkitehtuuria<\/em><\/p>\n<p style=\"text-align: justify;\">Rauhallinen aamu tarjosi hyv\u00e4n tilaisuuden tutkia keskustassa sijaitsevaa suurta <em>Spirit of Nebraska Wilderness<\/em> muistomerkki\u00e4. T\u00e4m\u00e4 pronssista valettu muistomerkki kuvaa 1700-luvun pioneeriaikaa ja Amerikan l\u00e4nnenvalloitusta. Vastaavanlaisia muistomerkkej\u00e4 on monessa muussakin Keskil\u00e4nnen kaupungissa ja ne ovat yleens\u00e4 hienosti tehtyj\u00e4. Pronssinen karavaanisaattue on yksityiskohtia pullollaan ja osa hahmoista todella ilmekk\u00e4it\u00e4 ja el\u00e4v\u00e4isen n\u00e4k\u00f6isi\u00e4. Hieman aiemmin langenneen sateen j\u00e4lkeiset sadepisarat hahmojen iholla tekiv\u00e4t niist\u00e4 mielest\u00e4ni viel\u00e4 normaaliakin aidomman oloisia. \ud83d\ude42<\/p>\n<p style=\"text-align: center;\"><a href=\"\/blog\/wp-content\/uploads\/2014\/karavaanarit8.jpg\"><img decoding=\"async\" style=\"border: 0px none; margin: 5px;\" src=\"\/blog\/wp-content\/uploads\/2014\/thumbs\/thumbs_karavaanarit8.jpg\" alt=\"\" \/><\/a><a href=\"\/blog\/wp-content\/uploads\/2014\/karavaanarit6.jpg\"><img decoding=\"async\" style=\"border: 0px none; margin: 5px;\" src=\"\/blog\/wp-content\/uploads\/2014\/thumbs\/thumbs_karavaanarit6.jpg\" alt=\"\" \/><\/a><a href=\"\/blog\/wp-content\/uploads\/2014\/karavaanarit3.jpg\"><img decoding=\"async\" style=\"border: 0px none; margin: 5px;\" src=\"\/blog\/wp-content\/uploads\/2014\/thumbs\/thumbs_karavaanarit3.jpg\" alt=\"\" \/><\/a><br \/>\n<a href=\"\/blog\/wp-content\/uploads\/2014\/karavaanarit2.jpg\"><img decoding=\"async\" style=\"border: 0px none; margin: 5px;\" src=\"\/blog\/wp-content\/uploads\/2014\/thumbs\/thumbs_karavaanarit2.jpg\" alt=\"\" \/><\/a><a href=\"\/blog\/wp-content\/uploads\/2014\/karavaanarit7.jpg\"><img decoding=\"async\" style=\"border: 0px none; margin: 5px;\" src=\"\/blog\/wp-content\/uploads\/2014\/thumbs\/thumbs_karavaanarit7.jpg\" alt=\"\" \/><\/a><a href=\"\/blog\/wp-content\/uploads\/2014\/karavaanarit1.jpg\"><img decoding=\"async\" style=\"border: 0px none; margin: 5px;\" src=\"\/blog\/wp-content\/uploads\/2014\/thumbs\/thumbs_karavaanarit1.jpg\" alt=\"\" \/><\/a><br \/>\n<a href=\"\/blog\/wp-content\/uploads\/2014\/karavaanarit4.jpg\"><img decoding=\"async\" style=\"border: 0px none; margin: 5px;\" src=\"\/blog\/wp-content\/uploads\/2014\/thumbs\/thumbs_karavaanarit4.jpg\" alt=\"\" \/><\/a><a href=\"\/blog\/wp-content\/uploads\/2014\/karavaanarit5.jpg\"><img decoding=\"async\" style=\"border: 0px none; margin: 5px;\" src=\"\/blog\/wp-content\/uploads\/2014\/thumbs\/thumbs_karavaanarit5.jpg\" alt=\"\" \/><\/a><\/p>\n<p style=\"text-align: center;\"><em>Eritt\u00e4in el\u00e4v\u00e4inen muistomerkki l\u00e4nnen valloituksesta<br \/>\n<\/em><\/p>\n<p style=\"text-align: justify;\">L\u00e4hist\u00f6ll\u00e4 sijaitseva Gene Leahy Mall on kaunis pieni puisto Omahan keskustassa. K\u00e4velin puiston poikki kuvia ottaen ja \u00e4kki\u00e4 ymp\u00e4rill\u00e4ni oli satoja ihmisi\u00e4. Keskustan Old Market nimisell\u00e4 alueella j\u00e4rjestet\u00e4\u00e4n joka lauantai myyj\u00e4iset, jotka houkuttelevat paikalle runsaasti ihmisi\u00e4. N\u00e4ky oli mukavaa vaihtelua tyhjiin katuihin verrattuna.<\/p>\n<p style=\"text-align: center;\"><a href=\"\/blog\/wp-content\/uploads\/2014\/omahan_keskusta2.jpg\"><img decoding=\"async\" style=\"border: 0px none; margin: 5px;\" src=\"\/blog\/wp-content\/uploads\/2014\/thumbs\/thumbs_omahan_keskusta2.jpg\" alt=\"\" \/><\/a><a href=\"\/blog\/wp-content\/uploads\/2014\/omahan_keskusta7.jpg\"><img decoding=\"async\" style=\"border: 0px none; margin: 5px;\" src=\"\/blog\/wp-content\/uploads\/2014\/thumbs\/thumbs_omahan_keskusta7.jpg\" alt=\"\" \/><\/a><\/p>\n<p style=\"text-align: center;\"><em>Gene Leahy Mall<\/em><\/p>\n<p style=\"text-align: center;\"><a href=\"\/blog\/wp-content\/uploads\/2014\/omaha_markkinat2.jpg\"><img decoding=\"async\" style=\"border: 0px none; margin: 5px;\" src=\"\/blog\/wp-content\/uploads\/2014\/thumbs\/thumbs_omaha_markkinat2.jpg\" alt=\"\" \/><\/a><a href=\"\/blog\/wp-content\/uploads\/2014\/omaha_markkinat1.jpg\"><img decoding=\"async\" style=\"border: 0px none; margin: 5px;\" src=\"\/blog\/wp-content\/uploads\/2014\/thumbs\/thumbs_omaha_markkinat1.jpg\" alt=\"\" \/><\/a><\/p>\n<p style=\"text-align: center;\"><em>Markkinahumua<\/em><\/p>\n<p style=\"text-align: justify;\">Hetken aikaa markkinavilin\u00e4\u00e4 katsottuani palasin takaisin hotellille. Illalla k\u00e4vin l\u00e4heisess\u00e4 IMAX-teatterissa katsomassa <a href=\"http:\/\/www.imdb.com\/title\/tt1631867\/\"><em>Edge of Tomorrow<\/em><\/a> toimintaelokuvan, joka oli mielest\u00e4ni kiintoisa ja n\u00e4ytt\u00e4v\u00e4sti toteutettu. Harmi vain ett\u00e4 itse teatteri ei ollut <a href=\"https:\/\/www.vuosiamaailmalla.fi\/?p=3755\">todellinen 70mm IMAX<\/a>, vaan digitaalinen versio pienehk\u00f6ll\u00e4 valkokankaalla, mutta elokuva oli siltikin viihdytt\u00e4v\u00e4. Elokuvan j\u00e4lkeen loppuilta meni hotellilla netti\u00e4 selaillessa ja televisiota katsellessa.<\/p>\n<p style=\"text-align: justify;\">Sunnuntaina ohjelmassa oli Nebraskassa asuvan tiimil\u00e4iseni luona vierailu. T\u00e4m\u00e4 intiasta kotoisin oleva mies oli kutsunut minut kotiinsa miss\u00e4 h\u00e4nen vaimonsa oli valmistanut meille aidon etel\u00e4intialaisen lounaan. Ruoka olikin todella hyv\u00e4\u00e4 ja hyvin erilaista mit\u00e4 normaalissa intialaisessa ravintolassa tarjoillaan. Ruoka oli s\u00e4\u00e4detty vuokseni v\u00e4hemm\u00e4n mausteiseksi ja oli asteikolla 1-10 sellaiset 2-3. Normaalisti perhe nauttii jossain kahdeksikon paikkeilla olevasta tulisuudesta. V\u00e4hemm\u00e4n tulinen ratkaisu oli todella hyv\u00e4, sill\u00e4 nyt tarjoiltu ruoka oli todella miellytt\u00e4v\u00e4n makuista minulle l\u00e4nkk\u00e4rille. \ud83d\ude42<\/p>\n<p style=\"text-align: justify;\">Lounaan j\u00e4lkeen l\u00e4hdimme yhdess\u00e4 katsomaan Omahan suurinta n\u00e4ht\u00e4vyytt\u00e4, <em>Henry Doorly Zoon<\/em> el\u00e4intarhaa. Kyseinen el\u00e4intarha on yksi Amerikan merkitt\u00e4vimpi\u00e4 ja syv\u00e4sti paikallisten lapsiperheiden rakastama. Suuressa el\u00e4intarhasta on yli 17 000 el\u00e4int\u00e4, jotka edustavat 962 eri lajia. Tarhan pinta-ala on 53 hehtaaria ja se sijaitsee Etel\u00e4-Omahassa lyhyen automatkan p\u00e4\u00e4ss\u00e4.<\/p>\n<p style=\"text-align: center;\"><a href=\"\/blog\/wp-content\/uploads\/2014\/omaha_zoo17.jpg\"><img decoding=\"async\" style=\"border: 0px none; margin: 5px;\" src=\"\/blog\/wp-content\/uploads\/2014\/omaha_zoo17.jpg\" alt=\"\" \/><\/a><\/p>\n<p style=\"text-align: center;\"><em>Suosittu Henry Doorly Zoo<\/em><\/p>\n<p style=\"text-align: center;\"><a href=\"\/blog\/wp-content\/uploads\/2014\/omaha_zoo16.jpg\"><img decoding=\"async\" style=\"border: 0px none; margin: 5px;\" src=\"\/blog\/wp-content\/uploads\/2014\/thumbs\/thumbs_omaha_zoo16.jpg\" alt=\"\" \/><\/a><\/p>\n<p style=\"text-align: center;\"><em>Pitk\u00e4kaulainen kirahvi<\/em><\/p>\n<p style=\"text-align: justify;\">Kauniina kes\u00e4sunnuntaina paikalla oli valtavasti v\u00e4ke\u00e4 ja varsinkin lapsiperheit\u00e4 oli ihan ruuhkaksi asti. Katselimme ensiksi perinteisi\u00e4 el\u00e4intarhael\u00e4imi\u00e4 kuten kirahveja sek\u00e4 apinoita. Varsin erikoinen n\u00e4ky oli suurten kultakalojen tungeksiminen pienen tekoj\u00e4rven ylitt\u00e4v\u00e4n sillan alapuolella. Syyn\u00e4 t\u00e4h\u00e4n olivat sillalla kulkevat\u00a0 vierailijat jotka pudottavat sillalta herkkupaloja joista sadat kalat suorastaan taistelevat kesken\u00e4\u00e4n.<\/p>\n<p style=\"text-align: center;\"><a href=\"\/blog\/wp-content\/uploads\/2014\/omaha_gorilla1.jpg\"><img decoding=\"async\" style=\"border: 0px none; margin: 5px;\" src=\"\/blog\/wp-content\/uploads\/2014\/thumbs\/thumbs_omaha_gorilla1.jpg\" alt=\"\" \/><\/a><a href=\"\/blog\/wp-content\/uploads\/2014\/omaha_gorilla2.jpg\"><img decoding=\"async\" style=\"border: 0px none; margin: 5px;\" src=\"\/blog\/wp-content\/uploads\/2014\/thumbs\/thumbs_omaha_gorilla2.jpg\" alt=\"\" \/><\/a><a href=\"\/blog\/wp-content\/uploads\/2014\/omaha_zoo19.jpg\"><img decoding=\"async\" style=\"border: 0px none; margin: 5px;\" src=\"\/blog\/wp-content\/uploads\/2014\/thumbs\/thumbs_omaha_zoo19.jpg\" alt=\"\" \/><\/a><\/p>\n<p style=\"text-align: center;\"><em>Gorillatalon asukkaita<\/em><\/p>\n<p style=\"text-align: center;\"><a href=\"\/blog\/wp-content\/uploads\/2014\/omaha_zoo18.jpg\"><img decoding=\"async\" style=\"border: 0px none; margin: 5px;\" src=\"\/blog\/wp-content\/uploads\/2014\/omaha_zoo18.jpg\" alt=\"\" \/><\/a><\/p>\n<p style=\"text-align: center;\"><em>Yksin\u00e4isen n\u00e4k\u00f6inen gorilla<\/em><\/p>\n<p style=\"text-align: center;\"><a href=\"\/blog\/wp-content\/uploads\/2014\/omaha_zoo12.jpg\"><img decoding=\"async\" style=\"border: 0px none; margin: 5px;\" src=\"\/blog\/wp-content\/uploads\/2014\/thumbs\/thumbs_omaha_zoo12.jpg\" alt=\"\" \/><\/a><a href=\"\/blog\/wp-content\/uploads\/2014\/omaha_zoo6.jpg\"><img decoding=\"async\" style=\"border: 0px none; margin: 5px;\" src=\"\/blog\/wp-content\/uploads\/2014\/thumbs\/thumbs_omaha_zoo6.jpg\" alt=\"\" \/><\/a><\/p>\n<p style=\"text-align: center;\"><em>El\u00e4intarhan el\u00e4imi\u00e4<\/em><\/p>\n<p style=\"text-align: center;\"><a href=\"\/blog\/wp-content\/uploads\/2014\/paljon_kaloja2.jpg\"><img decoding=\"async\" style=\"border: 0px none; margin: 5px;\" src=\"\/blog\/wp-content\/uploads\/2014\/thumbs\/thumbs_paljon_kaloja2.jpg\" alt=\"\" \/><\/a><a href=\"\/blog\/wp-content\/uploads\/2014\/paljon_kaloja3.jpg\"><img decoding=\"async\" style=\"border: 0px none; margin: 5px;\" src=\"\/blog\/wp-content\/uploads\/2014\/thumbs\/thumbs_paljon_kaloja3.jpg\" alt=\"\" \/><\/a><a href=\"\/blog\/wp-content\/uploads\/2014\/paljon_kaloja1.jpg\"><img decoding=\"async\" style=\"border: 0px none; margin: 5px;\" src=\"\/blog\/wp-content\/uploads\/2014\/thumbs\/thumbs_paljon_kaloja1.jpg\" alt=\"\" \/><\/a><\/p>\n<p style=\"text-align: center;\"><em>Taistelu herkkupaloista<\/em><\/p>\n<p style=\"text-align: justify;\">El\u00e4intarhan ymp\u00e4ri kulkee pieni junarata ja sen halkaisee tuolihissi, jotka tarjoavat erilaisen n\u00e4k\u00f6vinkkelin alapuolella laiduntaviin el\u00e4imiin kuten sarvikuonoihin. Kissa- ja gorillataloissa oli my\u00f6s paljon n\u00e4ht\u00e4v\u00e4\u00e4 ja varsinkin tiikereit\u00e4 oli montaa eri lajia.<\/p>\n<p style=\"text-align: center;\"><a href=\"\/blog\/wp-content\/uploads\/2014\/omaha_zoo15.jpg\"><img decoding=\"async\" style=\"border: 0px none; margin: 5px;\" src=\"\/blog\/wp-content\/uploads\/2014\/thumbs\/thumbs_omaha_zoo15.jpg\" alt=\"\" \/><\/a><a href=\"\/blog\/wp-content\/uploads\/2014\/omaha_zoo7.jpg\"><img decoding=\"async\" style=\"border: 0px none; margin: 5px;\" src=\"\/blog\/wp-content\/uploads\/2014\/thumbs\/thumbs_omaha_zoo7.jpg\" alt=\"\" \/><\/a><a href=\"\/blog\/wp-content\/uploads\/2014\/omaha_zoo14.jpg\"><img decoding=\"async\" style=\"border: 0px none; margin: 5px;\" src=\"\/blog\/wp-content\/uploads\/2014\/thumbs\/thumbs_omaha_zoo14.jpg\" alt=\"\" \/><\/a><br \/>\n<a href=\"\/blog\/wp-content\/uploads\/2014\/omaha_zoo11.jpg\"><img decoding=\"async\" style=\"border: 0px none; margin: 5px;\" src=\"\/blog\/wp-content\/uploads\/2014\/thumbs\/thumbs_omaha_zoo11.jpg\" alt=\"\" \/><\/a><a href=\"\/blog\/wp-content\/uploads\/2014\/omaha_zoo9.jpg\"><img decoding=\"async\" style=\"border: 0px none; margin: 5px;\" src=\"\/blog\/wp-content\/uploads\/2014\/thumbs\/thumbs_omaha_zoo9.jpg\" alt=\"\" \/><\/a><\/p>\n<p style=\"text-align: center;\"><em>Erilaisia kulkuneuvoja ja asukkeja<\/em><\/p>\n<p style=\"text-align: justify;\">El\u00e4intarhan sis\u00e4viidakko sek\u00e4 lasisen kupolin alla sijaitseva autiomaa ovat molemmat maailman suurimpia ja tarjoavat esteett\u00f6m\u00e4n n\u00e4kym\u00e4n moniin el\u00e4imiin. El\u00e4intarhan uusimpia vetonauloja on vuonna 2012 uudistettu akvaario, jossa on nyt my\u00f6s hieno vedenalainen tunneli. Vaikka akvaario olikin hieno, ei se tuntunut niin erikoiselta <a href=\"https:\/\/www.vuosiamaailmalla.fi\/?p=3126\">Toronton uuden akvaarion<\/a> j\u00e4lkeen.<\/p>\n<p style=\"text-align: center;\"><a href=\"\/blog\/wp-content\/uploads\/2014\/omaha_zoo20.jpg\"><img decoding=\"async\" style=\"border: 0px none; margin: 5px;\" src=\"\/blog\/wp-content\/uploads\/2014\/thumbs\/thumbs_omaha_zoo20.jpg\" alt=\"\" \/><\/a><a href=\"\/blog\/wp-content\/uploads\/2014\/omaha_zoo22.jpg\"><img decoding=\"async\" style=\"border: 0px none; margin: 5px;\" src=\"\/blog\/wp-content\/uploads\/2014\/thumbs\/thumbs_omaha_zoo22.jpg\" alt=\"\" \/><\/a><a href=\"\/blog\/wp-content\/uploads\/2014\/omaha_zoo21.jpg\"><img decoding=\"async\" style=\"border: 0px none; margin: 5px;\" src=\"\/blog\/wp-content\/uploads\/2014\/thumbs\/thumbs_omaha_zoo21.jpg\" alt=\"\" \/><\/a><\/p>\n<p style=\"text-align: center;\"><em>Viidakko Keskil\u00e4nness\u00e4<\/em><\/p>\n<p style=\"text-align: center;\"><a href=\"\/blog\/wp-content\/uploads\/2014\/omaha_zoo8.jpg\"><img decoding=\"async\" style=\"border: 0px none; margin: 5px;\" src=\"\/blog\/wp-content\/uploads\/2014\/thumbs\/thumbs_omaha_zoo8.jpg\" alt=\"\" \/><\/a><a href=\"\/blog\/wp-content\/uploads\/2014\/omaha_zoo10.jpg\"><img decoding=\"async\" style=\"border: 0px none; margin: 5px;\" src=\"\/blog\/wp-content\/uploads\/2014\/thumbs\/thumbs_omaha_zoo10.jpg\" alt=\"\" \/><\/a><a href=\"\/blog\/wp-content\/uploads\/2014\/omaha_zoo13.jpg\"><img decoding=\"async\" style=\"border: 0px none; margin: 5px;\" src=\"\/blog\/wp-content\/uploads\/2014\/thumbs\/thumbs_omaha_zoo13.jpg\" alt=\"\" \/><\/a><\/p>\n<p style=\"text-align: center;\"><em>Rutikuiva sis\u00e4aavikko<\/em><\/p>\n<p style=\"text-align: center;\"><a href=\"\/blog\/wp-content\/uploads\/2014\/omaha_zoo2.jpg\"><img decoding=\"async\" style=\"border: 0px none; margin: 5px;\" src=\"\/blog\/wp-content\/uploads\/2014\/thumbs\/thumbs_omaha_zoo2.jpg\" alt=\"\" \/><\/a><a href=\"\/blog\/wp-content\/uploads\/2014\/omaha_zoo3.jpg\"><img decoding=\"async\" style=\"border: 0px none; margin: 5px;\" src=\"\/blog\/wp-content\/uploads\/2014\/thumbs\/thumbs_omaha_zoo3.jpg\" alt=\"\" \/><\/a><a href=\"\/blog\/wp-content\/uploads\/2014\/omaha_zoo23.jpg\"><img decoding=\"async\" style=\"border: 0px none; margin: 5px;\" src=\"\/blog\/wp-content\/uploads\/2014\/thumbs\/thumbs_omaha_zoo23.jpg\" alt=\"\" \/><\/a><\/p>\n<p style=\"text-align: center;\"><em>Syvyyksien asukkeja<\/em><\/p>\n<p style=\"text-align: justify;\">Meill\u00e4 vier\u00e4hti el\u00e4intarhassa pari tuntia, mutta aikaa olisi voinut k\u00e4ytt\u00e4\u00e4 paljon enemm\u00e4nkin veikeiden el\u00e4inten seuraamiseen. El\u00e4intarha oli minusta oikein mukava vierailukohde ja onkin helppo ymm\u00e4rt\u00e4\u00e4 miksi se on koko Nebraskan suosituin n\u00e4ht\u00e4vyys.<\/p>\n<p style=\"text-align: center;\"><a href=\"\/blog\/wp-content\/uploads\/2014\/omaha_zoo1.jpg\"><img decoding=\"async\" style=\"border: 0px none; margin: 5px;\" src=\"\/blog\/wp-content\/uploads\/2014\/omaha_zoo1.jpg\" alt=\"\" \/><\/a><\/p>\n<p style=\"text-align: center;\"><em>Pingviini herrasmies<\/em><\/p>\n<p style=\"text-align: center;\"><a href=\"\/blog\/wp-content\/uploads\/2014\/omaha_zoo5.jpg\"><img decoding=\"async\" style=\"border: 0px none; margin: 5px;\" src=\"\/blog\/wp-content\/uploads\/2014\/thumbs\/thumbs_omaha_zoo5.jpg\" alt=\"\" \/><\/a><a href=\"\/blog\/wp-content\/uploads\/2014\/omaha_zoo4.jpg\"><img decoding=\"async\" style=\"border: 0px none; margin: 5px;\" src=\"\/blog\/wp-content\/uploads\/2014\/thumbs\/thumbs_omaha_zoo4.jpg\" alt=\"\" \/><\/a><\/p>\n<p style=\"text-align: center;\"><em>Valkoinen rewantiikeri<\/em><\/p>\n<p style=\"text-align: justify;\">Toinen, huomattavasti hiljaisempia n\u00e4ht\u00e4vyys el\u00e4intarhan l\u00e4hist\u00f6ll\u00e4 on <em>Lauritzen Gardensin<\/em> kasvitieteellinenpuutarha. Ty\u00f6kaverinikaan ei ollut k\u00e4ynyt siell\u00e4 aiemmin, mutta koska sis\u00e4\u00e4np\u00e4\u00e4symaksu oli vain muutaman dollarin, p\u00e4\u00e4timme k\u00e4vell\u00e4 puistoa ristiinrastiin erilaisista asioista keskustellen. Puisto ei ollut n\u00e4in kes\u00e4kuun alussa viel\u00e4 t\u00e4ysin kes\u00e4kunnossa ja se onkin varmasti huomattavasti v\u00e4rikk\u00e4\u00e4mpi my\u00f6hemmin kes\u00e4ll\u00e4 n\u00e4htyn\u00e4.<\/p>\n<p style=\"text-align: center;\"><a href=\"\/blog\/wp-content\/uploads\/2014\/lauritzen_gardens1.jpg\"><img decoding=\"async\" style=\"border: 0px none; margin: 5px;\" src=\"\/blog\/wp-content\/uploads\/2014\/thumbs\/thumbs_lauritzen_gardens1.jpg\" alt=\"\" \/><\/a><a href=\"\/blog\/wp-content\/uploads\/2014\/lauritzen_gardens2.jpg\"><img decoding=\"async\" style=\"border: 0px none; margin: 5px;\" src=\"\/blog\/wp-content\/uploads\/2014\/thumbs\/thumbs_lauritzen_gardens2.jpg\" alt=\"\" \/><\/a><a href=\"\/blog\/wp-content\/uploads\/2014\/lauritzen_gardens6.jpg\"><img decoding=\"async\" style=\"border: 0px none; margin: 5px;\" src=\"\/blog\/wp-content\/uploads\/2014\/thumbs\/thumbs_lauritzen_gardens6.jpg\" alt=\"\" \/><\/a><br \/>\n<a href=\"\/blog\/wp-content\/uploads\/2014\/lauritzen_gardens3.jpg\"><img decoding=\"async\" style=\"border: 0px none; margin: 5px;\" src=\"\/blog\/wp-content\/uploads\/2014\/thumbs\/thumbs_lauritzen_gardens3.jpg\" alt=\"\" \/><\/a><a href=\"\/blog\/wp-content\/uploads\/2014\/lauritzen_gardens7.jpg\"><img decoding=\"async\" style=\"border: 0px none; margin: 5px;\" src=\"\/blog\/wp-content\/uploads\/2014\/thumbs\/thumbs_lauritzen_gardens7.jpg\" alt=\"\" \/><\/a><\/p>\n<p style=\"text-align: center;\"><em>Kaunis Lauritzen Gardensin puutarha<\/em><\/p>\n<p style=\"text-align: center;\"><a href=\"\/blog\/wp-content\/uploads\/2014\/lauritzen_gardens4.jpg\"><img decoding=\"async\" style=\"border: 0px none; margin: 5px;\" src=\"\/blog\/wp-content\/uploads\/2014\/lauritzen_gardens4.jpg\" alt=\"\" \/><\/a><\/p>\n<p style=\"text-align: center;\"><em>Keltaisia ruusuja<\/em><\/p>\n<p style=\"text-align: center;\"><a href=\"\/blog\/wp-content\/uploads\/2014\/lauritzen_gardens5.jpg\"><img decoding=\"async\" style=\"border: 0px none; margin: 5px;\" src=\"\/blog\/wp-content\/uploads\/2014\/lauritzen_gardens5.jpg\" alt=\"\" \/><\/a><\/p>\n<p style=\"text-align: center;\"><em>Vehre\u00e4\u00e4 puutarhaa<\/em><\/p>\n<p style=\"text-align: justify;\">Hauska yksityiskohta puistossa on pienoisjunarata, jonka junat kulkevat kasvuston keskelle rakennettuja puusiljoja ja raiteita pitkin. On helppo kuvitella ett\u00e4 varsinkin lapset nauttivat junien katsomisesta pidemm\u00e4nkin tovin.<\/p>\n<p style=\"text-align: center;\"><a href=\"\/blog\/wp-content\/uploads\/2014\/pienoisrautatie1.jpg\"><img decoding=\"async\" style=\"border: 0px none; margin: 5px;\" src=\"\/blog\/wp-content\/uploads\/2014\/thumbs\/thumbs_pienoisrautatie1.jpg\" alt=\"\" \/><\/a><a href=\"\/blog\/wp-content\/uploads\/2014\/pienoisrautatie2.jpg\"><img decoding=\"async\" style=\"border: 0px none; margin: 5px;\" src=\"\/blog\/wp-content\/uploads\/2014\/thumbs\/thumbs_pienoisrautatie2.jpg\" alt=\"\" \/><\/a><a href=\"\/blog\/wp-content\/uploads\/2014\/pienoisrautatie4.jpg\"><img decoding=\"async\" style=\"border: 0px none; margin: 5px;\" src=\"\/blog\/wp-content\/uploads\/2014\/thumbs\/thumbs_pienoisrautatie4.jpg\" alt=\"\" \/><\/a><\/p>\n<p style=\"text-align: center;\"><em>Junarata puutarhassa<\/em><\/p>\n<p style=\"text-align: center;\"><a href=\"\/blog\/wp-content\/uploads\/2014\/pienoisrautatie3.jpg\"><img decoding=\"async\" style=\"border: 0px none; margin: 5px;\" src=\"\/blog\/wp-content\/uploads\/2014\/pienoisrautatie3.jpg\" alt=\"\" \/><\/a><\/p>\n<p style=\"text-align: center;\"><em>Express-juna<\/em><\/p>\n<p style=\"text-align: justify;\">Mukavan viikonlopun j\u00e4lkeen edess\u00e4 oli paluu arkeen ja kolme ty\u00f6p\u00e4iv\u00e4\u00e4 toimistolla. Asiat kuitenkin sujuivat suunnitellusti ja oli mukava n\u00e4hd\u00e4 monta tuttua kolleegaa ensikertaa kasvotusten. Paluumatkan aika koitti keskiviikkona ja tarkoitukseni oli lent\u00e4\u00e4 iltalennolla Denverin kautta takaisin Vancouveriin. Tapani mukaan olin kent\u00e4ll\u00e4 hyviss\u00e4 ajoin, mutta koneen l\u00e4ht\u00f6 sen kuin my\u00f6h\u00e4styi ja my\u00f6h\u00e4styi. Lopulta alkoi n\u00e4ytt\u00e4\u00e4 selv\u00e4lt\u00e4 ett\u00e4 jonkinlainen ongelma viiv\u00e4stytt\u00e4isi tai jopa peruisi lennon, joka oli p\u00e4iv\u00e4n viimeinen Vancouveriin saakka ylt\u00e4v\u00e4.<\/p>\n<p style=\"text-align: justify;\">Lopulta kolmen tunnin vatvomisen j\u00e4lkeen henkil\u00f6kunta kuulutti lennon peruuntuvan ja pyysi ihmisi\u00e4 luokseen matkaj\u00e4rjestelyjen tekemiseksi. Lennon peruuntuminen oli varmasti selv\u00e4\u00e4 jo paljon aiemmin, mutta arvatenkin jonkinlainen korvaussopimus peruuntuvasta lennosta vaati henkil\u00f6kunnan odottaa m\u00e4\u00e4r\u00e4aikaan saakka ennen siit\u00e4 kuuluttamista ja meid\u00e4n matkustajien ajan haaskaamista. \ud83d\udc7f<\/p>\n<p style=\"text-align: justify;\">Minulla ei ole ollut aiempaa kokemusta lennon peruuntumisesta, mutta <em>United Airlines<\/em> hoiti hyvin uudelleenbookkauksen seuraavan p\u00e4iv\u00e4n lennolle. Olin etuk\u00e4teen ladannut heid\u00e4n appiksensa puhelimelleni matkaani varten ja sainkin sit\u00e4 kautta valita vaihtoehtoisen yhteyteni muutamasta vaihtoehdosta.<\/p>\n<p style=\"text-align: center;\"><a href=\"\/blog\/wp-content\/uploads\/2014\/omahan_lentokentalla.jpg\"><img decoding=\"async\" style=\"border: 0px none; margin: 5px;\" src=\"\/blog\/wp-content\/uploads\/2014\/omahan_lentokentalla.jpg\" alt=\"\" \/><\/a><\/p>\n<p style=\"text-align: center;\"><em>Omahan kent\u00e4ll\u00e4<\/em><\/p>\n<p style=\"text-align: justify;\">Valitettavasti uusi lento l\u00e4hti vasta seuraavana aamuna kello kuudelta, joten edess\u00e4 oli ylim\u00e4\u00e4r\u00e4inen hotelliy\u00f6 Omahassa. Lentoyhti\u00f6n virkailija jakoi ihmisille ilmaiskuponkeja l\u00e4heiseen hotelliin, jossa olin noin kello yksitoista y\u00f6ll\u00e4. Unelle j\u00e4i aikaa vain reilut nelj\u00e4 tuntia ennen paluuta lentokent\u00e4lle. Onneksi pienell\u00e4 kent\u00e4ll\u00e4 h\u00e4ss\u00e4k\u00f6intiin ei kulunut paljoa aikaan ja pian olin kotimatkalla. Ainoa harmi oli ett\u00e4 paluulento ei ollutkaan Denverin kautta vaan vaati vaihtoa Chicagossa, mik\u00e4 tarkoitti tunnin lentoa <em>v\u00e4\u00e4r\u00e4\u00e4n suuntaan<\/em> ja siten kaksi tuntia pidemp\u00e4\u00e4 paluumatkaa. Aikaerosta johtuen olin kuitenkin Vancouverissa pian puolenp\u00e4iv\u00e4n j\u00e4lkeen.<\/p>\n<p style=\"text-align: center;\"><a href=\"\/blog\/wp-content\/uploads\/2014\/keskilannen_ylla.jpg\"><img decoding=\"async\" style=\"border: 0px none; margin: 5px;\" src=\"\/blog\/wp-content\/uploads\/2014\/keskilannen_ylla.jpg\" alt=\"\" \/><\/a><\/p>\n<p style=\"text-align: center;\"><em>Keskil\u00e4nnen tasankoja<\/em><\/p>\n<p style=\"text-align: justify;\">Kaksi viikkoa ty\u00f6matkalla olivat ihan mukavaa vaihtelua ja tarjosivat mahdollisuuden n\u00e4hd\u00e4 <a href=\"https:\/\/www.vuosiamaailmalla.fi\/?p=3097\">Toronto pitk\u00e4st\u00e4 aikaa<\/a> sek\u00e4 uutena kaupunkina Omaha. Kummatkin kaupungit olivat hyvin erilaisia ja v\u00e4hemm\u00e4ntunnettu Omaha huomattavasti Torontoa pienempi. Reissullani oli kuitenkin sopivasti aikaa sek\u00e4 ty\u00f6asioiden hoitamiseen ett\u00e4 molempien kaupunkien tutkimiseen ja ajankohta n\u00e4in alkukes\u00e4st\u00e4 oli mit\u00e4 mainioin.<\/p>\n<p style=\"text-align: justify;\">Seuraavan ty\u00f6matkan ajankohdasta on vaikea sanoa, mutta seuraava matkamme koittaakin ihan kohta puoleen kun Havajin hiekkarannat kutsuvat meit\u00e4! \ud83d\ude1b<\/p>\n<p style=\"text-align: right;\"><em>Matkakertomuksen muut osat l\u00f6ytyv\u00e4t <a href=\"https:\/\/www.vuosiamaailmalla.fi\/?tag=matkakertomus-toronto-ja-omaha\">t\u00e4\u00e4lt\u00e4<\/a>.<\/em><\/p>\n","protected":false},"excerpt":{"rendered":"<p>Jatkoa t\u00e4\u00e4lt\u00e4. Matkakertomuksen muut osat l\u00f6ytyv\u00e4t t\u00e4\u00e4lt\u00e4. Torontossa vietetyn viikon j\u00e4lkeen ty\u00f6matkani jatkui perjantaina p\u00e4iv\u00e4lennolla Chicagon kautta Amerikan puolelle, jossa meill\u00e4 on pieni toimisto Nebraskan osavaltion suurimmassa kaupungissa Omahassa. Omaha on v\u00e4h\u00e4n yli 400 000 asukkaan kaupunki keskell\u00e4 Keskil\u00e4nnen maissipeltoja, noin kahdeksan tunnin ajomatkan p\u00e4\u00e4ss\u00e4 Chicagosta l\u00e4nteen. Ollaan siis todellisilla Amerikan syd\u00e4nmailla ja kaupungin ulkopuolella &hellip; <a href=\"https:\/\/www.vuosiamaailmalla.fi\/blog\/2014\/viikko-kesaisessa-omahassa\/\" class=\"more-link\">Jatka lukemista<span class=\"screen-reader-text\"> &#8221;Viikko kes\u00e4isess\u00e4 Omahassa&#8221;<\/span><\/a><\/p>\n","protected":false},"author":1,"featured_media":10453,"comment_status":"open","ping_status":"open","sticky":false,"template":"","format":"standard","meta":{"_jetpack_memberships_contains_paid_content":false,"footnotes":""},"categories":[3,7,13,890],"tags":[868,384,866,867,736,1747,737,207,11],"class_list":["post-5546","post","type-post","status-publish","format-standard","has-post-thumbnail","hentry","category-arki-ulkomailla","category-matkakertomukset","category-tyoskentely-kanadassa","category-yhdysvallat","tag-amerikan-keskilansi","tag-elaintarha","tag-henry-doorly-zoo","tag-lauritzen-gardens","tag-matkakertomus-toronto-ja-omaha","tag-nebraska","tag-omaha","tag-tyo","tag-matkakertomukset-yhdysvallat"],"jetpack_featured_media_url":"https:\/\/www.vuosiamaailmalla.fi\/blog\/wp-content\/uploads\/omaha_banner.jpg","jetpack_sharing_enabled":true,"_links":{"self":[{"href":"https:\/\/www.vuosiamaailmalla.fi\/blog\/wp-json\/wp\/v2\/posts\/5546","targetHints":{"allow":["GET"]}}],"collection":[{"href":"https:\/\/www.vuosiamaailmalla.fi\/blog\/wp-json\/wp\/v2\/posts"}],"about":[{"href":"https:\/\/www.vuosiamaailmalla.fi\/blog\/wp-json\/wp\/v2\/types\/post"}],"author":[{"embeddable":true,"href":"https:\/\/www.vuosiamaailmalla.fi\/blog\/wp-json\/wp\/v2\/users\/1"}],"replies":[{"embeddable":true,"href":"https:\/\/www.vuosiamaailmalla.fi\/blog\/wp-json\/wp\/v2\/comments?post=5546"}],"version-history":[{"count":1,"href":"https:\/\/www.vuosiamaailmalla.fi\/blog\/wp-json\/wp\/v2\/posts\/5546\/revisions"}],"predecessor-version":[{"id":12912,"href":"https:\/\/www.vuosiamaailmalla.fi\/blog\/wp-json\/wp\/v2\/posts\/5546\/revisions\/12912"}],"wp:featuredmedia":[{"embeddable":true,"href":"https:\/\/www.vuosiamaailmalla.fi\/blog\/wp-json\/wp\/v2\/media\/10453"}],"wp:attachment":[{"href":"https:\/\/www.vuosiamaailmalla.fi\/blog\/wp-json\/wp\/v2\/media?parent=5546"}],"wp:term":[{"taxonomy":"category","embeddable":true,"href":"https:\/\/www.vuosiamaailmalla.fi\/blog\/wp-json\/wp\/v2\/categories?post=5546"},{"taxonomy":"post_tag","embeddable":true,"href":"https:\/\/www.vuosiamaailmalla.fi\/blog\/wp-json\/wp\/v2\/tags?post=5546"}],"curies":[{"name":"wp","href":"https:\/\/api.w.org\/{rel}","templated":true}]}}