{"id":5783,"date":"2015-07-03T13:00:19","date_gmt":"2015-07-03T20:00:19","guid":{"rendered":"http:\/\/13.53.127.146\/?p=5783"},"modified":"2022-09-18T14:28:14","modified_gmt":"2022-09-18T21:28:14","slug":"kesapaiva-geo-katkoilemassa","status":"publish","type":"post","link":"https:\/\/www.vuosiamaailmalla.fi\/blog\/2015\/kesapaiva-geo-katkoilemassa\/","title":{"rendered":"Kes\u00e4p\u00e4iv\u00e4 geok\u00e4tk\u00f6ilem\u00e4ss\u00e4"},"content":{"rendered":"<p style=\"text-align: justify;\">Helteisen s\u00e4\u00e4n jatkuessa jo kolmatta kuukautta ei auta kuin nauttia kelist\u00e4. Viime viikon lauantain s\u00e4\u00e4 ei poikennut linjasta ja l\u00e4hdimme Niinan sek\u00e4 suomalaisen yst\u00e4v\u00e4mme kanssa geok\u00e4tk\u00f6ily retkelle Deltan alueelle. <em>Geocaching<\/em> on maailmanlaajuinen harrastelijoiden piilottamien k\u00e4tk\u00f6jen etsint\u00e4\u00e4n GPS-laitteella perustuva harrastus ja tuttavamme on eritt\u00e4in aktiivinen harrastaja. Me emme ole t\u00e4h\u00e4n harrastukseen niin hurahtaneet, mutta se tarjosi silti hyv\u00e4n syyn viett\u00e4\u00e4 kaunis p\u00e4iv\u00e4 ulkosalla.<\/p>\n<p><!--more--><\/p>\n<p style=\"text-align: justify;\">Ajoimme ensimm\u00e4iseksi Tsawwasseniin, joka on 21 000 asukkaan taajama Deltan etel\u00e4osassa, aivan Point Robertsiin johtavan rajan pinnassa. Olemme Niinan kanssa k\u00e4yneet Tsawwassenissa useasti aiemminkin, sill\u00e4 se on mukava pieni taajama meren \u00e4\u00e4rell\u00e4. Hieno n\u00e4k\u00f6ala merelle sek\u00e4 Vancouver Islandin suuntaan aukeaa pienest\u00e4 <em>Fred Gingell Parkista<\/em>. Emme ole koskaan aiemmin k\u00e4velleet puistosta alas rantaa viev\u00e4\u00e4 polkua, joka vie veden \u00e4\u00e4relle. Maisema alhaalta oli kaunis ja sielt\u00e4 l\u00f6ytyikin ensimm\u00e4inen k\u00e4tk\u00f6. Paluu yl\u00f6s vaatii jonkin verran puuskutusta ja jyrkkien portaiden kipuamista.<\/p>\n<p style=\"text-align: center;\"><a href=\"\/blog\/wp-content\/uploads\/2015\/fred_gingell_park1.jpg\"><img decoding=\"async\" style=\"border: 0px none; margin: 5px;\" src=\"\/blog\/wp-content\/uploads\/2015\/thumbs\/thumbs_fred_gingell_park1.jpg\" alt=\"\" \/><\/a><a href=\"\/blog\/wp-content\/uploads\/2015\/fred_gingell_park2.jpg\"><img decoding=\"async\" style=\"border: 0px none; margin: 5px;\" src=\"\/blog\/wp-content\/uploads\/2015\/thumbs\/thumbs_fred_gingell_park2.jpg\" alt=\"\" \/><\/a><\/p>\n<p style=\"text-align: center;\"><em>Fred Gingell Parkin n\u00e4k\u00f6ala<\/em><\/p>\n<p style=\"text-align: center;\"><a href=\"\/blog\/wp-content\/uploads\/2015\/fred_gingell_park3.jpg\"><img decoding=\"async\" style=\"border: 0px none; margin: 5px;\" src=\"\/blog\/wp-content\/uploads\/2015\/thumbs\/thumbs_fred_gingell_park3.jpg\" alt=\"\" \/><\/a><a href=\"\/blog\/wp-content\/uploads\/2015\/fred_gingell_park4.jpg\"><img decoding=\"async\" style=\"border: 0px none; margin: 5px;\" src=\"\/blog\/wp-content\/uploads\/2015\/thumbs\/thumbs_fred_gingell_park4.jpg\" alt=\"\" \/><\/a><a href=\"\/blog\/wp-content\/uploads\/2015\/fred_gingell_park5.jpg\"><img decoding=\"async\" style=\"border: 0px none; margin: 5px;\" src=\"\/blog\/wp-content\/uploads\/2015\/thumbs\/thumbs_fred_gingell_park5.jpg\" alt=\"\" \/><\/a><\/p>\n<p style=\"text-align: center;\"><em>Kaunis ranta alhaalla<\/em><\/p>\n<p style=\"text-align: center;\"><a href=\"\/blog\/wp-content\/uploads\/2015\/tsawwassenin_paakatu.jpg\"><img decoding=\"async\" style=\"border: 0px none; margin: 5px;\" src=\"\/blog\/wp-content\/uploads\/2015\/tsawwassenin_paakatu.jpg\" alt=\"\" \/><\/a><\/p>\n<p style=\"text-align: center;\"><em>Tsawwassenin p\u00e4\u00e4katu<\/em><\/p>\n<p style=\"text-align: justify;\">Seuraavaksi suuntasimme <em>Boundary Bayhin<\/em>, joka on suuri puisto ja ranta-alue Tsawwassenin keskustan it\u00e4puolella. Puisto on tunnettu siell\u00e4 sijaitsevasta <em>Centennial Beachin<\/em> uimarannasta, joka oli kuumana kes\u00e4p\u00e4iv\u00e4n\u00e4 tupaten t\u00e4ynn\u00e4 ihmisi\u00e4. Ranta on kuitenkin suuri, joten paikasta auringossa ei tarvitse taistella, vaan kaikille on kyll\u00e4 tilaa. Emme k\u00e4yneet uimassa, mutta merivesi oli varmasti mukavan l\u00e4mmint\u00e4. Centennial Beachin ranta nimitt\u00e4in syvenee todella loivasti ja uimasyvyyteen p\u00e4\u00e4sy vaatii satojen metrien p\u00e4\u00e4h\u00e4n kahlaamista. Kaukana vastarannalla sijaitsee <a href=\"https:\/\/www.vuosiamaailmalla.fi\/?p=5019\">White Rock<\/a>, taustallaan aina yht\u00e4 upea <a href=\"https:\/\/www.vuosiamaailmalla.fi\/?p=2965\">valkohuippuinen Mount Baker<\/a>.<\/p>\n<p style=\"text-align: center;\"><a href=\"\/blog\/wp-content\/uploads\/2015\/centennial_beach2.jpg\"><img decoding=\"async\" style=\"border: 0px none; margin: 5px;\" src=\"\/blog\/wp-content\/uploads\/2015\/centennial_beach2.jpg\" alt=\"\" \/><\/a><\/p>\n<p style=\"text-align: center;\"><em>Centennial Beach<\/em><\/p>\n<p style=\"text-align: center;\"><a href=\"\/blog\/wp-content\/uploads\/2015\/centennial_beach1.jpg\"><img decoding=\"async\" style=\"border: 0px none; margin: 5px;\" src=\"\/blog\/wp-content\/uploads\/2015\/thumbs\/thumbs_centennial_beach1.jpg\" alt=\"\" \/><\/a><a href=\"\/blog\/wp-content\/uploads\/2015\/centennial_beach3.jpg\"><img decoding=\"async\" style=\"border: 0px none; margin: 5px;\" src=\"\/blog\/wp-content\/uploads\/2015\/thumbs\/thumbs_centennial_beach3.jpg\" alt=\"\" \/><\/a><a href=\"\/blog\/wp-content\/uploads\/2015\/centennial_beach4.jpg\"><img decoding=\"async\" style=\"border: 0px none; margin: 5px;\" src=\"\/blog\/wp-content\/uploads\/2015\/thumbs\/thumbs_centennial_beach4.jpg\" alt=\"\" \/><\/a><\/p>\n<p style=\"text-align: center;\"><em>Matalarantainen uimaranta<\/em><\/p>\n<p style=\"text-align: justify;\">Uimarannalta l\u00e4htee pitk\u00e4 rantaraitti, jota pitkin k\u00e4velimme hieman matkaa pohjoiseen. Reitin varrella on kymmeni\u00e4 geok\u00e4tk\u00f6j\u00e4, mutta koska olimme k\u00e4vellen liikkeell\u00e4, ker\u00e4simme vain muutaman k\u00e4tk\u00f6n reitin alkup\u00e4\u00e4st\u00e4 ennen autolle paluuta.<\/p>\n<p style=\"text-align: center;\"><a href=\"\/blog\/wp-content\/uploads\/2015\/boundary_bay_park1.jpg\"><img decoding=\"async\" style=\"border: 0px none; margin: 5px;\" src=\"\/blog\/wp-content\/uploads\/2015\/thumbs\/thumbs_boundary_bay_park1.jpg\" alt=\"\" \/><\/a><a href=\"\/blog\/wp-content\/uploads\/2015\/boundary_bay_park2.jpg\"><img decoding=\"async\" style=\"border: 0px none; margin: 5px;\" src=\"\/blog\/wp-content\/uploads\/2015\/thumbs\/thumbs_boundary_bay_park2.jpg\" alt=\"\" \/><\/a><\/p>\n<p style=\"text-align: center;\"><em>Matkalla seuraavalle k\u00e4tk\u00f6lle<\/em><\/p>\n<p style=\"text-align: center;\"><a href=\"\/blog\/wp-content\/uploads\/2015\/boundary_bay_park3.jpg\"><img decoding=\"async\" style=\"border: 0px none; margin: 5px;\" src=\"\/blog\/wp-content\/uploads\/2015\/boundary_bay_park3.jpg\" alt=\"\" \/><\/a><\/p>\n<p style=\"text-align: center;\"><em>Py\u00f6r\u00e4ilij\u00f6it\u00e4 laskuveden paljastamalla rannalla<\/em><\/p>\n<p style=\"text-align: justify;\">Iltap\u00e4iv\u00e4 alkoi jo olla pitk\u00e4ll\u00e4, mutta p\u00e4\u00e4timme viel\u00e4 koukata Pohjois-Deltassa sijaitsevan Deas Islandin kautta. T\u00e4m\u00e4 Fraser Riverin leve\u00e4n etel\u00e4haaran keskell\u00e4 sijaitseva pieni saari on vehre\u00e4 ulkoilualue ja lintujen pesint\u00e4paikka. Varsinkin kev\u00e4\u00e4ll\u00e4 saari on lintubongareiden t\u00e4ytt\u00e4m\u00e4 samaan tapaan kuin hieman l\u00e4nnemp\u00e4n\u00e4 sijaitsevat linnuille kokonaan rauhoitetut saaret.<\/p>\n<p style=\"text-align: center;\"><a href=\"\/blog\/wp-content\/uploads\/2015\/deas_island_kartta.jpg\"><img decoding=\"async\" style=\"border: 0px none; margin: 5px;\" src=\"\/blog\/wp-content\/uploads\/2015\/deas_island_kartta.jpg\" alt=\"\" \/><\/a><\/p>\n<p style=\"text-align: center;\"><em>Pieni Deas Island<\/em><\/p>\n<p style=\"text-align: center;\"><a href=\"\/blog\/wp-content\/uploads\/2015\/deas_island_loop.jpg\"><img decoding=\"async\" style=\"border: 0px none; margin: 5px;\" src=\"\/blog\/wp-content\/uploads\/2015\/thumbs\/thumbs_deas_island_loop.jpg\" alt=\"\" \/><\/a><a href=\"\/blog\/wp-content\/uploads\/2015\/deas_island2.jpg\"><img decoding=\"async\" style=\"border: 0px none; margin: 5px;\" src=\"\/blog\/wp-content\/uploads\/2015\/thumbs\/thumbs_deas_island2.jpg\" alt=\"\" \/><\/a><a href=\"\/blog\/wp-content\/uploads\/2015\/deas_island3.jpg\"><img decoding=\"async\" style=\"border: 0px none; margin: 5px;\" src=\"\/blog\/wp-content\/uploads\/2015\/thumbs\/thumbs_deas_island3.jpg\" alt=\"\" \/><\/a><\/p>\n<p style=\"text-align: center;\"><em>Vehre\u00e4 lintusaari<\/em><\/p>\n<p style=\"text-align: justify;\">Saarella sijaitsee my\u00f6s huonomaineisen <em>George Massey Tunnelin<\/em> etel\u00e4inen suuaukko, joka on jokap\u00e4iv\u00e4inen autoliikenteen pullonkaula. Tunnelin korvaamisesta on puhuttu jo vuosia, sill\u00e4 liian pienen kapasiteetin lis\u00e4ksi tunneli on my\u00f6s hengenvaarallinen <a href=\"https:\/\/www.vuosiamaailmalla.fi\/?p=2041\">suuren maanj\u00e4ristyksen<\/a> sattuessa. Paikalle onkin <a href=\"https:\/\/www.vuosiamaailmalla.fi\/?p=2342\">ehdotettu valtavaa 10-kaistaista siltaa<\/a>, joka nytk\u00e4hti eteenp\u00e4in t\u00e4ll\u00e4 viikolla, kun kerrottiin ett\u00e4 siltasuunnitelma on todellakin hyv\u00e4ksytty 10-kaistaisena. Yli miljardin maksavan uuden sillan rahoitus on kuitenkin edelleen auki, mutta provinssin hallitus on silti optimistinen rahoituksen j\u00e4rjestymiseksi ja sanoo rakennust\u00f6iden alkavan suunnitellusti kahden vuoden p\u00e4\u00e4st\u00e4.<\/p>\n<p style=\"text-align: center;\"><a href=\"\/blog\/wp-content\/uploads\/2015\/george_massey_tunnel3.jpg\"><img decoding=\"async\" style=\"border: 0px none; margin: 5px;\" src=\"\/blog\/wp-content\/uploads\/2015\/thumbs\/thumbs_george_massey_tunnel3.jpg\" alt=\"\" \/><\/a><a href=\"\/blog\/wp-content\/uploads\/2015\/george_massey_tunnel4.jpg\"><img decoding=\"async\" style=\"border: 0px none; margin: 5px;\" src=\"\/blog\/wp-content\/uploads\/2015\/thumbs\/thumbs_george_massey_tunnel4.jpg\" alt=\"\" \/><\/a><a href=\"\/blog\/wp-content\/uploads\/2015\/george_massey_tunnel5.jpg\"><img decoding=\"async\" style=\"border: 0px none; margin: 5px;\" src=\"\/blog\/wp-content\/uploads\/2015\/thumbs\/thumbs_george_massey_tunnel5.jpg\" alt=\"\" \/><\/a><br \/>\n<a href=\"\/blog\/wp-content\/uploads\/2015\/george_massey_tunnel6.jpg\"><img decoding=\"async\" style=\"border: 0px none; margin: 5px;\" src=\"\/blog\/wp-content\/uploads\/2015\/thumbs\/thumbs_george_massey_tunnel6.jpg\" alt=\"\" \/><\/a><a href=\"\/blog\/wp-content\/uploads\/2015\/george_massey_tunnel7.jpg\"><img decoding=\"async\" style=\"border: 0px none; margin: 5px;\" src=\"\/blog\/wp-content\/uploads\/2015\/thumbs\/thumbs_george_massey_tunnel7.jpg\" alt=\"\" \/><\/a><a href=\"\/blog\/wp-content\/uploads\/2015\/george_massey_tunnel9.jpg\"><img decoding=\"async\" style=\"border: 0px none; margin: 5px;\" src=\"\/blog\/wp-content\/uploads\/2015\/thumbs\/thumbs_george_massey_tunnel9.jpg\" alt=\"\" \/><\/a><\/p>\n<p style=\"text-align: center;\"><em>Rutikuivaa maastoa tunnelin ymp\u00e4rill\u00e4<\/em><\/p>\n<p style=\"text-align: center;\"><a href=\"\/blog\/wp-content\/uploads\/2013\/uusi_massey_bridge1.jpg\"><img decoding=\"async\" style=\"border: 0px none; margin: 5px;\" src=\"\/blog\/wp-content\/uploads\/2013\/uusi_massey_bridge1.jpg\" alt=\"\" \/><\/a><\/p>\n<p style=\"text-align: center;\"><em>Havainnekuva uudesta j\u00e4ttisillasta<\/em><\/p>\n<p style=\"text-align: justify;\">Deas Islandilta aukeaa kiintoisa maisema tunnelin suuaukolle ja on kiintoisa yritt\u00e4\u00e4 kuvitella miten valtava uusi noin 60 metrin korkeudelle kohoava siltakansi olisikaan. Silta on tarkoitus rakentaa tarkalleen tunnelin p\u00e4\u00e4lle ja purkaa tunneli sillan valmistuttua. Nykyinen tunneli valmistui vuonna 1959 ja sen avasi <a title=\"Kauan el\u00e4k\u00f6\u00f6n kuningas\" href=\"https:\/\/www.vuosiamaailmalla.fi\/blog\/2022\/kauan-elakoon-kuningas\/\">kuningatar Elisabet II<\/a> tuolloisella vierailullaan Vancouverissa. Tapahtumalle on pystytetty puistoon muistomerkki tunnelin p\u00e4\u00e4lle.<\/p>\n<p style=\"text-align: center;\"><a href=\"\/blog\/wp-content\/uploads\/2015\/tunneli_joen_alla.jpg\"><img decoding=\"async\" style=\"border: 0px none; margin: 5px;\" src=\"\/blog\/wp-content\/uploads\/2015\/thumbs\/thumbs_tunneli_joen_alla.jpg\" alt=\"\" \/><\/a><a href=\"\/blog\/wp-content\/uploads\/2015\/george_massey_tunnel2.jpg\"><img decoding=\"async\" style=\"border: 0px none; margin: 5px;\" src=\"\/blog\/wp-content\/uploads\/2015\/thumbs\/thumbs_george_massey_tunnel2.jpg\" alt=\"\" \/><\/a><\/p>\n<p style=\"text-align: center;\"><em>Tunnelin linjaus ja muistomerkki avajaisille<\/em><\/p>\n<p style=\"text-align: center;\"><a href=\"\/blog\/wp-content\/uploads\/2015\/george_massey_tunnel1.jpg\"><img decoding=\"async\" style=\"border: 0px none; margin: 5px;\" src=\"\/blog\/wp-content\/uploads\/2015\/thumbs\/thumbs_george_massey_tunnel1.jpg\" alt=\"\" \/><\/a><\/p>\n<p style=\"text-align: justify;\">K\u00e4velimme porukassa Deas Islandin etel\u00e4k\u00e4rkeen, jossa on pieni\u00e4 kauniita ilta-auringon s\u00e4vytt\u00e4mi\u00e4 rantoja joiden sopukoissa oli viel\u00e4 muutamia k\u00e4tk\u00f6j\u00e4. Koko saari on kooltaan sangen pieni, mutta saa siell\u00e4 silti kulmaan tunnin verran sen p\u00e4\u00e4st\u00e4 p\u00e4\u00e4h\u00e4n k\u00e4velless\u00e4. Saari on my\u00f6s suosittu paikallisten piknikpaikka ja paikalla olikin suuria seuruteita, jotka n\u00e4yttiv\u00e4t viett\u00e4neen siell\u00e4 koko kes\u00e4p\u00e4iv\u00e4n.<\/p>\n<p style=\"text-align: center;\"><a href=\"\/blog\/wp-content\/uploads\/2015\/deas_island1.jpg\"><img decoding=\"async\" style=\"border: 0px none; margin: 5px;\" src=\"\/blog\/wp-content\/uploads\/2015\/thumbs\/thumbs_deas_island1.jpg\" alt=\"\" \/><\/a><a href=\"\/blog\/wp-content\/uploads\/2015\/deas_island5.jpg\"><img decoding=\"async\" style=\"border: 0px none; margin: 5px;\" src=\"\/blog\/wp-content\/uploads\/2015\/thumbs\/thumbs_deas_island5.jpg\" alt=\"\" \/><\/a><a href=\"\/blog\/wp-content\/uploads\/2015\/deas_island4.jpg\"><img decoding=\"async\" style=\"border: 0px none; margin: 5px;\" src=\"\/blog\/wp-content\/uploads\/2015\/thumbs\/thumbs_deas_island4.jpg\" alt=\"\" \/><\/a><\/p>\n<p style=\"text-align: center;\"><em>Historiallinen rakennus ja vehreit\u00e4 k\u00e4velyreittej\u00e4<\/em><\/p>\n<p style=\"text-align: center;\"><a href=\"\/blog\/wp-content\/uploads\/2015\/deas_island6.jpg\"><img decoding=\"async\" style=\"border: 0px none; margin: 5px;\" src=\"\/blog\/wp-content\/uploads\/2015\/thumbs\/thumbs_deas_island6.jpg\" alt=\"\" \/><\/a><a href=\"\/blog\/wp-content\/uploads\/2015\/deas_island7.jpg\"><img decoding=\"async\" style=\"border: 0px none; margin: 5px;\" src=\"\/blog\/wp-content\/uploads\/2015\/thumbs\/thumbs_deas_island7.jpg\" alt=\"\" \/><\/a><\/p>\n<p style=\"text-align: center;\"><em>Etel\u00e4k\u00e4rjen pieni\u00e4 rantoja<\/em><\/p>\n<p style=\"text-align: justify;\">Kaunis kes\u00e4lauantai oli meist\u00e4 mit\u00e4 mahtavin p\u00e4iv\u00e4 viett\u00e4\u00e4 ulkona ja nauttia n\u00e4ist\u00e4 upeista maisemista. L\u00e4mpim\u00e4ss\u00e4 keliss\u00e4 olisi tehnyt mieli uimaankin, mutta Niina ei viel\u00e4 pysty uimaan <a href=\"https:\/\/www.vuosiamaailmalla.fi\/?p=5121\">katkenneen ranteensa<\/a> kanssa, joten nauttimmekin kes\u00e4isest\u00e4 p\u00e4iv\u00e4st\u00e4 geok\u00e4tk\u00f6j\u00e4 etsiskellen.<\/p>\n","protected":false},"excerpt":{"rendered":"<p>Helteisen s\u00e4\u00e4n jatkuessa jo kolmatta kuukautta ei auta kuin nauttia kelist\u00e4. Viime viikon lauantain s\u00e4\u00e4 ei poikennut linjasta ja l\u00e4hdimme Niinan sek\u00e4 suomalaisen yst\u00e4v\u00e4mme kanssa geok\u00e4tk\u00f6ily retkelle Deltan alueelle. Geocaching on maailmanlaajuinen harrastelijoiden piilottamien k\u00e4tk\u00f6jen etsint\u00e4\u00e4n GPS-laitteella perustuva harrastus ja tuttavamme on eritt\u00e4in aktiivinen harrastaja. Me emme ole t\u00e4h\u00e4n harrastukseen niin hurahtaneet, mutta se tarjosi &hellip; <a href=\"https:\/\/www.vuosiamaailmalla.fi\/blog\/2015\/kesapaiva-geo-katkoilemassa\/\" class=\"more-link\">Jatka lukemista<span class=\"screen-reader-text\"> &#8221;Kes\u00e4p\u00e4iv\u00e4 geok\u00e4tk\u00f6ilem\u00e4ss\u00e4&#8221;<\/span><\/a><\/p>\n","protected":false},"author":1,"featured_media":10955,"comment_status":"open","ping_status":"open","sticky":false,"template":"","format":"standard","meta":{"_jetpack_memberships_contains_paid_content":false,"footnotes":""},"categories":[17,3],"tags":[34,872,873,870,609,1593,608,935,871,442],"class_list":["post-5783","post","type-post","status-publish","format-standard","has-post-thumbnail","hentry","category-arki-kanadassa","category-arki-ulkomailla","tag-arki","tag-boundary-bay","tag-centennial-beach","tag-deas-island","tag-delta","tag-geokatkoily","tag-george-massey-tunnel","tag-kanada","tag-tsawwassen","tag-visioita"],"jetpack_featured_media_url":"https:\/\/www.vuosiamaailmalla.fi\/blog\/wp-content\/uploads\/boundary_bay_park_banner.jpg","jetpack_sharing_enabled":true,"_links":{"self":[{"href":"https:\/\/www.vuosiamaailmalla.fi\/blog\/wp-json\/wp\/v2\/posts\/5783","targetHints":{"allow":["GET"]}}],"collection":[{"href":"https:\/\/www.vuosiamaailmalla.fi\/blog\/wp-json\/wp\/v2\/posts"}],"about":[{"href":"https:\/\/www.vuosiamaailmalla.fi\/blog\/wp-json\/wp\/v2\/types\/post"}],"author":[{"embeddable":true,"href":"https:\/\/www.vuosiamaailmalla.fi\/blog\/wp-json\/wp\/v2\/users\/1"}],"replies":[{"embeddable":true,"href":"https:\/\/www.vuosiamaailmalla.fi\/blog\/wp-json\/wp\/v2\/comments?post=5783"}],"version-history":[{"count":2,"href":"https:\/\/www.vuosiamaailmalla.fi\/blog\/wp-json\/wp\/v2\/posts\/5783\/revisions"}],"predecessor-version":[{"id":12841,"href":"https:\/\/www.vuosiamaailmalla.fi\/blog\/wp-json\/wp\/v2\/posts\/5783\/revisions\/12841"}],"wp:featuredmedia":[{"embeddable":true,"href":"https:\/\/www.vuosiamaailmalla.fi\/blog\/wp-json\/wp\/v2\/media\/10955"}],"wp:attachment":[{"href":"https:\/\/www.vuosiamaailmalla.fi\/blog\/wp-json\/wp\/v2\/media?parent=5783"}],"wp:term":[{"taxonomy":"category","embeddable":true,"href":"https:\/\/www.vuosiamaailmalla.fi\/blog\/wp-json\/wp\/v2\/categories?post=5783"},{"taxonomy":"post_tag","embeddable":true,"href":"https:\/\/www.vuosiamaailmalla.fi\/blog\/wp-json\/wp\/v2\/tags?post=5783"}],"curies":[{"name":"wp","href":"https:\/\/api.w.org\/{rel}","templated":true}]}}