{"id":5914,"date":"2015-07-06T11:38:57","date_gmt":"2015-07-06T18:38:57","guid":{"rendered":"http:\/\/13.53.127.146\/?p=5914"},"modified":"2021-07-01T17:23:28","modified_gmt":"2021-07-02T00:23:28","slug":"savun-peittama-kaupunki","status":"publish","type":"post","link":"https:\/\/www.vuosiamaailmalla.fi\/blog\/2015\/savun-peittama-kaupunki\/","title":{"rendered":"Savun peitt\u00e4m\u00e4 kaupunki"},"content":{"rendered":"<p style=\"text-align: justify;\">Yli kaksi kuukautta jatkunut <a title=\"Kaikkien aikojen enn\u00e4tyshelle\" href=\"https:\/\/www.vuosiamaailmalla.fi\/blog\/2021\/kaikkien-aikojen-ennatyshelle\/\">rutikuiva hellekausi<\/a> on saanut mets\u00e4palot roihuamaan ymp\u00e4ri British Columbiaa. Aktiivisia paloja on t\u00e4ll\u00e4 hetkell\u00e4 ymp\u00e4ri provinssia melkein 200 ja Vancouverin l\u00e4hist\u00f6ll\u00e4kin roihuaa per\u00e4ti nelj\u00e4 suurta mets\u00e4paloa. L\u00e4hin syttyi viikko sitten Secheltin kaupungin l\u00e4hist\u00f6ll\u00e4 <a title=\"Kauniilla Sunshine Coastilla\" href=\"https:\/\/www.vuosiamaailmalla.fi\/?p=8152\">Sunshine Coastilla<\/a> ja toinen on roihunnut syv\u00e4ll\u00e4 <a title=\"Vuoristotie Seton Portageen\" href=\"https:\/\/www.vuosiamaailmalla.fi\/?p=7122\">Pembertonin laaksossa<\/a> jo pari viikkoa. Etel\u00e4st\u00e4 k\u00e4ynyt tuuli on kuitenkin pit\u00e4nyt savun poissa Vancouverista, jossa on nautittu uskomattoman hienoista sinisen taivaan p\u00e4ivist\u00e4 viikkotolkulla.<\/p>\n<p><!--more--><\/p>\n<p style=\"text-align: center;\"><a href=\"\/blog\/wp-content\/uploads\/2015\/metsapalo_satelliitista.jpg\"><img decoding=\"async\" style=\"border: 0px none; margin: 5px;\" src=\"\/blog\/wp-content\/uploads\/2015\/metsapalo_satelliitista.jpg\" alt=\"\" \/><\/a><\/p>\n<p style=\"text-align: center;\"><em>Satelliittikuva sunnuntain paksusta savusta<\/em><\/p>\n<p style=\"text-align: center;\"><a href=\"\/blog\/wp-content\/uploads\/2015\/viimeinen_valo.jpg\"><img decoding=\"async\" style=\"border: 0px none; margin: 5px;\" src=\"\/blog\/wp-content\/uploads\/2015\/thumbs\/thumbs_viimeinen_valo.jpg\" alt=\"\" \/><\/a><a href=\"\/blog\/wp-content\/uploads\/2015\/palava_pilvenpiirtaja1.jpg\"><img decoding=\"async\" style=\"border: 0px none; margin: 5px;\" src=\"\/blog\/wp-content\/uploads\/2015\/thumbs\/thumbs_palava_pilvenpiirtaja1.jpg\" alt=\"\" \/><\/a><\/p>\n<p style=\"text-align: center;\"><em>Et\u00e4inen savun sai rakennukset n\u00e4ytt\u00e4m\u00e4\u00e4n liekehtivilt\u00e4<\/em><\/p>\n<p style=\"text-align: center;\"><a href=\"\/blog\/wp-content\/uploads\/2015\/palava_pilvenpiirtaja2.jpg\"><img decoding=\"async\" style=\"border: 0px none; margin: 5px;\" src=\"\/blog\/wp-content\/uploads\/2015\/thumbs\/thumbs_palava_pilvenpiirtaja2.jpg\" alt=\"\" \/><\/a><\/p>\n<p style=\"text-align: justify;\">Eilen aamulla kaikki kuitenkin muuttui. L\u00e4nnest\u00e4 puhaltanut tuuli her\u00e4tti vancouverilaiset maailmanlopun maisemaan kun koko taivas oli v\u00e4rj\u00e4\u00e4ntynyt tumman keltaiseen savuun, joka muistutti keskiviikkona katsomani uuden <em><a href=\"http:\/\/www.imdb.com\/title\/tt1392190\/\">Mad Max: Fury Road<\/a><\/em> elokuvan maailmanlopun j\u00e4lkeist\u00e4 taivasta! N\u00e4ky saikin monet huolestuneet soittamaan h\u00e4t\u00e4keskukseen, johon tulvi puheluita ruuhkaksi asti. Aamup\u00e4iv\u00e4ll\u00e4 meill\u00e4kin oli talossa paloh\u00e4lytys, kun joku oli haistanut l\u00e4hestyv\u00e4n savun ja luuli sen tulevan rakennuksesta.<\/p>\n<p style=\"text-align: center;\"><a href=\"\/blog\/wp-content\/uploads\/2015\/maailmanlopun_vancouver.jpg\"><img decoding=\"async\" style=\"border: 0px none; margin: 5px;\" src=\"\/blog\/wp-content\/uploads\/2015\/maailmanlopun_vancouver_pieni.jpg\" alt=\"\" \/><\/a><\/p>\n<p style=\"text-align: center;\"><em>Her\u00e4tys tuomiop\u00e4iv\u00e4n maisemaan<\/em><\/p>\n<p style=\"text-align: center;\"><a href=\"\/blog\/wp-content\/uploads\/2015\/maailmanlopun_vancouver_panoraama.jpg\"><img decoding=\"async\" style=\"border: 0px none; margin: 5px;\" src=\"\/blog\/wp-content\/uploads\/2015\/maailmanlopun_vancouver_panoraama_pieni.jpg\" alt=\"\" \/><\/a><\/p>\n<p style=\"text-align: justify;\">Vaikka aamuinen taivas olikin eritt\u00e4in uhkaavan n\u00e4k\u00f6inen, oli savu viel\u00e4 tuolloin korkealla. Keskip\u00e4iv\u00e4ll\u00e4 voimakas tuuli kuitenkin painoi savun maantasolle ja reilussa tunnissa harmaa ja sakea savu valtasi koko kaupungin. N\u00e4ky kaduilla oli iltap\u00e4iv\u00e4ll\u00e4 kuin kiinalaisessa suurkaupungissa ja ulkona oli vaikea hengitt\u00e4\u00e4. Mekin tukimme kaikki v\u00e4liaikaisen asuntomme ikkunat ja ovet, mutta oli melko tuskaista k\u00e4rvistell\u00e4 suljetussa asunnossa samaan aikaan kun ulkona oli +30 astetta.<\/p>\n<p style=\"text-align: center;\"><a href=\"\/blog\/wp-content\/uploads\/2015\/vancouver_savussa.jpg\"><img decoding=\"async\" style=\"border: 0px none; margin: 5px;\" src=\"\/blog\/wp-content\/uploads\/2015\/vancouver_savussa_pieni.jpg\" alt=\"\" \/><\/a><\/p>\n<p style=\"text-align: center;\"><em>Sankka savusumu iltap\u00e4iv\u00e4ll\u00e4 kaupungin yll\u00e4<\/em><\/p>\n<p style=\"text-align: justify;\">Savu oli erityisen hankala <a href=\"https:\/\/www.vuosiamaailmalla.fi\/?p=5528\">naisten jalkapallon maailmanmestaruuskisojen<\/a> finaalille, joka pelattiin Vancouverissa iltap\u00e4iv\u00e4ll\u00e4 Japanin ja Yhdysvaltojen v\u00e4lill\u00e4. Paikalle oli saapunut my\u00f6s Yhdysvaltojen varapresidentti Joe Biden, joka auttoi kymmeni\u00e4tuhansia amerikkalaisia kannustamaan kotijoukkueensa selv\u00e4\u00e4n 5-2 voittoon.<\/p>\n<p style=\"text-align: justify;\">Savu pysyi kaupungin yll\u00e4 koko y\u00f6n ja maanantaiaamuunkin her\u00e4ttiin harmaissa tunnelmissa. Vasta nyt maanantaina keskip\u00e4iv\u00e4ll\u00e4 tuuli on viimein vaihtanut suuntaan ja savu on t\u00e4t\u00e4 kirjoittaessa h\u00e4lvenem\u00e4ss\u00e4. Jonkun muun kiusaksihan se kuitenkin vain siirtyy ja saattaa viel\u00e4 uusien tuulien mukana palatakin, sill\u00e4 sateista ei ole viel\u00e4k\u00e4\u00e4n mink\u00e4\u00e4nlaista varmuutta. Se on vakava tieto, sill\u00e4 n\u00e4it\u00e4 <a title=\"Maailman huonoin ilmanlaatu\" href=\"https:\/\/www.vuosiamaailmalla.fi\/?p=10809\">suuria mets\u00e4paloja<\/a> ei saada sammumaan ilman kunnon sateita.<\/p>\n<p style=\"text-align: center;\"><a href=\"\/blog\/wp-content\/uploads\/2015\/vancouver_yolla_savussa.jpg\"><img decoding=\"async\" style=\"border: 0px none; margin: 5px;\" src=\"\/blog\/wp-content\/uploads\/2015\/vancouver_yolla_savussa_pieni.jpg\" alt=\"\" \/><\/a><\/p>\n<p style=\"text-align: center;\"><em>Tuskaisen savuisa y\u00f6<\/em><\/p>\n<p style=\"text-align: justify;\">Vaikka mets\u00e4palot ovatkin Kanadassa jokakes\u00e4inen kiusa, oli sunnuntainen savusumu poikkeuksellisen sakea ja aiheutti suurta huolta. Edellinen tukalampi mets\u00e4palojen kes\u00e4 koettiin vuonna 2012, kun per\u00e4ti 3500 kilometrin p\u00e4\u00e4ss\u00e4 <a href=\"https:\/\/www.vuosiamaailmalla.fi\/?p=158\">Siperiassa roihunneiden mets\u00e4palojen<\/a> savu kantautui ilmavirtojen matkassa aina Vancouveriin saakka. Siihen n\u00e4hden nyt vain muutaman sadan kilometrin p\u00e4\u00e4ss\u00e4 roihuavat mets\u00e4palot ovat todella paikallisia ja pieni\u00e4, mutta juuri l\u00e4heisyytens\u00e4 vuoksi niin sakeita. Toivoa sopiikin ett\u00e4 sadetta olisi tulossa mahdollisimman pian.<\/p>\n","protected":false},"excerpt":{"rendered":"<p>Yli kaksi kuukautta jatkunut rutikuiva hellekausi on saanut mets\u00e4palot roihuamaan ymp\u00e4ri British Columbiaa. Aktiivisia paloja on t\u00e4ll\u00e4 hetkell\u00e4 ymp\u00e4ri provinssia melkein 200 ja Vancouverin l\u00e4hist\u00f6ll\u00e4kin roihuaa per\u00e4ti nelj\u00e4 suurta mets\u00e4paloa. L\u00e4hin syttyi viikko sitten Secheltin kaupungin l\u00e4hist\u00f6ll\u00e4 Sunshine Coastilla ja toinen on roihunnut syv\u00e4ll\u00e4 Pembertonin laaksossa jo pari viikkoa. Etel\u00e4st\u00e4 k\u00e4ynyt tuuli on kuitenkin pit\u00e4nyt &hellip; <a href=\"https:\/\/www.vuosiamaailmalla.fi\/blog\/2015\/savun-peittama-kaupunki\/\" class=\"more-link\">Jatka lukemista<span class=\"screen-reader-text\"> &#8221;Savun peitt\u00e4m\u00e4 kaupunki&#8221;<\/span><\/a><\/p>\n","protected":false},"author":1,"featured_media":11263,"comment_status":"open","ping_status":"open","sticky":false,"template":"","format":"standard","meta":{"_jetpack_memberships_contains_paid_content":false,"footnotes":""},"categories":[17,3],"tags":[25,34,935,159,875,939,215],"class_list":["post-5914","post","type-post","status-publish","format-standard","has-post-thumbnail","hentry","category-arki-kanadassa","category-arki-ulkomailla","tag-ajankohtaista","tag-arki","tag-kanada","tag-kesa","tag-metsapalo","tag-vancouver","tag-vancouver-yaletown"],"jetpack_featured_media_url":"https:\/\/www.vuosiamaailmalla.fi\/blog\/wp-content\/uploads\/maailmanlopun_vancouver_panoraama_banner.jpg","jetpack_sharing_enabled":true,"_links":{"self":[{"href":"https:\/\/www.vuosiamaailmalla.fi\/blog\/wp-json\/wp\/v2\/posts\/5914","targetHints":{"allow":["GET"]}}],"collection":[{"href":"https:\/\/www.vuosiamaailmalla.fi\/blog\/wp-json\/wp\/v2\/posts"}],"about":[{"href":"https:\/\/www.vuosiamaailmalla.fi\/blog\/wp-json\/wp\/v2\/types\/post"}],"author":[{"embeddable":true,"href":"https:\/\/www.vuosiamaailmalla.fi\/blog\/wp-json\/wp\/v2\/users\/1"}],"replies":[{"embeddable":true,"href":"https:\/\/www.vuosiamaailmalla.fi\/blog\/wp-json\/wp\/v2\/comments?post=5914"}],"version-history":[{"count":4,"href":"https:\/\/www.vuosiamaailmalla.fi\/blog\/wp-json\/wp\/v2\/posts\/5914\/revisions"}],"predecessor-version":[{"id":12318,"href":"https:\/\/www.vuosiamaailmalla.fi\/blog\/wp-json\/wp\/v2\/posts\/5914\/revisions\/12318"}],"wp:featuredmedia":[{"embeddable":true,"href":"https:\/\/www.vuosiamaailmalla.fi\/blog\/wp-json\/wp\/v2\/media\/11263"}],"wp:attachment":[{"href":"https:\/\/www.vuosiamaailmalla.fi\/blog\/wp-json\/wp\/v2\/media?parent=5914"}],"wp:term":[{"taxonomy":"category","embeddable":true,"href":"https:\/\/www.vuosiamaailmalla.fi\/blog\/wp-json\/wp\/v2\/categories?post=5914"},{"taxonomy":"post_tag","embeddable":true,"href":"https:\/\/www.vuosiamaailmalla.fi\/blog\/wp-json\/wp\/v2\/tags?post=5914"}],"curies":[{"name":"wp","href":"https:\/\/api.w.org\/{rel}","templated":true}]}}