{"id":593,"date":"2006-08-28T11:27:48","date_gmt":"2006-08-28T18:27:48","guid":{"rendered":"http:\/\/13.53.127.146\/?p=593"},"modified":"2023-10-19T21:29:01","modified_gmt":"2023-10-20T04:29:01","slug":"kolme-paivaa-lahtoon","status":"publish","type":"post","link":"https:\/\/www.vuosiamaailmalla.fi\/blog\/2006\/kolme-paivaa-lahtoon\/","title":{"rendered":"Kolme p\u00e4iv\u00e4\u00e4 l\u00e4ht\u00f6\u00f6n"},"content":{"rendered":"<p style=\"text-align: justify;\">Hei kaikki ja tervetuloa uuteen blogiini! T\u00e4m\u00e4 on ensimm\u00e4inen kirjoitukseni t\u00e4\u00e4ll\u00e4 ja tulenkin jatkossa kirjoittamaan tulevasta <a title=\"Vaihtarin arkea\" href=\"https:\/\/www.vuosiamaailmalla.fi\/blog\/2006\/vaihtarin-arkea-seka-erikoinen-h-bahn\/\">vaihto-opiskelujaksostamme<\/a> Saksan Dortmundissa, jonne lenn\u00e4mme tytt\u00f6yst\u00e4v\u00e4ni Niinan kanssa torstaina. T\u00e4m\u00e4 tarkoittaa, ett\u00e4 aikaa maailmalle l\u00e4ht\u00f6\u00f6n on t\u00e4t\u00e4 kirjoittaessa en\u00e4\u00e4 vaivaiset kolme vuorokautta!<\/p>\n<p><!--more--><\/p>\n<p style=\"text-align: justify;\"><em>T\u00e4m\u00e4 alkuajan merkitt\u00e4v\u00e4 kirjoitus on julkaistu alun perin vuonna 2006 ja kirjoitettu osin uudelleen lokakuussa 2023.<\/em><\/p>\n<p style=\"text-align: justify;\">Joensuussa asuville tutuille olemme jo heitt\u00e4neet hyv\u00e4stit ja olemme paraikaa t\u00e4\u00e4ll\u00e4 Etel\u00e4-Suomessa omien porukoideni seurassa. Ilmassa on runsaasti haikeutta sek\u00e4 lis\u00e4\u00e4ntyv\u00e4\u00e4 j\u00e4nnityst\u00e4 vatsassa, sill\u00e4 seuraavat p\u00e4iv\u00e4t tulevat olemaan melko j\u00e4nnitt\u00e4v\u00e4t. Torstaina <a title=\"Perill\u00e4 Dortmundissa!\" href=\"https:\/\/www.vuosiamaailmalla.fi\/blog\/2006\/perilla-dortmundissa\/\">lenn\u00e4mme sek\u00e4 majoitumme Dortmundiin<\/a> ja heti seuraavana p\u00e4iv\u00e4n\u00e4 k\u00e4ymme tutustumassa reittiin yliopistolle, jossa alkavat viikon p\u00e4\u00e4st\u00e4 kuukauden mittaiset saksankielen intensiivikurssit. Tiedossa on siis valtavasti uutta n\u00e4ht\u00e4v\u00e4\u00e4 ja koettavaa, mik\u00e4 kielt\u00e4m\u00e4tt\u00e4 j\u00e4nnitt\u00e4\u00e4 rahtusen verran.<\/p>\n<p style=\"text-align: justify;\">Koti-ik\u00e4v\u00e4\u00e4 luo jo ennakkoon tieto siit\u00e4, ett\u00e4 olemme Saksassa heti alkuun 3,5 kuukautta putkeen. Se on pitk\u00e4 aika, sill\u00e4 Joensuustakin on tullut k\u00e4yty\u00e4\u00a0 kotipuolessa noin kuukauden v\u00e4lein. Onneksi nykyisin on olemassa runsaasti viestint\u00e4kanavia kotiin ja yhteydess\u00e4 voi olla vaikka koko ajan. Lis\u00e4ksi meille on tulossa syksyn mittaan vieraita noin <a title=\"Kev\u00e4inen p\u00e4\u00e4si\u00e4isviikonloppu Hannoverissa\" href=\"https:\/\/www.vuosiamaailmalla.fi\/blog\/2007\/kevainen-paasiaisviikonloppu-hannoverissa\/\">kuukauden v\u00e4lein<\/a>, joten tuttuja ihmisi\u00e4 tulee kyll\u00e4 n\u00e4hty\u00e4 (v\u00e4h\u00e4n liiankin?) tiuhaan.<\/p>\n<p style=\"text-align: justify;\">T\u00e4llaiset ovat siis tunnelmamme n\u00e4in l\u00e4hd\u00f6n alla. Tulen kirjoittamaan t\u00e4nne blogiini aina v\u00e4lill\u00e4 ajan salliessa, joten tervetuloa lukemaan <a title=\"El\u00e4m\u00e4mme seikkailu \u2013 10 vuotta maailmalla\" href=\"https:\/\/www.vuosiamaailmalla.fi\/blog\/2016\/elamamme-seikkailu-10-vuotta-maailmalla\/\">el\u00e4m\u00e4st\u00e4mme ulkomailla<\/a>!<\/p>\n","protected":false},"excerpt":{"rendered":"<p>Hei kaikki ja tervetuloa uuteen blogiini! T\u00e4m\u00e4 on ensimm\u00e4inen kirjoitukseni t\u00e4\u00e4ll\u00e4 ja tulenkin jatkossa kirjoittamaan tulevasta vaihto-opiskelujaksostamme Saksan Dortmundissa, jonne lenn\u00e4mme tytt\u00f6yst\u00e4v\u00e4ni Niinan kanssa torstaina. T\u00e4m\u00e4 tarkoittaa, ett\u00e4 aikaa maailmalle l\u00e4ht\u00f6\u00f6n on t\u00e4t\u00e4 kirjoittaessa en\u00e4\u00e4 vaivaiset kolme vuorokautta!<\/p>\n","protected":false},"author":1,"featured_media":0,"comment_status":"open","ping_status":"open","sticky":false,"template":"","format":"standard","meta":{"_jetpack_memberships_contains_paid_content":false,"footnotes":""},"categories":[18,3,5],"tags":[25,34,92,182,190],"class_list":["post-593","post","type-post","status-publish","format-standard","hentry","category-arki-saksassa","category-arki-ulkomailla","category-asuminen-saksassa","tag-ajankohtaista","tag-arki","tag-dortmund","tag-muuttaminen","tag-saksa"],"jetpack_featured_media_url":"","jetpack_sharing_enabled":true,"_links":{"self":[{"href":"https:\/\/www.vuosiamaailmalla.fi\/blog\/wp-json\/wp\/v2\/posts\/593","targetHints":{"allow":["GET"]}}],"collection":[{"href":"https:\/\/www.vuosiamaailmalla.fi\/blog\/wp-json\/wp\/v2\/posts"}],"about":[{"href":"https:\/\/www.vuosiamaailmalla.fi\/blog\/wp-json\/wp\/v2\/types\/post"}],"author":[{"embeddable":true,"href":"https:\/\/www.vuosiamaailmalla.fi\/blog\/wp-json\/wp\/v2\/users\/1"}],"replies":[{"embeddable":true,"href":"https:\/\/www.vuosiamaailmalla.fi\/blog\/wp-json\/wp\/v2\/comments?post=593"}],"version-history":[{"count":2,"href":"https:\/\/www.vuosiamaailmalla.fi\/blog\/wp-json\/wp\/v2\/posts\/593\/revisions"}],"predecessor-version":[{"id":13366,"href":"https:\/\/www.vuosiamaailmalla.fi\/blog\/wp-json\/wp\/v2\/posts\/593\/revisions\/13366"}],"wp:attachment":[{"href":"https:\/\/www.vuosiamaailmalla.fi\/blog\/wp-json\/wp\/v2\/media?parent=593"}],"wp:term":[{"taxonomy":"category","embeddable":true,"href":"https:\/\/www.vuosiamaailmalla.fi\/blog\/wp-json\/wp\/v2\/categories?post=593"},{"taxonomy":"post_tag","embeddable":true,"href":"https:\/\/www.vuosiamaailmalla.fi\/blog\/wp-json\/wp\/v2\/tags?post=593"}],"curies":[{"name":"wp","href":"https:\/\/api.w.org\/{rel}","templated":true}]}}